{"id":226087,"date":"2025-07-04T16:54:11","date_gmt":"2025-07-04T16:54:11","guid":{"rendered":"https:\/\/www.europesays.com\/fr\/226087\/"},"modified":"2025-07-04T16:54:11","modified_gmt":"2025-07-04T16:54:11","slug":"strasbourg-la-mini-foret-immersive-va-sanimer-des-samedi-au-pied-de-la-cathedrale","status":"publish","type":"post","link":"https:\/\/www.europesays.com\/fr\/226087\/","title":{"rendered":"Strasbourg. La (mini-)for\u00eat immersive va s\u2019animer d\u00e8s samedi, au pied de la cath\u00e9drale"},"content":{"rendered":"<p>Depuis plusieurs jours, <a href=\"https:\/\/www.dna.fr\/culture-loisirs\/2025\/05\/28\/cet-ete-une-petite-foret-va-pousser-sur-la-place-du-chateau\" target=\"_blank\" rel=\"nofollow noopener\">les passants ont vu pousser peu la for\u00eat, quelque peu clairsem\u00e9e<\/a> , cr\u00e9\u00e9e par les \u00e9quipes d\u2019Eventeam. Les six arbres en kit \u2013qui ne sont pas sans rappeler les jouets Playmobil\u00ae ou Lego\u00ae\u2013 ont \u00e9t\u00e9 r\u00e9partis sur l\u2019ensemble de la place du Ch\u00e2teau, \u00e0 Strasbourg. Avec ses planches de bois verni et son feuillage artificiel l\u00e9ger, presque a\u00e9rien, le r\u00eaveur y verra les pr\u00e9misses d\u2019une for\u00eat f\u00e9erique. <\/p>\n<p>  Installation sonore immersive<\/p>\n<p>Sans cet effort d\u2019imagination, les esprits chagrins trouveront au contraire \u00e0 redire sur cette installation artistique. Nombre de ces derniers ont encore en t\u00eate le <a href=\"https:\/\/www.dna.fr\/economie\/2023\/07\/08\/l-oeuvre-d-art-ephemere-nemeton-s-est-effondree-place-du-chateau\" target=\"_blank\" rel=\"nofollow noopener\">traumatisme de l\u2019\u0153uvre d\u2019art \u00e9ph\u00e9m\u00e8re Nemeton<\/a> , qui s\u2019\u00e9tait effondr\u00e9e partiellement en 2023. Avec sa canop\u00e9e plut\u00f4t basse et sa construction bien moins \u00e9chevel\u00e9e, \u201cLa For\u00eat\u201d \u2013 qui succ\u00e8de aux <a href=\"https:\/\/www.dna.fr\/culture-loisirs\/2024\/06\/07\/place-du-chateau-fermeture-provisoire-pour-structure-ephemere\" target=\"_blank\" rel=\"nofollow noopener\">voiles des \u00ab\u00a0Pages blanches\u00a0\u00bb<\/a> de l\u2019an dernier \u2013 a toutefois peu de risques de prendre le m\u00eame chemin.<\/p>\n<p>De jour, \u00ab\u00a0la for\u00eat devient le th\u00e9\u00e2tre de grands rendez-vous\u00a0\u00bb. Les Strasbourgeois et les visiteurs pourront \u00ab\u00a0d\u00e9couvrir l\u2019installation sonore et investir l\u2019espace pour vivre des moments en famille ou entre amis\u00a0\u00bb tout au long de l\u2019\u00e9t\u00e9, annonce la Ville. Reste qu\u2019il y fera chaud. Chaque arbuste peinant \u00e0 projeter une ombre apaisante au sol, vu l\u2019\u00e9paisseur minimaliste de son feuillage en aluminium. \u00c0 la nuit tomb\u00e9e, en revanche, \u00ab\u00a0un univers f\u00e9erique se mettra en place, gr\u00e2ce \u00e0 la mise en lumi\u00e8re de l\u2019espace\u00a0\u00bb.<\/p>\n<p>  Spectacle nocturne de 22\u00a0h\u00a013 \u00e0 22\u00a0h\u00a018, puis son et lumi\u00e8re jusqu\u2019\u00e0 minuit<\/p>\n<p>Une douzaine de projecteurs mobiles habilleront la place et les arbres s\u2019illumineront. Il ne faudra pas rater le (court) spectacle musical, puisqu\u2019il est annonc\u00e9 sur le site de la Ville \u00ab\u00a0de 22\u00a0h\u00a013 \u00e0 22\u00a0h\u00a018 tous les soirs\u00a0\u00bb. Dans la foul\u00e9e, du 5\u00a0juillet au 31\u00a0ao\u00fbt, on pourra profiter d\u2019une projection son et lumi\u00e8re de 22\u00a0h\u00a030 \u00e0 minuit, place de la Cath\u00e9drale, sur la fa\u00e7ade occidentale (c\u00f4t\u00e9 rosace). C\u2019est Daniel Knipper, light designer, qui signe la mise en lumi\u00e8re.<\/p>\n<p>Les week-ends, en outre, une programmation qui alterne activit\u00e9s sportives, d\u00e9couvertes artistiques et animations \u00e0 destination des familles et tous les \u00e2ges, sera propos\u00e9e. On y trouvera les vendredis, des activit\u00e9s sportives en apr\u00e8s-midi et du clubbing en soir\u00e9e. Les samedis, du yoga, des activit\u00e9s familiales et danse en journ\u00e9e, et un concert live en soir\u00e9e. Enfin les dimanches, des ateliers avec les acteurs de l\u2019\u00e9conomie sociale et solidaire sont pr\u00e9vus, avec des animations musicales en journ\u00e9e.<\/p>\n","protected":false},"excerpt":{"rendered":"Depuis plusieurs jours, les passants ont vu pousser peu la for\u00eat, quelque peu clairsem\u00e9e , cr\u00e9\u00e9e par les&hellip;\n","protected":false},"author":2,"featured_media":226088,"comment_status":"","ping_status":"","sticky":false,"template":"","format":"standard","meta":{"footnotes":""},"categories":[2820],"tags":[1111,11,1687,2880,27337,1777,674,107,1011,27,775,12,2661,25,3140,640,2879],"class_list":{"0":"post-226087","1":"post","2":"type-post","3":"status-publish","4":"format-standard","5":"has-post-thumbnail","7":"category-strasbourg","8":"tag-actu","9":"tag-actualites","10":"tag-culture-loisirs","11":"tag-edition-strasbourg","12":"tag-estivales","13":"tag-eu","14":"tag-europe","15":"tag-fil-info","16":"tag-fr","17":"tag-france","18":"tag-grand-est","19":"tag-news","20":"tag-patrimoine-culturel","21":"tag-republique-francaise","22":"tag-spectacle","23":"tag-strasbourg","24":"tag-strasbourg-ville"},"share_on_mastodon":{"url":"https:\/\/pubeurope.com\/@fr\/114796014147482784","error":""},"_links":{"self":[{"href":"https:\/\/www.europesays.com\/fr\/wp-json\/wp\/v2\/posts\/226087","targetHints":{"allow":["GET"]}}],"collection":[{"href":"https:\/\/www.europesays.com\/fr\/wp-json\/wp\/v2\/posts"}],"about":[{"href":"https:\/\/www.europesays.com\/fr\/wp-json\/wp\/v2\/types\/post"}],"author":[{"embeddable":true,"href":"https:\/\/www.europesays.com\/fr\/wp-json\/wp\/v2\/users\/2"}],"replies":[{"embeddable":true,"href":"https:\/\/www.europesays.com\/fr\/wp-json\/wp\/v2\/comments?post=226087"}],"version-history":[{"count":0,"href":"https:\/\/www.europesays.com\/fr\/wp-json\/wp\/v2\/posts\/226087\/revisions"}],"wp:featuredmedia":[{"embeddable":true,"href":"https:\/\/www.europesays.com\/fr\/wp-json\/wp\/v2\/media\/226088"}],"wp:attachment":[{"href":"https:\/\/www.europesays.com\/fr\/wp-json\/wp\/v2\/media?parent=226087"}],"wp:term":[{"taxonomy":"category","embeddable":true,"href":"https:\/\/www.europesays.com\/fr\/wp-json\/wp\/v2\/categories?post=226087"},{"taxonomy":"post_tag","embeddable":true,"href":"https:\/\/www.europesays.com\/fr\/wp-json\/wp\/v2\/tags?post=226087"}],"curies":[{"name":"wp","href":"https:\/\/api.w.org\/{rel}","templated":true}]}}