{"id":226093,"date":"2025-07-04T16:57:11","date_gmt":"2025-07-04T16:57:11","guid":{"rendered":"https:\/\/www.europesays.com\/fr\/226093\/"},"modified":"2025-07-04T16:57:11","modified_gmt":"2025-07-04T16:57:11","slug":"le-candidat-de-lentre-soi-perdra-selon-foulques-chombart-de-lauwe","status":"publish","type":"post","link":"https:\/\/www.europesays.com\/fr\/226093\/","title":{"rendered":"\u00ab\u00a0le candidat de l&rsquo;entre-soi perdra\u00a0\u00bb selon Foulques Chombart de Lauwe"},"content":{"rendered":"<p>            Par<br \/>\n        <strong><br \/>\n            <a href=\"https:\/\/actu.fr\/auteur\/thomas-bernard\" title=\"Consulter tous les articles de Thomas Bernard\" target=\"_blank\" rel=\"noopener\">Thomas Bernard<\/a><br \/>\n        <\/strong><\/p>\n<p>        Publi\u00e9 le<\/p>\n<p>            4 juil. 2025 \u00e0 18h24        <\/p>\n<p>Depuis plusieurs semaines, deux candidats veulent repr\u00e9senter la droite nantaise pour les prochaines \u00e9lections municipales 2026\u00a0: <a href=\"https:\/\/actu.fr\/pays-de-la-loire\/nantes_44109\/municipales-2026-reenchanter-nantes-julien-bainvel-candidat-a-la-mairie_62562650.html\" target=\"_blank\" rel=\"noopener\">Julien Bainvel<\/a> et <a href=\"https:\/\/actu.fr\/pays-de-la-loire\/nantes_44109\/municipales-2026-a-nantes-foulques-chombart-de-lauwe-appelle-a-virer-johanna-rolland_62193514.html\" target=\"_blank\" rel=\"noopener\">Foulques Chombart de Lauwe<\/a>. Les deux conseillers municipaux d\u2019opposition ont <strong>\u00e9t\u00e9 auditionn\u00e9s par le bureau d\u00e9partemental du parti Les R\u00e9publicains<\/strong>.<\/p>\n<p class=\" wall-content\">L\u2019instance locale devra ensuite transmettre le nom du candidat \u00e0 la Commission nationale d\u2019investiture (CNI) du parti pr\u00e9sid\u00e9 par Bruno Retailleau. Une commission qui se r\u00e9unira le mardi 8\u00a0juillet.<\/p>\n<p class=\" wall-content\">Dans nos colonnes,<a href=\"https:\/\/actu.fr\/pays-de-la-loire\/nantes_44109\/municipales-2026-a-nantes-a-droite-julien-bainvel-veut-l-union-des-le-premier-tour_62859990.html\" target=\"_blank\" rel=\"noopener\"> Julien Bainvel a fait part de sa confiance quant \u00e0 sa nomination<\/a>. A contrario, Foulques Chombart de Lauwe r\u00e9clame une consultation des adh\u00e9rents LR, en s\u2019appuyant sur l\u2019article\u00a040 des statuts des R\u00e9publicains qui stipule que la CNI est comp\u00e9tente pour \u00ab\u2009attribuer, apr\u00e8s consultation des adh\u00e9rents concern\u00e9s, les investitures ou le soutien du Mouvement aux \u00e9lections municipales <strong>dans les communes de plus de 30\u2009000\u00a0habitants et les chefs-lieux de d\u00e9partement\u2009\u00bb<\/strong>.<\/p>\n<p class=\" wall-content\">Celui qui a <a href=\"https:\/\/actu.fr\/pays-de-la-loire\/nantes_44109\/nantes-apres-johanna-rolland-foulques-chombart-de-lauwe-candidat-a-la-mairie_60198806.html\" target=\"_blank\" rel=\"noopener\">annonc\u00e9 sa candidature en octobre\u00a02023<\/a>, s\u2019est livr\u00e9 \u00e0 actu Nantes. <strong>Foulques Chombart de Lauwe<\/strong> a \u00e9voqu\u00e9 la m\u00e9thode de d\u00e9signation, sa ligne politique et ses divergences avec Julien Bainvel.<\/p>\n<p>\u00ab\u2009Pour gagner une \u00e9lection il faut faire des additions\u2009\u00bb<\/p>\n<p class=\"ac-article-content__question wall-content\"><strong class=\"color-primary\">Actu : <\/strong>Comment s&rsquo;est d\u00e9roul\u00e9e votre audition aupr\u00e8s du bureau d\u00e9partemental du parti des R\u00e9publicains ? <\/p>\n<p class=\" wall-content\"><strong class=\"color-primary\">Foulques Chombart de Lauwe : <\/strong>D&rsquo;autant que je peux en juger, bien. C&rsquo;\u00e9tait une bonne chose que les deux candidats qui pr\u00e9tendent au chef de fil\u00e2t puissent \u00eatre entendus. J&rsquo;\u00e9tais heureux de pouvoir exposer avec calme et conviction les raisons de mon combat. Je n&rsquo;en connais pas l&rsquo;issue. On a abord\u00e9 plusieurs questions et j&rsquo;ai insist\u00e9 sur la question de la ligne politique. Avec Julien (Bainvel, NDLR), nous n&rsquo;avons pas tout \u00e0 fait la m\u00eame strat\u00e9gie ni la m\u00eame ligne politique. Je pense proposer, pour notre famille politique, une campagne qui puisse assumer un bloc de droite qui s&rsquo;assume,  et qui s&rsquo;allie avec un centre assum\u00e9 repr\u00e9sent\u00e9 par Sarah El-Ha\u00efry. Il faut que les couleurs soient claires, pour toucher un spectre de Nantais le plus large possible : qui va de la droite au centre. Et pas avoir une sorte de gloubi-boulga (sic) centriste qui ne semble pas \u00eatre suffisant pour gagner. J&rsquo;ai \u00e9galement rappel\u00e9 l&rsquo;urgence de l&rsquo;organisation d&rsquo;une consultation des militants qui est pr\u00e9vue par nos statuts. <\/p>\n<p>Vid\u00e9os : en ce moment sur Actu<\/p>\n<p class=\"ac-article-content__question wall-content\">Vous parlez de ligne politique et d&rsquo;un large rassemblement allant de la droite au centre. Quelle est votre m\u00e9thode pour rassembler un large spectre de Nantais ? <\/p>\n<p class=\" wall-content\"><strong class=\"color-primary\">FCDL : <\/strong>Pour gagner une \u00e9lection il faut faire des additions. Si vous avez deux candidats centristes, \u00e7a ne fait pas d&rsquo;additions. On a d\u00e9j\u00e0 Sarah El-Ha\u00efry, mais aussi Guillaume Richard qui incarnent le centre-droit avec lequel on va travailler. Si le candidat de la droite est un peu obs\u00e9d\u00e9 par la conqu\u00eate du centre gauche, en fait ils sont tous sur le m\u00eame spectre donc c&rsquo;est une erreur. Ma m\u00e9thode, c&rsquo;est d&rsquo;assumer d&rsquo;\u00eatre un leader incarn\u00e9 \u00e0 droite, qui sait travailler et n\u00e9gocier avec des gens qui sont plus au centre en l&rsquo;occurrence Sarah El-Ha\u00efry et Guillaume Richard. Je pense que c&rsquo;est ce trio qui permettra de toucher un Nantais sur deux et de les convaincre, y compris d&rsquo;ailleurs des d\u00e9\u00e7us de la majorit\u00e9 actuelle. <\/p>\n<p>\u00ab\u2009Pas de l\u00e9gitimit\u00e9 si les adh\u00e9rents ne sont pas consult\u00e9s\u2009\u00bb<\/p>\n<p class=\"ac-article-content__question wall-content\">Depuis le d\u00e9but de votre campagne vous r\u00e9clamez une primaire, ou a minima une consultation des adh\u00e9rents de votre parti. Julien Bainvel a indiqu\u00e9 qu&rsquo;il n&rsquo;y \u00e9tait pas favorable. Qu&rsquo;en pensez-vous ?<\/p>\n<p class=\" wall-content\"><strong class=\"color-primary\">FCDL : <\/strong>J&rsquo;ai propos\u00e9 une primaire ouverte \u00e0 l&rsquo;ensemble de nos familles politiques, \u00e7a a \u00e9t\u00e9 refus\u00e9. J&rsquo;ai propos\u00e9 une primaire ferm\u00e9e r\u00e9serv\u00e9e au LR, il a refus\u00e9. L\u00e0, je propose une consultation des adh\u00e9rents qui est obligatoire de par nos statuts, il refuse. Un militant a propos\u00e9 un d\u00e9bat \u00e0 huis clos entre nous deux, il a refus\u00e9. Je ne comprends pas. Qui a peur de la voix des adh\u00e9rents ? Il n&rsquo;y aura pas de l\u00e9gitimit\u00e9 si les adh\u00e9rents ne sont pas consult\u00e9s. Celui qui sera choisi par les adh\u00e9rents sera puissamment investi. \u00c0 Nantes, on a un candidat qui refuse toutes les modalit\u00e9s qui permettraient de donner la voix aux adh\u00e9rents. Je consid\u00e8re que c&rsquo;est antid\u00e9mocratique, c&rsquo;est pour cela que je me bats. Le candidat de l&rsquo;entre-soi perdra, c&rsquo;est s\u00fbr.  <\/p>\n<p class=\"ac-article-content__question wall-content\">Si les adh\u00e9rents ne sont pas consult\u00e9s et que la CNI investisse Julien Bainvel, continuerez-vous \u00e0 faire campagne ? <\/p>\n<p class=\" wall-content\"><strong class=\"color-primary\">FCDL : <\/strong>Mon intention c&rsquo;est de continuer. Je poserai la question aux militants de mon mouvement Infiniment Nantes. On fera un sondage pour consulter nos potentiels partenaires naturels que sont : le Modem, Horizons et pourquoi pas certains de Renaissance s&rsquo;ils adh\u00e8rent \u00e0 notre socle d&rsquo;id\u00e9es pour que tous ces gens-l\u00e0 se rendent compte que la dynamique de la droite est chez nous. Mais ce n&rsquo;est pas la bonne option. On a la consultation qui nous permet d&rsquo;avoir un candidat l\u00e9gitime et d&rsquo;\u00e9viter une guerre des chefs. Aujourd&rsquo;hui, il y a deux candidats qui pr\u00e9tendent \u00e0 l&rsquo;investiture, c&rsquo;est naturel, ce n&rsquo;est pas un probl\u00e8me \u00e7a s&rsquo;appelle la d\u00e9mocratie.  Les statuts sont faits pour cr\u00e9er de l&rsquo;apaisement. Si la proc\u00e9dure n&rsquo;est pas respect\u00e9e, on s&rsquo;engage dans autre chose. Je ne vois pas de raison pour que la CNI refuse et que le pr\u00e9sident de notre mouvement refuse l&rsquo;organisation d&rsquo;une consultation.<\/p>\n<p class=\"ac-article-content__question wall-content\">Si ces divisions persistent au-del\u00e0 de l&rsquo;\u00e9t\u00e9 cela offre un boulevard \u00e0 la gauche nantaise&#8230;<\/p>\n<p class=\" wall-content\"><strong class=\"color-primary\">FCDL : <\/strong>C&rsquo;est s\u00fbr que \u00e7a ne nous renforce pas. Partir avec le mauvais cheval c&rsquo;est aussi l&rsquo;\u00e9chec assur\u00e9. J&rsquo;estime \u00eatre le bon cheval, je me bats. Il y a une mani\u00e8re apais\u00e9e pour le faire, c&rsquo;est la consultation. Ce n&rsquo;est pas \u00e0 moi de d\u00e9cider, ni \u00e0 Julien, ce sont aux adh\u00e9rents. Si on n&rsquo;est pas capable de convaincre les adh\u00e9rents, on ne convaincra jamais les Nantais. Donc s&rsquo;il (Julien Bainvel, N.D.L.R) a peur des adh\u00e9rents, qu&rsquo;il ne se pr\u00e9sente pas devant les Nantais. <\/p>\n<p class=\" wall-content\">Suivez toute l\u2019actualit\u00e9 de vos villes et m\u00e9dias favoris en vous inscrivant \u00e0 <a href=\"https:\/\/moncompte.actu.fr\" title=\"D\u00e9couvez Mon Actu\" rel=\"nofollow noopener\" data-trk=\"{&quot;cta&quot;:{&quot;action&quot;:&quot;https:\\\/\\\/moncompte.actu.fr&quot;,&quot;category&quot;:&quot;mon compte&quot;,&quot;from&quot;:&quot;article footer&quot;,&quot;name&quot;:&quot;Mon actu&quot;,&quot;type&quot;:&quot;cta&quot;}}\" target=\"_blank\">Mon Actu<\/a>.<\/p>\n","protected":false},"excerpt":{"rendered":"Par Thomas Bernard Publi\u00e9 le 4 juil. 2025 \u00e0 18h24 Depuis plusieurs semaines, deux candidats veulent repr\u00e9senter la&hellip;\n","protected":false},"author":2,"featured_media":226094,"comment_status":"","ping_status":"","sticky":false,"template":"","format":"standard","meta":{"footnotes":""},"categories":[2818],"tags":[1111,11,1013,4188,1777,674,1011,27,8335,3434,766,12,2636,316,25],"class_list":{"0":"post-226093","1":"post","2":"type-post","3":"status-publish","4":"format-standard","5":"has-post-thumbnail","7":"category-nantes","8":"tag-actu","9":"tag-actualites","10":"tag-bruno-retailleau","11":"tag-elections-municipales","12":"tag-eu","13":"tag-europe","14":"tag-fr","15":"tag-france","16":"tag-les-republicains-lr","17":"tag-municipales-2026","18":"tag-nantes","19":"tag-news","20":"tag-pays-de-la-loire","21":"tag-politique","22":"tag-republique-francaise"},"share_on_mastodon":{"url":"https:\/\/pubeurope.com\/@fr\/114796025834013848","error":""},"_links":{"self":[{"href":"https:\/\/www.europesays.com\/fr\/wp-json\/wp\/v2\/posts\/226093","targetHints":{"allow":["GET"]}}],"collection":[{"href":"https:\/\/www.europesays.com\/fr\/wp-json\/wp\/v2\/posts"}],"about":[{"href":"https:\/\/www.europesays.com\/fr\/wp-json\/wp\/v2\/types\/post"}],"author":[{"embeddable":true,"href":"https:\/\/www.europesays.com\/fr\/wp-json\/wp\/v2\/users\/2"}],"replies":[{"embeddable":true,"href":"https:\/\/www.europesays.com\/fr\/wp-json\/wp\/v2\/comments?post=226093"}],"version-history":[{"count":0,"href":"https:\/\/www.europesays.com\/fr\/wp-json\/wp\/v2\/posts\/226093\/revisions"}],"wp:featuredmedia":[{"embeddable":true,"href":"https:\/\/www.europesays.com\/fr\/wp-json\/wp\/v2\/media\/226094"}],"wp:attachment":[{"href":"https:\/\/www.europesays.com\/fr\/wp-json\/wp\/v2\/media?parent=226093"}],"wp:term":[{"taxonomy":"category","embeddable":true,"href":"https:\/\/www.europesays.com\/fr\/wp-json\/wp\/v2\/categories?post=226093"},{"taxonomy":"post_tag","embeddable":true,"href":"https:\/\/www.europesays.com\/fr\/wp-json\/wp\/v2\/tags?post=226093"}],"curies":[{"name":"wp","href":"https:\/\/api.w.org\/{rel}","templated":true}]}}