{"id":226104,"date":"2025-07-04T17:03:09","date_gmt":"2025-07-04T17:03:09","guid":{"rendered":"https:\/\/www.europesays.com\/fr\/226104\/"},"modified":"2025-07-04T17:03:09","modified_gmt":"2025-07-04T17:03:09","slug":"lille-profitez-dune-croisiere-sur-la-deule-en-embarquant-a-bord-de-ce-bateau","status":"publish","type":"post","link":"https:\/\/www.europesays.com\/fr\/226104\/","title":{"rendered":"Lille. Profitez d&rsquo;une croisi\u00e8re sur la De\u00fble en embarquant \u00e0 bord de ce bateau"},"content":{"rendered":"<p>            Par<br \/>\n        <strong><br \/>\n            <a href=\"https:\/\/actu.fr\/auteur\/hervine-mahaud\" title=\"Consulter tous les articles de Hervine Mahaud\" rel=\"nofollow noopener\" target=\"_blank\">Hervine Mahaud<\/a><br \/>\n        <\/strong><\/p>\n<p>        Publi\u00e9 le<\/p>\n<p>            4 juil. 2025 \u00e0 18h28        <\/p>\n<p>Fin juin 2025, une nouvelle activit\u00e9 touristique a \u00e9t\u00e9 lanc\u00e9e pour le plus grand bonheur des moussaillons en herbe. Le <b>bateau-promenade Le Moussaillon<\/b>\u00a0propose des <b>croisi\u00e8res comment\u00e9es<\/b> sur la <b>De\u00fble<\/b>, au d\u00e9part du <b>quai L\u00e9on Jouhaux<\/b>, \u00e0 deux pas de la <b>Citadelle de Lille<\/b>. Il sera possible d\u2019en profiter tout au long de l\u2019\u00e9t\u00e9, et bien au-del\u00e0 : jusqu\u2019au 31 octobre 2025.<\/p>\n<p>Une balade d\u2019une heure au fil de l\u2019eau<\/p>\n<p class=\" wall-content\">Connue pour sa p\u00e9niche \u00e9v\u00e9nementielle <b>L\u2019Eldorado<\/b> amarr\u00e9e \u00e0 Lambersart, Paul M\u00e9dia Espaces d\u00e9veloppe depuis 2016 des activit\u00e9s autour du tourisme fluvial. <a href=\"https:\/\/actu.fr\/hauts-de-france\/lille_59350\/lille-cet-ete-profitez-des-croisieres-en-bateau-mouche-sur-la-deule_61423050.html\" rel=\"nofollow noopener\" target=\"_blank\">Test\u00e9e pendant les <b>JO 2024<\/b>, cette initiative a rapidement s\u00e9duit<\/a>, poussant l\u2019entreprise \u00e0 <b>p\u00e9renniser et d\u00e9velopper ce nouveau service<\/b>.<\/p>\n<p class=\" wall-content\">Pour cette nouvelle saison, c\u2019est un nouveau bateau qui a \u00e9t\u00e9 mis en service pour voguer sur la De\u00fble : Le Moussaillon. \u00c0 bord, Lillois et touristes pourront d\u00e9couvrir la ville autrement, lors de croisi\u00e8res <b>d\u2019une heure<\/b>. Au programme : d\u00e9couverte du patrimoine fluvial, panorama verdoyant et ambiance paisible au c\u0153ur de la ville. Le parcours a \u00e9t\u00e9 con\u00e7u pour valoriser les berges et les richesses naturelles de la De\u00fble.<\/p>\n<p>Ce type d\u2019embed est interdit<br \/>https:\/\/www.instaglram.com\/p\/DLVF_bDogeb\/?hl=fr<\/p>\n<p class=\" wall-content\">Les croisi\u00e8res ont lieu <b>du mardi au dimanche<\/b>, avec plusieurs d\u00e9parts par jour : 11h (uniquement le dimanche), 14h, 15h30, 17h, et 18h30.<\/p>\n<p>Vid\u00e9os : en ce moment sur Actu<\/p>\n<p class=\" wall-content\">Comptez\u00a012 \u20ac pour les adultes (plus de 12 ans), 6 \u20ac pour les enfants (de 3 \u00e0 12 ans). La balade est gratuite pour les moins de 3 ans. Des tarifs pr\u00e9f\u00e9rentiels sont pr\u00e9vus pour les groupes (\u00e0 partir de 15 personnes). Enfin, le bateau est privatisable sur demande. Pour r\u00e9server votre place \u00e0 bord, <a href=\"https:\/\/my.weezevent.com\/le-moussaillon-bateau-promenade\" rel=\"nofollow noopener\" target=\"_blank\">cliquez ici pour \u00eatre redirig\u00e9 vers la billetterie<\/a>.<\/p>\n<p class=\" wall-content\">Bref, une id\u00e9e de sortie originale en famille ou entre amis, et m\u00eame en solo pour profiter de la qui\u00e9tude des bords de De\u00fble.<\/p>\n<p class=\" wall-content\">Suivez toute l\u2019actualit\u00e9 de vos villes et m\u00e9dias favoris en vous inscrivant \u00e0 <a href=\"https:\/\/moncompte.actu.fr\" title=\"D\u00e9couvez Mon Actu\" rel=\"nofollow noopener\" data-trk=\"{&quot;cta&quot;:{&quot;action&quot;:&quot;https:\\\/\\\/moncompte.actu.fr&quot;,&quot;category&quot;:&quot;mon compte&quot;,&quot;from&quot;:&quot;article footer&quot;,&quot;name&quot;:&quot;Mon actu&quot;,&quot;type&quot;:&quot;cta&quot;}}\" target=\"_blank\">Mon Actu<\/a>.<\/p>\n","protected":false},"excerpt":{"rendered":"Par Hervine Mahaud Publi\u00e9 le 4 juil. 2025 \u00e0 18h28 Fin juin 2025, une nouvelle activit\u00e9 touristique a&hellip;\n","protected":false},"author":2,"featured_media":226105,"comment_status":"","ping_status":"","sticky":false,"template":"","format":"standard","meta":{"footnotes":""},"categories":[2815],"tags":[1111,11,1719,1777,674,652,1011,27,811,1307,1652,12,25,602],"class_list":{"0":"post-226104","1":"post","2":"type-post","3":"status-publish","4":"format-standard","5":"has-post-thumbnail","7":"category-lille","8":"tag-actu","9":"tag-actualites","10":"tag-enfants","11":"tag-eu","12":"tag-europe","13":"tag-famille","14":"tag-fr","15":"tag-france","16":"tag-hauts-de-france","17":"tag-lille","18":"tag-loisirs-culture","19":"tag-news","20":"tag-republique-francaise","21":"tag-tourisme"},"share_on_mastodon":{"url":"https:\/\/pubeurope.com\/@fr\/114796049481089393","error":""},"_links":{"self":[{"href":"https:\/\/www.europesays.com\/fr\/wp-json\/wp\/v2\/posts\/226104","targetHints":{"allow":["GET"]}}],"collection":[{"href":"https:\/\/www.europesays.com\/fr\/wp-json\/wp\/v2\/posts"}],"about":[{"href":"https:\/\/www.europesays.com\/fr\/wp-json\/wp\/v2\/types\/post"}],"author":[{"embeddable":true,"href":"https:\/\/www.europesays.com\/fr\/wp-json\/wp\/v2\/users\/2"}],"replies":[{"embeddable":true,"href":"https:\/\/www.europesays.com\/fr\/wp-json\/wp\/v2\/comments?post=226104"}],"version-history":[{"count":0,"href":"https:\/\/www.europesays.com\/fr\/wp-json\/wp\/v2\/posts\/226104\/revisions"}],"wp:featuredmedia":[{"embeddable":true,"href":"https:\/\/www.europesays.com\/fr\/wp-json\/wp\/v2\/media\/226105"}],"wp:attachment":[{"href":"https:\/\/www.europesays.com\/fr\/wp-json\/wp\/v2\/media?parent=226104"}],"wp:term":[{"taxonomy":"category","embeddable":true,"href":"https:\/\/www.europesays.com\/fr\/wp-json\/wp\/v2\/categories?post=226104"},{"taxonomy":"post_tag","embeddable":true,"href":"https:\/\/www.europesays.com\/fr\/wp-json\/wp\/v2\/tags?post=226104"}],"curies":[{"name":"wp","href":"https:\/\/api.w.org\/{rel}","templated":true}]}}