{"id":226108,"date":"2025-07-04T17:05:10","date_gmt":"2025-07-04T17:05:10","guid":{"rendered":"https:\/\/www.europesays.com\/fr\/226108\/"},"modified":"2025-07-04T17:05:10","modified_gmt":"2025-07-04T17:05:10","slug":"le-chef-marseillais-lionel-levy-va-gerer-les-cuisines-du-nouveau-projet-hotelier-de-bendor","status":"publish","type":"post","link":"https:\/\/www.europesays.com\/fr\/226108\/","title":{"rendered":"Le chef marseillais Lionel Levy va g\u00e9rer les cuisines du nouveau projet h\u00f4telier de Bendor"},"content":{"rendered":"<p>On le disait partant pour la C\u00f4te d\u2019Azur. Finalement, c\u2019est bien en Provence que le chef marseillais Lionel Levy va rebondir d\u2019ici la rentr\u00e9e. Il devrait en effet prendre les r\u00eanes de la partie restauration d\u2019un <a href=\"https:\/\/www.laprovence.com\/article\/economie\/60809018430736\/a-bendor-la-societe-paul-ricard-mise-sur-le-tourisme-haut-de-gamme\" target=\"_blank\" rel=\"noopener\">futur projet h\u00f4telier sur l\u2019\u00eele de Bendor<\/a>, au large de Bandol (Var), o\u00f9 il g\u00e9rera aussi bien la table gastronomique que le room-service ou les petits d\u00e9jeuners.<\/p>\n<p>Petite s\u0153ur des Embiez dans les \u00eeles Paul-Ricard, Bendor est un bijou sur lequel Zannier Hotels a lanc\u00e9 au printemps 2024 la construction d\u2019un complexe h\u00f4telier de luxe de 90\u00a0chambres. Le groupe est men\u00e9 par Arnaud Zannier, fils de l\u2019industriel Roger Zannier, par ailleurs \u00e0 la t\u00eate du domaine viticole du ch\u00e2teau Saint-Maur, dans la presqu\u2019\u00eele de Saint-Tropez.<\/p>\n<p>Ouverture pr\u00e9vue en mai\u00a02026<\/p>\n<p>\u00ab\u00a0Je vais commencer sur Bendor en septembre prochain mais l\u2019ouverture au public n\u2019est pas attendue avant mai\u00a02026\u00a0\u00bb, confie le chef Lionel Levy, qui annonce des prestations \u00ab\u00a0tr\u00e8s tr\u00e8s haut de gamme\u00a0\u00bb.<\/p>\n<p>Ancien chef de deux restaurants marseillais \u00e9toil\u00e9s, Une Table au sud (pendant quatorze ans) puis l\u2019Alcyone-Intercontinental (pendant dix ans), Lionel Levy avait quitt\u00e9 toute fonction \u00e0 Marseille au d\u00e9but de l\u2019ann\u00e9e\u00a02024. Apr\u00e8s avoir men\u00e9 une mission de conseil <a href=\"https:\/\/www.laprovence.com\/article\/region\/2121305854895714\/gastronomie-le-marseillais-lionel-levy-devient-directeur-de-la-restauration-dun-groupe-hotelier-occitan\" target=\"_blank\" rel=\"noopener\">aupr\u00e8s du jeune groupe h\u00f4telier biterrois LJ<\/a>, le voil\u00e0 donc de retour aux manettes dans un poste plus op\u00e9rationnel.<\/p>\n<p>\u00c0 53\u00a0ans, il y voit son \u00ab\u00a0dernier gros challenge. Je l\u2019ai accept\u00e9 parce que j\u2019aime l\u2019esprit Ricard, qu\u2019on conna\u00eet tous \u00e0 Marseille, et j\u2019aime aussi l\u2019aspect familial du groupe Zannier\u00a0\u00bb.<\/p>\n","protected":false},"excerpt":{"rendered":"On le disait partant pour la C\u00f4te d\u2019Azur. Finalement, c\u2019est bien en Provence que le chef marseillais Lionel&hellip;\n","protected":false},"author":2,"featured_media":226109,"comment_status":"","ping_status":"","sticky":false,"template":"","format":"standard","meta":{"footnotes":""},"categories":[2814],"tags":[17,1111,11,1102,7818,3012,1777,674,1011,27,11820,151,14920,20871,761,884,12,882,16,25],"class_list":{"0":"post-226108","1":"post","2":"type-post","3":"status-publish","4":"format-standard","5":"has-post-thumbnail","7":"category-marseille","8":"tag-17","9":"tag-actu","10":"tag-actualites","11":"tag-breakingnews","12":"tag-chef","13":"tag-cuisines","14":"tag-eu","15":"tag-europe","16":"tag-fr","17":"tag-france","18":"tag-gerer","19":"tag-les","20":"tag-levy","21":"tag-lionel","22":"tag-marseillais","23":"tag-marseille","24":"tag-news","25":"tag-provence-alpes-cote-dazur","26":"tag-region","27":"tag-republique-francaise"},"share_on_mastodon":{"url":"https:\/\/pubeurope.com\/@fr\/114796057309286274","error":""},"_links":{"self":[{"href":"https:\/\/www.europesays.com\/fr\/wp-json\/wp\/v2\/posts\/226108","targetHints":{"allow":["GET"]}}],"collection":[{"href":"https:\/\/www.europesays.com\/fr\/wp-json\/wp\/v2\/posts"}],"about":[{"href":"https:\/\/www.europesays.com\/fr\/wp-json\/wp\/v2\/types\/post"}],"author":[{"embeddable":true,"href":"https:\/\/www.europesays.com\/fr\/wp-json\/wp\/v2\/users\/2"}],"replies":[{"embeddable":true,"href":"https:\/\/www.europesays.com\/fr\/wp-json\/wp\/v2\/comments?post=226108"}],"version-history":[{"count":0,"href":"https:\/\/www.europesays.com\/fr\/wp-json\/wp\/v2\/posts\/226108\/revisions"}],"wp:featuredmedia":[{"embeddable":true,"href":"https:\/\/www.europesays.com\/fr\/wp-json\/wp\/v2\/media\/226109"}],"wp:attachment":[{"href":"https:\/\/www.europesays.com\/fr\/wp-json\/wp\/v2\/media?parent=226108"}],"wp:term":[{"taxonomy":"category","embeddable":true,"href":"https:\/\/www.europesays.com\/fr\/wp-json\/wp\/v2\/categories?post=226108"},{"taxonomy":"post_tag","embeddable":true,"href":"https:\/\/www.europesays.com\/fr\/wp-json\/wp\/v2\/tags?post=226108"}],"curies":[{"name":"wp","href":"https:\/\/api.w.org\/{rel}","templated":true}]}}