{"id":226120,"date":"2025-07-04T17:11:10","date_gmt":"2025-07-04T17:11:10","guid":{"rendered":"https:\/\/www.europesays.com\/fr\/226120\/"},"modified":"2025-07-04T17:11:10","modified_gmt":"2025-07-04T17:11:10","slug":"cotes-darmor-non-a-la-suppression-des-tgv-paris-lannion","status":"publish","type":"post","link":"https:\/\/www.europesays.com\/fr\/226120\/","title":{"rendered":"C\u00f4tes d&rsquo;Armor. \u00ab\u00a0Non \u00e0 la suppression des TGV Paris-Lannion !\u00a0\u00bb"},"content":{"rendered":"<p>            Par<br \/>\n        <strong><br \/>\n            <a href=\"https:\/\/actu.fr\/auteur\/david-kerherve\" title=\"Consulter tous les articles de David Kerherv\u00e9\" target=\"_blank\" rel=\"noopener\">David Kerherv\u00e9<\/a><br \/>\n        <\/strong><\/p>\n<p>        Publi\u00e9 le<\/p>\n<p>            4 juil. 2025 \u00e0 18h39        <\/p>\n<p>Vendredi 4\u00a0juillet, pass\u00e9 17\u2009h, ils sont presque une petite centaine \u00e0 s\u2019\u00eatre retrouv\u00e9s sur le parvis de la gare \u00e0 Lannion \u00e0 l\u2019appel de la <b>mobilisation g\u00e9n\u00e9rale du comit\u00e9 de d\u00e9fense des gares de Lannion et de Plouaret-Tr\u00e9gor.<\/b><\/p>\n<p>Pas un mot de la SNCF<\/p>\n<p class=\" wall-content\">Parmi les \u00e9lus pr\u00e9sents, <b>Annie Bras-Denis<\/b>.<\/p>\n<blockquote class=\"ac-article-quote wall-content\">\n<p>\u00ab\u2009Quand on devient maire de Plouaret, on devient aussi pr\u00e9sidente du comit\u00e9 et pr\u00eate \u00e0 s\u2019allonger sur les rails s\u2019il le faut, \u00e7a fait partie du package.\u2009\u00bb<\/p>\n<\/blockquote>\n<p class=\" wall-content\">Le ton est jovial mais d\u00e9termin\u00e9, \u00e0 l\u2019instar de celui de Roland Geffroy, secr\u00e9taire du m\u00eame comit\u00e9 qui milite contre la suppression l\u2019\u00e9t\u00e9 de deux allers-retours<b> direct entre Paris et Lannion.<\/b><\/p>\n<blockquote class=\"ac-article-quote wall-content\">\n<p>\u00ab\u2009Notre premi\u00e8re demande, plut\u00f4t exigence, est d\u2019obtenir \u00e0 notre courrier enfin une r\u00e9ponse de la SNCF, pour nous expliquer pourquoi une telle d\u00e9cision a \u00e9t\u00e9 prise en catimini. Et jusque-l\u00e0, pas un mot\u2009!\u2009\u00bb.<\/p>\n<\/blockquote>\n<p>\u00ab\u2009\u00c7a doit bouger\u2009!\u2009\u00bb<\/p>\n<p class=\" wall-content\">\u00ab\u2009Face \u00e0 cette situation tr\u00e8s p\u00e9nalisante d\u00e9gradant fortement la desserte du Tr\u00e9gor les vendredis et les dimanches, jours de forte demande, nous demandons instamment le r\u00e9tablissement de ces circulations\u2009\u00bb, peut-on lire dans ce courrier post\u00e9 en f\u00e9vrier, soutenu par la mairie et l\u2019agglo.<\/p>\n<p>Vid\u00e9os : en ce moment sur Actu<\/p>\n<p class=\" wall-content\">Roland Geffroy se veut n\u00e9anmoins optimiste\u2009:<\/p>\n<blockquote class=\"ac-article-quote wall-content\">\n<p>\u00ab\u2009\u00c7a doit bouger\u2009! La SNCF ne pourra pas ne pas r\u00e9pondre \u00e0 ce courrier et doit programmer une rencontre\u2009\u00bb.<\/p>\n<\/blockquote>\n<p>Une p\u00e9tition<\/p>\n<p class=\" wall-content\">Dans l\u2019attente, et d\u00e8s la fin de la mobilisation du jour, le comit\u00e9 de comit\u00e9 de d\u00e9fense des gares du Tr\u00e9gor va se r\u00e9unir pour de nouveaux plans d\u2019action. Une p\u00e9tition \u00ab<a href=\"https:\/\/www.change.org\/p\/le-tgv-pour-le-tr%C3%A9gor-d%C3%A9gradations-inadmissibles-de-la-desserte-tgv-de-lannion\" target=\"_blank\" rel=\"noopener\"><b>\u2009Le TGV pour le Tr\u00e9gor<\/b><\/a>\u2009\u00bb circule dans les mairies, sur les march\u00e9s, et en ligne.<\/p>\n<p class=\" wall-content\">Suivez toute l\u2019actualit\u00e9 de vos villes et m\u00e9dias favoris en vous inscrivant \u00e0 <a href=\"https:\/\/moncompte.actu.fr\" title=\"D\u00e9couvez Mon Actu\" rel=\"nofollow noopener\" data-trk=\"{&quot;cta&quot;:{&quot;action&quot;:&quot;https:\\\/\\\/moncompte.actu.fr&quot;,&quot;category&quot;:&quot;mon compte&quot;,&quot;from&quot;:&quot;article footer&quot;,&quot;name&quot;:&quot;Mon actu&quot;,&quot;type&quot;:&quot;cta&quot;}}\" target=\"_blank\">Mon Actu<\/a>.<\/p>\n","protected":false},"excerpt":{"rendered":"Par David Kerherv\u00e9 Publi\u00e9 le 4 juil. 2025 \u00e0 18h39 Vendredi 4\u00a0juillet, pass\u00e9 17\u2009h, ils sont presque une&hellip;\n","protected":false},"author":2,"featured_media":226121,"comment_status":"","ping_status":"","sticky":false,"template":"","format":"standard","meta":{"footnotes":""},"categories":[1888],"tags":[1111,1928,11,1927,1777,674,1011,27,1272,12,1926,626,1925,25,2215,104],"class_list":{"0":"post-226120","1":"post","2":"type-post","3":"status-publish","4":"format-standard","5":"has-post-thumbnail","7":"category-paris","8":"tag-actu","9":"tag-actu-paris","10":"tag-actualites","11":"tag-actualites-paris","12":"tag-eu","13":"tag-europe","14":"tag-fr","15":"tag-france","16":"tag-manifestations","17":"tag-news","18":"tag-news-paris","19":"tag-paris","20":"tag-paris-news","21":"tag-republique-francaise","22":"tag-sncf","23":"tag-societe"},"share_on_mastodon":{"url":"https:\/\/pubeurope.com\/@fr\/114796080905133525","error":""},"_links":{"self":[{"href":"https:\/\/www.europesays.com\/fr\/wp-json\/wp\/v2\/posts\/226120","targetHints":{"allow":["GET"]}}],"collection":[{"href":"https:\/\/www.europesays.com\/fr\/wp-json\/wp\/v2\/posts"}],"about":[{"href":"https:\/\/www.europesays.com\/fr\/wp-json\/wp\/v2\/types\/post"}],"author":[{"embeddable":true,"href":"https:\/\/www.europesays.com\/fr\/wp-json\/wp\/v2\/users\/2"}],"replies":[{"embeddable":true,"href":"https:\/\/www.europesays.com\/fr\/wp-json\/wp\/v2\/comments?post=226120"}],"version-history":[{"count":0,"href":"https:\/\/www.europesays.com\/fr\/wp-json\/wp\/v2\/posts\/226120\/revisions"}],"wp:featuredmedia":[{"embeddable":true,"href":"https:\/\/www.europesays.com\/fr\/wp-json\/wp\/v2\/media\/226121"}],"wp:attachment":[{"href":"https:\/\/www.europesays.com\/fr\/wp-json\/wp\/v2\/media?parent=226120"}],"wp:term":[{"taxonomy":"category","embeddable":true,"href":"https:\/\/www.europesays.com\/fr\/wp-json\/wp\/v2\/categories?post=226120"},{"taxonomy":"post_tag","embeddable":true,"href":"https:\/\/www.europesays.com\/fr\/wp-json\/wp\/v2\/tags?post=226120"}],"curies":[{"name":"wp","href":"https:\/\/api.w.org\/{rel}","templated":true}]}}