{"id":226122,"date":"2025-07-04T17:12:11","date_gmt":"2025-07-04T17:12:11","guid":{"rendered":"https:\/\/www.europesays.com\/fr\/226122\/"},"modified":"2025-07-04T17:12:11","modified_gmt":"2025-07-04T17:12:11","slug":"paris-recule-la-menace-des-tarifs-incite-a-la-prudence-04-07-2025-a-1805","status":"publish","type":"post","link":"https:\/\/www.europesays.com\/fr\/226122\/","title":{"rendered":"Paris: recule, la menace des tarifs incite \u00e0 la prudence &#8211; 04\/07\/2025 \u00e0 18:05"},"content":{"rendered":"<p>                                                                (CercleFinance.com) &#8211; La Bourse de Paris ach\u00e8ve la s\u00e9ance sur un repli de 0,75 %, \u00e0 7 696 points, p\u00e9nalis\u00e9e par Teleperformance (-2,5 %), Publicis (-2,3 %) ou encore BNP Paribas (-2,2 %).<br \/>\n<br \/>L&rsquo;indice parisien termine la semaine sur une performance hebdomadaire des plus modestes : 0 %, ce qui reste mieux que l&rsquo;Euro Stoxx 50 (-0,6 %) ou le DAX (-0,9 %).<br \/>\n<br \/>Les investisseurs europ\u00e9ens ont d\u00fb composer avec l&rsquo;absence des intervenants am\u00e9ricains, en cong\u00e9 aujourd&rsquo;hui pour cause d&rsquo;Independence Day, limitant les prises d&rsquo;initiative.<\/p>\n<p>Le feu vert donn\u00e9 hier par la Chambre des repr\u00e9sentants au projet de budget voulu par Donald Trump &#8211; le &lsquo; Big Beautiful Bill &lsquo; &#8211; a lev\u00e9 un obstacle majeur pour le pr\u00e9sident am\u00e9ricain, qui pourrait d\u00e9sormais recentrer son attention sur le commerce international.\n<\/p>\n<p>D\u00e9sormais d\u00e9gag\u00e9 sur le front int\u00e9rieur, Trump a laiss\u00e9 entendre qu&rsquo;un nouveau train de &lsquo; tarifs r\u00e9ciproques &lsquo; pourrait \u00eatre annonc\u00e9 dans les prochains jours, avec une entr\u00e9e en vigueur potentielle d\u00e8s le 1er ao\u00fbt.\n<\/p>\n<p>Il pourrait m\u00eame d\u00e9voiler aujourd&rsquo;hui &#8211; c&rsquo;est un moment symbolique &#8211; le taux de droits de douane qu&rsquo;il compte imposer, ou infliger, aux pays europ\u00e9ens.<br \/>\n<br \/>Les analystes de Danske Bank indiquent que &lsquo; Trump va maintenant pouvoir de nouveau se tourner vers le commerce et se montrer plus dur envers ses partenaires &lsquo;.<br \/>\n<br \/>Les investisseurs commencent par ailleurs \u00e0 se pr\u00e9parer \u00e0 une nouvelle saison des r\u00e9sultats qui pourrait se r\u00e9v\u00e9ler d\u00e9cisive, sachant que le S&amp;P 500 et le Nasdaq \u00e9voluent aujourd&rsquo;hui \u00e0 des niveaux records.\n<\/p>\n<p>&lsquo; Jusqu&rsquo;\u00e0 pr\u00e9sent, l&rsquo;optimisme des march\u00e9s s&rsquo;est appuy\u00e9 sur l&rsquo;apaisement des tensions commerciales, sur une croissance \u00e9conomique toujours soutenue et sur les b\u00e9n\u00e9fices robustes des entreprises &lsquo;, rappelle Michael Brown, strat\u00e8ge chez Pepperstone.\n<\/p>\n<p>&lsquo; Mais si ce dernier pilier venait \u00e0 vaciller, les actifs risqu\u00e9s pourraient faire face \u00e0 quelques turbulences \u00e0 court terme &lsquo;, pr\u00e9vient le professionnel.<br \/>\n<br \/>&lsquo; Ceci dit, tout mouvement de baisse serait probablement per\u00e7u comme une opportunit\u00e9 d&rsquo;achat par les investisseurs &lsquo;, temp\u00e8re-t-il.\n<\/p>\n<p>Dans la torpeur quasi g\u00e9n\u00e9rale, l&rsquo;agenda macro\u00e9conomique du jour s&rsquo;annonce relativement maigre, avec la fermeture des march\u00e9s am\u00e9ricains.<br \/>\n<br \/>Les investisseurs europ\u00e9ens ont toutefois pris connaissance de quelques statistiques.<br \/>\n<br \/>Ainsi, entre avril et mai, la production a de nouveau baiss\u00e9 dans l&rsquo;industrie manufacturi\u00e8re en France (-1 % apr\u00e8s -0,7 % en avril) et plus mod\u00e9r\u00e9ment dans l&rsquo;ensemble de l&rsquo;industrie (-0,5 % apr\u00e8s -1,4 %), selon les donn\u00e9es CVS-CJO de l&rsquo;Insee.\n<\/p>\n<p>En Allemagne, apr\u00e8s une hausse de 1,6 % en avril (r\u00e9vis\u00e9e apr\u00e8s +0,6 % en estimation initiale), les commandes \u00e0 l&rsquo;industrie manufacturi\u00e8re allemande ont diminu\u00e9 de 1,4 % en mai par rapport au mois pr\u00e9c\u00e9dent, selon les donn\u00e9es en volume et CVS-CJO de Destatis.\n<\/p>\n<p>Enfin, en mai 2025 par rapport au mois pr\u00e9c\u00e9dent, les prix \u00e0 la production industrielle ont recul\u00e9 de 0,6 % dans la zone euro et dans l&rsquo;UE, selon Eurostat, apr\u00e8s des baisses s\u00e9quentielles de 2,2 % dans la zone euro et de 2,1 % dans l&rsquo;UE en avril.<br \/>\n<br \/>Sur le march\u00e9 des changes, le dollar repart \u00e0 la baisse (-0,2 %) face \u00e0 l&rsquo;euro, apr\u00e8s avoir \u00e9t\u00e9 soutenu hier par les statistiques meilleures que pr\u00e9vu de l&#8217;emploi en juin. La monnaie unique revient ainsi \u00e0 1,178 $.\n<\/p>\n<p>Suite aux chiffres sup\u00e9rieurs aux attentes du march\u00e9 du travail, qui repoussent la perspective d&rsquo;une potentielle baisse des taux de la Fed, le rendement des Treasuries est remont\u00e9 hier vers 4,32 %, et le &lsquo; 30 ans &lsquo; repasse les 4,80 %.\n<\/p>\n<p>Sur le Vieux Continent, les investisseurs semblent s&rsquo;\u00eatre fait \u00e0 l&rsquo;id\u00e9e que la BCE ne bougera plus cette ann\u00e9e, et le rendement du Bund allemand \u00e0 dix ans se d\u00e9tend \u00e0 la marge de -1,7 point de base \u00e0 2,5650 %, tandis que l&rsquo;OAT fran\u00e7aise efface -0,6 point \u00e0 3,2720 %.\n<\/p>\n<p>Sur les march\u00e9s p\u00e9troliers, les cours du brut \u00e9voluent en baisse, beaucoup d&rsquo;op\u00e9rateurs semblant avoir sold\u00e9 leurs positions avant l&rsquo;Independence Day aux \u00c9tats-Unis.<br \/>\n<br \/>\u00c0 Londres, le Brent de Mer du Nord c\u00e8de 0,9 % \u00e0 68,2 dollars (pas de cotations sur le NYMEX aujourd&rsquo;hui).\n<\/p>\n<p>Dans l&rsquo;actualit\u00e9 des soci\u00e9t\u00e9s tricolores, Carmat annonce le lancement d&rsquo;un processus d&rsquo;appel d&rsquo;offres (recherche de repreneurs ou d&rsquo;investisseurs) dans le cadre de sa proc\u00e9dure de redressement judiciaire, ouverte le 1er juillet.\n<\/p>\n<p>Air France-KLM indique entamer le processus en vue d&rsquo;une prise de participation majoritaire dans SAS, en portant ses parts de 19,9 % actuellement \u00e0 60,5% du capital, par l&rsquo;acquisition de l&rsquo;int\u00e9gralit\u00e9 des parts d\u00e9tenues par Castlelake et Lind Invest.\n<\/p>\n<p>LDC affiche un chiffre d&rsquo;affaires de 1,68 milliard d&rsquo;euros au titre de son premier trimestre 2025-2026, en hausse de 10,9 % (+10,7 % \u00e0 taux de change constant et +4,1 % \u00e0 p\u00e9rim\u00e8tre identique), &lsquo; confirmant la solide dynamique d&rsquo;activit\u00e9 &lsquo;.\n<\/p>\n<p>Enfin, Alstom indique avoir sign\u00e9 un contrat de 2,3 milliards de dollars (deux milliards d&rsquo;euros) avec la New York Metropolitan Transportation Authority (MTA).<\/p>\n","protected":false},"excerpt":{"rendered":"(CercleFinance.com) &#8211; La Bourse de Paris ach\u00e8ve la s\u00e9ance sur un repli de 0,75 %, \u00e0 7 696&hellip;\n","protected":false},"author":2,"featured_media":15273,"comment_status":"","ping_status":"","sticky":false,"template":"","format":"standard","meta":{"footnotes":""},"categories":[1888],"tags":[400,1111,1928,11,1927,398,408,405,1777,674,1011,27,403,402,399,404,12,1926,626,1925,25,401,406,407],"class_list":{"0":"post-226122","1":"post","2":"type-post","3":"status-publish","4":"format-standard","5":"has-post-thumbnail","7":"category-paris","8":"tag-action-cac-40","9":"tag-actu","10":"tag-actu-paris","11":"tag-actualites","12":"tag-actualites-paris","13":"tag-bourse-de-paris","14":"tag-boursorama","15":"tag-cotations","16":"tag-eu","17":"tag-europe","18":"tag-fr","19":"tag-france","20":"tag-indices-devises","21":"tag-investir","22":"tag-investissement","23":"tag-marche-boursier","24":"tag-news","25":"tag-news-paris","26":"tag-paris","27":"tag-paris-news","28":"tag-republique-francaise","29":"tag-sicav","30":"tag-trackers","31":"tag-warrants"},"share_on_mastodon":{"url":"https:\/\/pubeurope.com\/@fr\/114796084878202445","error":""},"_links":{"self":[{"href":"https:\/\/www.europesays.com\/fr\/wp-json\/wp\/v2\/posts\/226122","targetHints":{"allow":["GET"]}}],"collection":[{"href":"https:\/\/www.europesays.com\/fr\/wp-json\/wp\/v2\/posts"}],"about":[{"href":"https:\/\/www.europesays.com\/fr\/wp-json\/wp\/v2\/types\/post"}],"author":[{"embeddable":true,"href":"https:\/\/www.europesays.com\/fr\/wp-json\/wp\/v2\/users\/2"}],"replies":[{"embeddable":true,"href":"https:\/\/www.europesays.com\/fr\/wp-json\/wp\/v2\/comments?post=226122"}],"version-history":[{"count":0,"href":"https:\/\/www.europesays.com\/fr\/wp-json\/wp\/v2\/posts\/226122\/revisions"}],"wp:featuredmedia":[{"embeddable":true,"href":"https:\/\/www.europesays.com\/fr\/wp-json\/wp\/v2\/media\/15273"}],"wp:attachment":[{"href":"https:\/\/www.europesays.com\/fr\/wp-json\/wp\/v2\/media?parent=226122"}],"wp:term":[{"taxonomy":"category","embeddable":true,"href":"https:\/\/www.europesays.com\/fr\/wp-json\/wp\/v2\/categories?post=226122"},{"taxonomy":"post_tag","embeddable":true,"href":"https:\/\/www.europesays.com\/fr\/wp-json\/wp\/v2\/tags?post=226122"}],"curies":[{"name":"wp","href":"https:\/\/api.w.org\/{rel}","templated":true}]}}