{"id":226123,"date":"2025-07-04T17:13:10","date_gmt":"2025-07-04T17:13:10","guid":{"rendered":"https:\/\/www.europesays.com\/fr\/226123\/"},"modified":"2025-07-04T17:13:10","modified_gmt":"2025-07-04T17:13:10","slug":"paris-bientot-dote-de-ramblas-le-tribunal-administratif-donne-le-feu-vert-a-la-reprise-du-chantier","status":"publish","type":"post","link":"https:\/\/www.europesays.com\/fr\/226123\/","title":{"rendered":"Paris bient\u00f4t dot\u00e9 de \u00ab\u00a0ramblas\u00a0\u00bb\u00a0? Le tribunal administratif donne le feu vert \u00e0 la reprise du chantier"},"content":{"rendered":"<p class=\"paragraph text_align_left lp-f-body-02\">C\u2019est un nouveau chapitre qui s\u2019ouvre <a href=\"https:\/\/www.leparisien.fr\/paris-75\/projet-de-ramblas-a-paris-le-conseil-detat-valide-la-suspension-des-travaux-13-08-2024-OIEGLDFDYFE7FBGPLITAN7PXA4.php\" target=\"_blank\" rel=\"noreferrer noopener\">dans la saga des \u00ab ramblas \u00bb parisiennes<\/a>. Le tribunal administratif vient de donner raison \u00e0 la Ville de Paris, rejetant les recours d\u00e9pos\u00e9s par l\u2019association France Nature Environnement (FNE) contre les am\u00e9nagements pr\u00e9vus sur les boulevards Jules-Ferry et Richard-Lenoir (XIe) ainsi qu\u2019aux abords du Canal Saint-Martin (Xe).<\/p>\n<p class=\"paragraph text_align_left lp-f-body-02\">La mairie de Paris ne cache pas sa satisfaction. Apr\u00e8s des mois de bataille juridique, elle peut enfin relancer la machine. \u00ab Ces projets ambitieux, coconstruits avec les habitants du quartier, vont permettre de r\u00e9duire localement la pollution de l\u2019air et <a href=\"https:\/\/www.leparisien.fr\/environnement\/canicule-un-francilien-sur-deux-vit-dans-un-ilot-de-chaleur-17-08-2023-GSGWN536TNB6DOSDQEM7LGGEKI.php\" target=\"_blank\" rel=\"noreferrer noopener\">l\u2019effet d\u2019\u00eelot de chaleur urbain<\/a> \u00bb, assure-t-elle dans un communiqu\u00e9.<\/p>\n","protected":false},"excerpt":{"rendered":"C\u2019est un nouveau chapitre qui s\u2019ouvre dans la saga des \u00ab ramblas \u00bb parisiennes. Le tribunal administratif vient&hellip;\n","protected":false},"author":2,"featured_media":226124,"comment_status":"","ping_status":"","sticky":false,"template":"","format":"standard","meta":{"footnotes":""},"categories":[1888],"tags":[11,1777,674,1011,27,3746,1944,12,626,25],"class_list":{"0":"post-226123","1":"post","2":"type-post","3":"status-publish","4":"format-standard","5":"has-post-thumbnail","7":"category-paris","8":"tag-actualites","9":"tag-eu","10":"tag-europe","11":"tag-fr","12":"tag-france","13":"tag-futurs","14":"tag-ma-ville","15":"tag-news","16":"tag-paris","17":"tag-republique-francaise"},"share_on_mastodon":{"url":"https:\/\/pubeurope.com\/@fr\/114796088854819516","error":""},"_links":{"self":[{"href":"https:\/\/www.europesays.com\/fr\/wp-json\/wp\/v2\/posts\/226123","targetHints":{"allow":["GET"]}}],"collection":[{"href":"https:\/\/www.europesays.com\/fr\/wp-json\/wp\/v2\/posts"}],"about":[{"href":"https:\/\/www.europesays.com\/fr\/wp-json\/wp\/v2\/types\/post"}],"author":[{"embeddable":true,"href":"https:\/\/www.europesays.com\/fr\/wp-json\/wp\/v2\/users\/2"}],"replies":[{"embeddable":true,"href":"https:\/\/www.europesays.com\/fr\/wp-json\/wp\/v2\/comments?post=226123"}],"version-history":[{"count":0,"href":"https:\/\/www.europesays.com\/fr\/wp-json\/wp\/v2\/posts\/226123\/revisions"}],"wp:featuredmedia":[{"embeddable":true,"href":"https:\/\/www.europesays.com\/fr\/wp-json\/wp\/v2\/media\/226124"}],"wp:attachment":[{"href":"https:\/\/www.europesays.com\/fr\/wp-json\/wp\/v2\/media?parent=226123"}],"wp:term":[{"taxonomy":"category","embeddable":true,"href":"https:\/\/www.europesays.com\/fr\/wp-json\/wp\/v2\/categories?post=226123"},{"taxonomy":"post_tag","embeddable":true,"href":"https:\/\/www.europesays.com\/fr\/wp-json\/wp\/v2\/tags?post=226123"}],"curies":[{"name":"wp","href":"https:\/\/api.w.org\/{rel}","templated":true}]}}