{"id":226125,"date":"2025-07-04T17:14:09","date_gmt":"2025-07-04T17:14:09","guid":{"rendered":"https:\/\/www.europesays.com\/fr\/226125\/"},"modified":"2025-07-04T17:14:09","modified_gmt":"2025-07-04T17:14:09","slug":"jacques-paris-et-cecile-kohler-sont-une-monnaie-dechange-selon-ce-journaliste-iranien-en-exil","status":"publish","type":"post","link":"https:\/\/www.europesays.com\/fr\/226125\/","title":{"rendered":"Jacques Paris et C\u00e9cile Kohler sont une \u201cmonnaie d\u2019\u00e9change\u201d, selon ce journaliste iranien en exil"},"content":{"rendered":"\n<p>Le 2\u00a0juillet, les autorit\u00e9s iraniennes ont annonc\u00e9 l\u2019inculpation de C\u00e9cile Kohler, 40\u00a0ans, et son compagnon, Jacques\u00a0Paris, 72\u00a0ans, pour \u201cespionnage au profit du Mossad\u201d, le service de renseignement ext\u00e9rieur isra\u00e9lien. Arr\u00eat\u00e9 en 2022, lors d\u2019un voyage touristique, le couple est d\u00e9sormais poursuivi pour \u201ccorruption sur Terre\u201d \u2013 un chef d\u2019accusation utilis\u00e9 notamment contre les opposants lors du soul\u00e8vement \u201cFemme, vie, libert\u00e9\u201d \u2013 ainsi que pour \u201ccomplot pour renverser le r\u00e9gime\u201d. Des accusations passibles de la peine de mort en Iran, rapportent, jeudi 3\u00a0juillet, plusieurs m\u00e9dias iraniens en exil.<\/p>\n<p>Pour Maziar Bahari, <a href=\"https:\/\/iranwire.com\/fa\/\" target=\"_blank\" rel=\"noopener\">journaliste iranien fondateur d\u2019<strong>IranWire<\/strong><\/a><strong>,<\/strong> site d\u2019information iranien install\u00e9 \u00e0 Londres, les deux Fran\u00e7ais seraient les victimes collat\u00e9rales d\u2019un r\u00e9gime en crise\u00a0: \u201cDepuis le d\u00e9clenchement de la guerre des 12\u00a0jours contre Isra\u00ebl, le 13\u00a0juin [et les frappes isra\u00e9liennes], le gouvernement iranien a d\u00e9couvert avec effarement le niveau d\u2019infiltration de ses services par des agents isra\u00e9liens\u201d, explique le journaliste \u00e0 Courrier international. Mais \u201cfaute de solution au probl\u00e8me d\u2019infiltration [\u00e9trang\u00e8re]\u201d, T\u00e9h\u00e9ran aurait r\u00e9cemment \u201cdurci les peines encourues<a href=\"https:\/\/www.courrierinternational.com\/article\/guerre-israel-iran-teheran-durcit-la-repression-et-mene-une-chasse-aux-espions-du-mossad_232208\" target=\"_blank\" rel=\"noopener\"> par les personnes inculp\u00e9es pour espionnage<\/a>\u201d.<\/p>\n<p>               Que peut obtenir le r\u00e9gime iranien de la France\u00a0?       <\/p>\n<p>C\u2019est dans ce contexte que les noms de Jacques Paris et C\u00e9cile Kohler r\u00e9apparaissent. \u201cAuparavant, seule l\u2019accusation g\u00e9n\u00e9rale d\u2019espionnage avait \u00e9t\u00e9 retenue contre eux, mais [cette fois], ils ont \u00e9t\u00e9 sp\u00e9cifiquement accus\u00e9s de travailler pour le Mossad\u201d, <a class=\"ithalc\" data-ithal=\"lien_externe\" data-ithalc=\"[nav_article]\" target=\"_blank\" href=\"https:\/\/iranwire.com\/fa\/news-1\/142911-%D8%A7%D8%AA%D9%87%D8%A7%D9%85-%D8%AC%D8%A7%D8%B3%D9%88%D8%B3%DB%8C-%D8%A8%D8%B1%D8%A7%DB%8C-%D9%85%D9%88%D8%B3%D8%A7%D8%AF-%D8%B9%D9%84%DB%8C%D9%87-%D8%AF%D9%88-%D8%AA%D8%A8%D8%B9%D9%87-%D9%81%D8%B1%D8%A7%D9%86%D8%B3%D9%88%DB%8C-%D8%AF%D8%B1-%D8%A7%DB%8C%D8%B1%D8%A7%D9%86\/\" rel=\"noopener\">pr\u00e9cise d\u2019ailleurs un article d\u2019IranWire<\/a>. Selon son fondateur, les deux Fran\u00e7ais \u201csont emprisonn\u00e9s dans le but d\u2019obtenir quelque chose du gouvernement fran\u00e7ais\u201d et servent ainsi \u201cde monnaies d\u2019\u00e9change\u201d au r\u00e9gime iranien.<\/p>\n<p>Qu\u2019est-ce que le r\u00e9gime iranien cherche \u00e0 obtenir de la France\u00a0? \u201cPeut-\u00eatre un \u00e9change contre un Iranien d\u00e9tenu en France, peut-\u00eatre une contrepartie financi\u00e8re, ou bien un contrat\u2026\u201d, \u00e9num\u00e8re Maziar Bahari. Pour le journaliste l\u2019inculpation de C\u00e9cile Kohler et Jacques Paris n\u2019est \u201cni plus ni moins une prise d\u2019otage\u201d. Il rappelle en outre que leur situation n\u2019est pas une premi\u00e8re\u00a0: \u201cBien d\u2019autres avant eux ont \u00e9t\u00e9 accus\u00e9s d\u2019espionnage et condamn\u00e9s \u00e0 des peines tr\u00e8s lourdes\u201d. Mais une note d\u2019espoir\u00a0: tous ont fini par \u00eatre lib\u00e9r\u00e9s.<\/p>\n","protected":false},"excerpt":{"rendered":"Le 2\u00a0juillet, les autorit\u00e9s iraniennes ont annonc\u00e9 l\u2019inculpation de C\u00e9cile Kohler, 40\u00a0ans, et son compagnon, Jacques\u00a0Paris, 72\u00a0ans, pour&hellip;\n","protected":false},"author":2,"featured_media":226126,"comment_status":"","ping_status":"","sticky":false,"template":"","format":"standard","meta":{"footnotes":""},"categories":[1888],"tags":[11,1777,674,1011,27,32216,3019,3257,12,626,316,25,32215,17344],"class_list":{"0":"post-226125","1":"post","2":"type-post","3":"status-publish","4":"format-standard","5":"has-post-thumbnail","7":"category-paris","8":"tag-actualites","9":"tag-eu","10":"tag-europe","11":"tag-fr","12":"tag-france","13":"tag-guerre-israu00ebl-iran","14":"tag-iran","15":"tag-moyen-orient","16":"tag-news","17":"tag-paris","18":"tag-politique","19":"tag-republique-francaise","20":"tag-tensions-iran-israu00ebl","21":"tag-vidu00e9o"},"share_on_mastodon":{"url":"https:\/\/pubeurope.com\/@fr\/114796092732089822","error":""},"_links":{"self":[{"href":"https:\/\/www.europesays.com\/fr\/wp-json\/wp\/v2\/posts\/226125","targetHints":{"allow":["GET"]}}],"collection":[{"href":"https:\/\/www.europesays.com\/fr\/wp-json\/wp\/v2\/posts"}],"about":[{"href":"https:\/\/www.europesays.com\/fr\/wp-json\/wp\/v2\/types\/post"}],"author":[{"embeddable":true,"href":"https:\/\/www.europesays.com\/fr\/wp-json\/wp\/v2\/users\/2"}],"replies":[{"embeddable":true,"href":"https:\/\/www.europesays.com\/fr\/wp-json\/wp\/v2\/comments?post=226125"}],"version-history":[{"count":0,"href":"https:\/\/www.europesays.com\/fr\/wp-json\/wp\/v2\/posts\/226125\/revisions"}],"wp:featuredmedia":[{"embeddable":true,"href":"https:\/\/www.europesays.com\/fr\/wp-json\/wp\/v2\/media\/226126"}],"wp:attachment":[{"href":"https:\/\/www.europesays.com\/fr\/wp-json\/wp\/v2\/media?parent=226125"}],"wp:term":[{"taxonomy":"category","embeddable":true,"href":"https:\/\/www.europesays.com\/fr\/wp-json\/wp\/v2\/categories?post=226125"},{"taxonomy":"post_tag","embeddable":true,"href":"https:\/\/www.europesays.com\/fr\/wp-json\/wp\/v2\/tags?post=226125"}],"curies":[{"name":"wp","href":"https:\/\/api.w.org\/{rel}","templated":true}]}}