{"id":226127,"date":"2025-07-04T17:15:14","date_gmt":"2025-07-04T17:15:14","guid":{"rendered":"https:\/\/www.europesays.com\/fr\/226127\/"},"modified":"2025-07-04T17:15:14","modified_gmt":"2025-07-04T17:15:14","slug":"une-reunion-pour-renforcer-la-defense-de-lukraine-face-a-la-russie-aura-lieu-le-10-juillet-sous-legide-de-macron","status":"publish","type":"post","link":"https:\/\/www.europesays.com\/fr\/226127\/","title":{"rendered":"Une r\u00e9union pour renforcer la d\u00e9fense de l\u2019Ukraine face \u00e0 la Russie aura lieu le 10\u00a0juillet, sous l\u2019\u00e9gide de Macron"},"content":{"rendered":"<p>Le Premier ministre britannique Keir Starmer et le pr\u00e9sident fran\u00e7ais Emmanuel Macron copr\u00e9sideront, le jeudi 10 juillet 2025, en visioconf\u00e9rence, depuis la base de Northwood, pr\u00e8s de Londres, une r\u00e9union des pays \u00ab volontaires \u00bb pour un renforcement des capacit\u00e9s de d\u00e9fense de l\u2019Ukraine face \u00e0 la Russie, a annonc\u00e9, ce vendredi, l\u2019\u00c9lys\u00e9e.<\/p>\n<p>Ils \u00e9changeront avec le pr\u00e9sident ukrainien Volodymyr Zelensky et d\u2019autres dirigeants, dont le chancelier allemand Friedrich Merz et la Premi\u00e8re ministre italienne Giorgia Meloni, qui seront r\u00e9unis \u00e0 Rome au m\u00eame moment pour une conf\u00e9rence sur la reconstruction de l\u2019Ukraine, ainsi qu\u2019avec d\u2019autres responsables dans d\u2019autres capitales, a indiqu\u00e9 la pr\u00e9sidence fran\u00e7aise.<\/p>\n<p>Emp\u00eacher les Russes de relancer les hostilit\u00e9s<\/p>\n<p>\u00ab Il y aura certainement une r\u00e9flexion sur comment maintenir s\u00e9rieusement l\u2019Ukraine en capacit\u00e9 de combat \u00bb, assurer la \u00ab r\u00e9g\u00e9n\u00e9ration de l\u2019arm\u00e9e ukrainienne \u00bb et d\u00e9ployer \u00ab le moment venu une force de r\u00e9assurance dans le cadre d\u2019un cessez-le-feu \u00bb, a pr\u00e9cis\u00e9 l\u2019\u00c9lys\u00e9e.<\/p>\n<p>Cette force de r\u00e9assurance, encore tr\u00e8s th\u00e9orique, vise \u00e0 garantir la s\u00e9curit\u00e9 de l\u2019Ukraine apr\u00e8s un \u00e9ventuel cessez-le-feu pour dissuader une nouvelle offensive russe.<\/p>\n<p>Les Europ\u00e9ens, qui la constitueraient en grande partie, ne veulent cependant pas \u00eatre en premi\u00e8re ligne et comptent donc avant tout sur les forces ukrainiennes pour emp\u00eacher les Russes d\u2019\u00e9tendre ou relancer les hostilit\u00e9s, le jour o\u00f9 elles s\u2019arr\u00eateront.<\/p>\n<p>L\u2019id\u00e9e est donc de renforcer l\u2019arm\u00e9e ukrainienne et de la mettre aux normes de l\u2019Otan afin qu\u2019elle devienne suffisamment puissante pour dissuader Moscou.<\/p>\n<p>La coalition des alli\u00e9s de Kiev &#8211; plus d\u2019une trentaine de pays &#8211; a aussi \u00e9t\u00e9 con\u00e7ue pour ramener les Europ\u00e9ens dans le jeu diplomatique.<\/p>\n<p>Aucune avanc\u00e9e vers un cessez-le-feu<\/p>\n<p>Jeudi, la discussion portera aussi sur \u00ab comment augmenter la pression sur la Russie pour l\u2019amener \u00e0 accepter ce cessez-le-feu inconditionnel auquel elle se refuse avec constance \u00bb, a soulign\u00e9 l\u2019\u00c9lys\u00e9e.<\/p>\n<p>Dans un rare aveu d\u2019impuissance, <a href=\"https:\/\/www.letelegramme.fr\/monde\/guerre-ukraine-russie\/la-russie-ne-renoncera-pas-a-ses-objectifs-en-ukraine-declare-vladimir-poutine-a-donald-trump-6848798.php\" target=\"_blank\" rel=\"noopener\">Donald Trump a reconnu, jeudi, n\u2019avoir fait \u00ab aucun progr\u00e8s \u00bb<\/a> visant \u00e0 mettre fin \u00e0 la guerre en Ukraine, lors d\u2019un appel t\u00e9l\u00e9phonique avec son homologue russe Vladimir Poutine.<\/p>\n<p>La conversation Poutine-Trump intervenait au lendemain de l\u2019annonce par Washington <a href=\"https:\/\/www.letelegramme.fr\/monde\/guerre-ukraine-russie\/washington-stoppe-des-livraisons-darmes-a-lukraine-craignant-la-baisse-de-ses-propres-stocks-de-munitions-6847431.php\" target=\"_blank\" rel=\"noopener\">d\u2019une pause dans la livraison de certaines armes \u00e0 l\u2019Ukraine<\/a>, une d\u00e9cision qui risque de mettre Kiev dans une position difficile \u00e0 un moment o\u00f9 les troupes russes continuent d\u2019avancer sur le front.<\/p>\n<p>Le Kremlin a jug\u00e9, vendredi, qu\u2019il n\u2019\u00e9tait \u00ab pas possible \u00bb \u00e0 ce stade d\u2019\u00ab atteindre \u00bb ses objectifs en Ukraine par la voie diplomatique, poursuivant ainsi son offensive \u00e0 grande \u00e9chelle.<\/p>\n","protected":false},"excerpt":{"rendered":"Le Premier ministre britannique Keir Starmer et le pr\u00e9sident fran\u00e7ais Emmanuel Macron copr\u00e9sideront, le jeudi 10 juillet 2025,&hellip;\n","protected":false},"author":2,"featured_media":226128,"comment_status":"","ping_status":"","sticky":false,"template":"","format":"standard","meta":{"footnotes":""},"categories":[1591],"tags":[11,1073,765,1887,131,2069,2581,74,12,1885,1886,132],"class_list":{"0":"post-226127","1":"post","2":"type-post","3":"status-publish","4":"format-standard","5":"has-post-thumbnail","7":"category-russie","8":"tag-actualites","9":"tag-emmanuel-macron","10":"tag-en-continu","11":"tag-federation-de-russie","12":"tag-guerre-en-ukraine","13":"tag-guerre-ukraine-russie","14":"tag-keir-starmer","15":"tag-monde","16":"tag-news","17":"tag-russia","18":"tag-russian-federation","19":"tag-russie"},"share_on_mastodon":{"url":"https:\/\/pubeurope.com\/@fr\/114796096818117012","error":""},"_links":{"self":[{"href":"https:\/\/www.europesays.com\/fr\/wp-json\/wp\/v2\/posts\/226127","targetHints":{"allow":["GET"]}}],"collection":[{"href":"https:\/\/www.europesays.com\/fr\/wp-json\/wp\/v2\/posts"}],"about":[{"href":"https:\/\/www.europesays.com\/fr\/wp-json\/wp\/v2\/types\/post"}],"author":[{"embeddable":true,"href":"https:\/\/www.europesays.com\/fr\/wp-json\/wp\/v2\/users\/2"}],"replies":[{"embeddable":true,"href":"https:\/\/www.europesays.com\/fr\/wp-json\/wp\/v2\/comments?post=226127"}],"version-history":[{"count":0,"href":"https:\/\/www.europesays.com\/fr\/wp-json\/wp\/v2\/posts\/226127\/revisions"}],"wp:featuredmedia":[{"embeddable":true,"href":"https:\/\/www.europesays.com\/fr\/wp-json\/wp\/v2\/media\/226128"}],"wp:attachment":[{"href":"https:\/\/www.europesays.com\/fr\/wp-json\/wp\/v2\/media?parent=226127"}],"wp:term":[{"taxonomy":"category","embeddable":true,"href":"https:\/\/www.europesays.com\/fr\/wp-json\/wp\/v2\/categories?post=226127"},{"taxonomy":"post_tag","embeddable":true,"href":"https:\/\/www.europesays.com\/fr\/wp-json\/wp\/v2\/tags?post=226127"}],"curies":[{"name":"wp","href":"https:\/\/api.w.org\/{rel}","templated":true}]}}