{"id":226132,"date":"2025-07-04T17:18:12","date_gmt":"2025-07-04T17:18:12","guid":{"rendered":"https:\/\/www.europesays.com\/fr\/226132\/"},"modified":"2025-07-04T17:18:12","modified_gmt":"2025-07-04T17:18:12","slug":"le-mouvement-palestine-action-echoue-a-suspendre-son-interdiction-au-royaume-uni-en-tant-que-groupe-terroriste","status":"publish","type":"post","link":"https:\/\/www.europesays.com\/fr\/226132\/","title":{"rendered":"Le mouvement Palestine Action \u00e9choue \u00e0 suspendre son interdiction au Royaume-Uni en tant que \u00ab groupe terroriste \u00bb"},"content":{"rendered":"<p>La cofondatrice du groupe militant pro-palestinien Palestine Action a \u00e9chou\u00e9, vendredi, dans sa tentative de suspendre la d\u00e9cision du gouvernement britannique d&rsquo;interdire l&rsquo;organisation au titre des lois antiterroristes, dans l&rsquo;attente de leur recours en justice.<\/p>\n<p>Huda Ammori, qui a cofond\u00e9 Palestine Action en 2020, avait demand\u00e9 \u00e0 la Haute Cour de Londres de stopper la proscription de Palestine Action en tant qu&rsquo;organisation terroriste, avant l&rsquo;audience principale pr\u00e9vue plus tard ce mois-ci, au cours de laquelle elle contestera la l\u00e9galit\u00e9 de cette interdiction.<\/p>\n<p>Les parlementaires britanniques ont d\u00e9cid\u00e9 cette semaine d&rsquo;interdire Palestine Action apr\u00e8s que des militants du groupe ont p\u00e9n\u00e9tr\u00e9 dans une base de la Royal Air Force et endommag\u00e9 deux avions, en signe de protestation contre ce qu&rsquo;ils consid\u00e8rent comme le soutien du Royaume-Uni \u00e0 Isra\u00ebl.<\/p>\n<p>La proscription rendrait criminel le simple fait d&rsquo;\u00eatre membre de Palestine Action, passible d&rsquo;une peine maximale de 14 ans de prison. Parmi les groupes d\u00e9j\u00e0 proscrits au Royaume-Uni figurent l&rsquo;\u00c9tat islamique et Al-Qa\u00efda.<\/p>\n<p>Palestine Action cible de plus en plus, par des actions directes, des entreprises britanniques li\u00e9es \u00e0 Isra\u00ebl, accusant le gouvernement britannique de complicit\u00e9 dans ce qu&rsquo;il qualifie de crimes de guerre isra\u00e9liens lors de la campagne de bombardements en cours sur Gaza.<\/p>\n<p>Isra\u00ebl a, de son c\u00f4t\u00e9, toujours ni\u00e9 avoir commis des exactions lors de la guerre \u00e0 Gaza, d\u00e9clench\u00e9e apr\u00e8s l&rsquo;attaque du Hamas sur le territoire isra\u00e9lien le 7 octobre 2023.<\/p>\n<p>L&rsquo;avocat d&rsquo;Ammori, Raza Husain, a d\u00e9clar\u00e9 que cette proscription marquait la premi\u00e8re fois que le Royaume-Uni cherchait \u00e0 interdire un groupe menant des actions directes de ce type, qualifiant la d\u00e9cision de \u00ab mal pens\u00e9e, discriminatoire, et d&rsquo;abus autoritaire du pouvoir l\u00e9gislatif \u00bb.<\/p>\n<p>La ministre de l&rsquo;Int\u00e9rieur, Yvette Cooper, a affirm\u00e9 que la violence et les d\u00e9gradations n&rsquo;avaient pas leur place dans une protestation l\u00e9gitime, et ses avocats soutiennent que l&rsquo;affaire devrait \u00eatre port\u00e9e devant la Commission d&rsquo;appel des organisations proscrites.<\/p>\n<p>Le juge Martin Chamberlain a statu\u00e9 contre Ammori, ce qui signifie que la proscription de Palestine Action entrera en vigueur \u00e0 minuit.<\/p>\n","protected":false},"excerpt":{"rendered":"La cofondatrice du groupe militant pro-palestinien Palestine Action a \u00e9chou\u00e9, vendredi, dans sa tentative de suspendre la d\u00e9cision&hellip;\n","protected":false},"author":2,"featured_media":226133,"comment_status":"","ping_status":"","sticky":false,"template":"","format":"standard","meta":{"footnotes":""},"categories":[1588],"tags":[11,340,1777,674,12,473,1853,1851,1850,1852],"class_list":{"0":"post-226132","1":"post","2":"type-post","3":"status-publish","4":"format-standard","5":"has-post-thumbnail","7":"category-royaume-uni","8":"tag-actualites","9":"tag-bourse","10":"tag-eu","11":"tag-europe","12":"tag-news","13":"tag-royaume-uni","14":"tag-royaume-uni-de-grande-bretagne-et-dirlande-du-nord","15":"tag-uk","16":"tag-united-kingdom","17":"tag-united-kingdom-of-great-britain-and-northern-ireland"},"share_on_mastodon":{"url":"https:\/\/pubeurope.com\/@fr\/114796108444486798","error":""},"_links":{"self":[{"href":"https:\/\/www.europesays.com\/fr\/wp-json\/wp\/v2\/posts\/226132","targetHints":{"allow":["GET"]}}],"collection":[{"href":"https:\/\/www.europesays.com\/fr\/wp-json\/wp\/v2\/posts"}],"about":[{"href":"https:\/\/www.europesays.com\/fr\/wp-json\/wp\/v2\/types\/post"}],"author":[{"embeddable":true,"href":"https:\/\/www.europesays.com\/fr\/wp-json\/wp\/v2\/users\/2"}],"replies":[{"embeddable":true,"href":"https:\/\/www.europesays.com\/fr\/wp-json\/wp\/v2\/comments?post=226132"}],"version-history":[{"count":0,"href":"https:\/\/www.europesays.com\/fr\/wp-json\/wp\/v2\/posts\/226132\/revisions"}],"wp:featuredmedia":[{"embeddable":true,"href":"https:\/\/www.europesays.com\/fr\/wp-json\/wp\/v2\/media\/226133"}],"wp:attachment":[{"href":"https:\/\/www.europesays.com\/fr\/wp-json\/wp\/v2\/media?parent=226132"}],"wp:term":[{"taxonomy":"category","embeddable":true,"href":"https:\/\/www.europesays.com\/fr\/wp-json\/wp\/v2\/categories?post=226132"},{"taxonomy":"post_tag","embeddable":true,"href":"https:\/\/www.europesays.com\/fr\/wp-json\/wp\/v2\/tags?post=226132"}],"curies":[{"name":"wp","href":"https:\/\/api.w.org\/{rel}","templated":true}]}}