{"id":226134,"date":"2025-07-04T17:19:19","date_gmt":"2025-07-04T17:19:19","guid":{"rendered":"https:\/\/www.europesays.com\/fr\/226134\/"},"modified":"2025-07-04T17:19:19","modified_gmt":"2025-07-04T17:19:19","slug":"merz-et-trump-ont-discute-de-lacquisition-par-lallemagne-de-systemes-patriot-destines-a-lukraine","status":"publish","type":"post","link":"https:\/\/www.europesays.com\/fr\/226134\/","title":{"rendered":"Merz et Trump ont discut\u00e9 de l&rsquo;acquisition par l&rsquo;Allemagne de syst\u00e8mes Patriot destin\u00e9s \u00e0 l&rsquo;Ukraine"},"content":{"rendered":"<p>BERLIN (Reuters) &#8211;     Le chancelier allemand Friedrich Merz a discut\u00e9 jeudi par t\u00e9l\u00e9phone avec le pr\u00e9sident am\u00e9ricain Donald Trump de l&rsquo;offre de son pays d&rsquo;acheter des syst\u00e8mes de d\u00e9fense a\u00e9rienne Patriot pour les transf\u00e9rer \u00e0 l&rsquo;Ukraine, a d\u00e9clar\u00e9 vendredi un porte-parole du gouvernement allemand, confirmant une information du Spiegel.<\/p>\n<p>\n              Selon le porte-parole, Friedrich Merz a pris l&rsquo;initiative de l&rsquo;appel pour promouvoir les livraisons d&rsquo;armes \u00e0 l&rsquo;Ukraine, alors que les \u00c9tats-Unis ont interrompu mercredi certaines livraisons \u00e0 Kyiv. <\/p>\n<p>\n              \u00ab\u00a0Il existe plusieurs moyens de combler ce manque de Patriot\u00a0\u00bb, avait indiqu\u00e9 plus t\u00f4t le porte-parole, ajoutant qu&rsquo;une option envisag\u00e9e est d&rsquo;acheter les syst\u00e8mes aux \u00c9tats-Unis, puis de les transmettre \u00e0 l&rsquo;Ukraine.<\/p>\n<p>\n              Le ministre allemand de la D\u00e9fense, Boris Pistorius, se rendra prochainement \u00e0 Washington pour s&rsquo;entretenir avec son homologue am\u00e9ricain, a pr\u00e9cis\u00e9 un porte-parole du minist\u00e8re de la D\u00e9fense.<\/p>\n<p>\n              \u00ab\u00a0Les Patriot seront bien entendu \u00e0 l&rsquo;ordre du jour\u00a0\u00bb, a-t-il d\u00e9clar\u00e9.<\/p>\n<p>\n              Boris Pistorius a \u00e9mis l&rsquo;id\u00e9e d&rsquo;acheter des syst\u00e8mes Patriot et de garantir leur acheminement rapide vers l&rsquo;Ukraine en contournant les proc\u00e9dures industrielles habituelles, qui prennent du temps.<\/p>\n<p> (Ludwig Burger et Miranda Murray, version fran\u00e7aise No\u00e9mie Naudin et Etienne Breban, \u00e9dit\u00e9 par Augustin Turpin)<\/p>\n","protected":false},"excerpt":{"rendered":"BERLIN (Reuters) &#8211; Le chancelier allemand Friedrich Merz a discut\u00e9 jeudi par t\u00e9l\u00e9phone avec le pr\u00e9sident am\u00e9ricain Donald&hellip;\n","protected":false},"author":2,"featured_media":226135,"comment_status":"","ping_status":"","sticky":false,"template":"","format":"standard","meta":{"footnotes":""},"categories":[1587],"tags":[11,672,340,1804,1805,1803,1777,674,1801,12,1802],"class_list":{"0":"post-226134","1":"post","2":"type-post","3":"status-publish","4":"format-standard","5":"has-post-thumbnail","7":"category-allemagne","8":"tag-actualites","9":"tag-allemagne","10":"tag-bourse","11":"tag-bundesrepublik-deutschland","12":"tag-de","13":"tag-deutschland","14":"tag-eu","15":"tag-europe","16":"tag-germany","17":"tag-news","18":"tag-republique-federale-dallemagne"},"share_on_mastodon":{"url":"https:\/\/pubeurope.com\/@fr\/114796112400503111","error":""},"_links":{"self":[{"href":"https:\/\/www.europesays.com\/fr\/wp-json\/wp\/v2\/posts\/226134","targetHints":{"allow":["GET"]}}],"collection":[{"href":"https:\/\/www.europesays.com\/fr\/wp-json\/wp\/v2\/posts"}],"about":[{"href":"https:\/\/www.europesays.com\/fr\/wp-json\/wp\/v2\/types\/post"}],"author":[{"embeddable":true,"href":"https:\/\/www.europesays.com\/fr\/wp-json\/wp\/v2\/users\/2"}],"replies":[{"embeddable":true,"href":"https:\/\/www.europesays.com\/fr\/wp-json\/wp\/v2\/comments?post=226134"}],"version-history":[{"count":0,"href":"https:\/\/www.europesays.com\/fr\/wp-json\/wp\/v2\/posts\/226134\/revisions"}],"wp:featuredmedia":[{"embeddable":true,"href":"https:\/\/www.europesays.com\/fr\/wp-json\/wp\/v2\/media\/226135"}],"wp:attachment":[{"href":"https:\/\/www.europesays.com\/fr\/wp-json\/wp\/v2\/media?parent=226134"}],"wp:term":[{"taxonomy":"category","embeddable":true,"href":"https:\/\/www.europesays.com\/fr\/wp-json\/wp\/v2\/categories?post=226134"},{"taxonomy":"post_tag","embeddable":true,"href":"https:\/\/www.europesays.com\/fr\/wp-json\/wp\/v2\/tags?post=226134"}],"curies":[{"name":"wp","href":"https:\/\/api.w.org\/{rel}","templated":true}]}}