{"id":226141,"date":"2025-07-04T17:23:09","date_gmt":"2025-07-04T17:23:09","guid":{"rendered":"https:\/\/www.europesays.com\/fr\/226141\/"},"modified":"2025-07-04T17:23:09","modified_gmt":"2025-07-04T17:23:09","slug":"le-depute-insoumis-sebastien-delogu-accuse-davoir-fait-la-promotion-dune-societe-touristique-algerienne","status":"publish","type":"post","link":"https:\/\/www.europesays.com\/fr\/226141\/","title":{"rendered":"Le d\u00e9put\u00e9 insoumis S\u00e9bastien Delogu accus\u00e9 d\u2019avoir fait la promotion d\u2019une soci\u00e9t\u00e9 touristique alg\u00e9rienne"},"content":{"rendered":"<p>\u00abJe suis venu en Alg\u00e9rie et j\u2019ai \u00e9t\u00e9 tr\u00e8s tr\u00e8s tr\u00e8s bien accueilli. Tr\u00e8s, tr\u00e8s, tr\u00e8s bien pris en charge par cette compagnie\u00bb, d\u00e9clare l\u2019\u00e9lu dans une vid\u00e9o visible sur les r\u00e9seaux sociaux.<\/p>\n<p class=\"fig-paragraph\">\u00abJe suis venu en Alg\u00e9rie et j\u2019ai \u00e9t\u00e9 tr\u00e8s tr\u00e8s bien pris en charge par cette compagnie\u00bb. Il aura fallu quelques mots seulement, prononc\u00e9s par\u00a0<a href=\"http:\/\/www.lefigaro.fr\/politique\/il-s-est-exprime-de-facon-personnelle-lfi-prend-ses-distances-avec-delogu-en-deplacement-en-algerie-sans-evoquer-sansal-et-gleizes-20250701\" data-fig-type=\"NewsFlash\" data-gtm-custom-categorie=\"navigation\" data-gtm-custom-action=\"crossclick\" data-gtm-custom-label=\"Contextuel\" data-gtm-event=\"customEventSPE\" data-fig-domain=\"LEFIGARO\" target=\"_blank\" rel=\"noopener\">S\u00e9bastien Delogu<\/a>, pour d\u00e9clencher une nouvelle pol\u00e9mique. Dans une vid\u00e9o circulant sur les r\u00e9seaux sociaux, le d\u00e9put\u00e9 insoumis des Bouches-du-Rh\u00f4ne prend la parole, lors de son d\u00e9placement r\u00e9cent en Alg\u00e9rie. On y voit l\u2019\u00e9lu faire l\u2019\u00e9loge d\u2019une soci\u00e9t\u00e9 alg\u00e9rienne, DZ Escape, qui se d\u00e9crit comme une \u00abconciergerie bas\u00e9e \u00e0 Alger\u00bb.<\/p>\n<p class=\"fig-paragraph\">\u00abBonjour tout le monde, lance le d\u00e9put\u00e9, assis dans une voiture, dans cette vid\u00e9o qui porte le logo de la soci\u00e9t\u00e9. Je suis venu en Alg\u00e9rie et j\u2019ai \u00e9t\u00e9 tr\u00e8s tr\u00e8s tr\u00e8s bien accueilli. Tr\u00e8s, tr\u00e8s, tr\u00e8s bien pris en charge par cette compagnie. Je n\u2019ai rien \u00e0 redire, ils ont \u00e9t\u00e9 l\u00e0 de A \u00e0 Z pour m\u2019aider \u00e0 pouvoir r\u00e9pondre aux rendez-vous en temps et en heure. Je voulais faire un message tout particulier pour les remercier. Voil\u00e0, merci beaucoup pour l\u2019accueil que vous m\u2019avez donn\u00e9. Voil\u00e0, je ne vous oublierai jamais\u00bb, clame-t-il notamment, montrant la carte de la conciergerie. La vid\u00e9o a notamment \u00e9t\u00e9 partag\u00e9e par l\u2019agence, dans une\u00a0<a href=\"https:\/\/archive.ph\/XdhH2#selection-493.0-526.0\" target=\"_blank\" rel=\"nofollow noopener\" data-gtm-custom-categorie=\"navigation\" data-gtm-custom-action=\"crossclick\" data-gtm-custom-label=\"Contextuel\" data-gtm-event=\"customEventSPE\">publication supprim\u00e9e depuis<\/a>. Elle y remercie S\u00e9bastien Delogu pour \u00abson magnifique t\u00e9moignage\u00bb.<\/p>\n<p>                                    <a class=\"fig-a11y-skip a11y-hidden\" href=\"#fig-a11y-skip-main-inarticle\"><br \/>\n        Passer la publicit\u00e9<br \/>\n    <\/a><\/p>\n<p class=\"fig-paragraph\">Ces images ont suscit\u00e9 de nombreuses r\u00e9actions d\u2019internautes. Sur X, ceux-ci l\u2019accusent d\u2019avoir fait \u00abla promotion d\u2019une entreprise priv\u00e9e\u00bb, contre r\u00e9mun\u00e9ration. \u00abIl fait la promotion d\u2019une entreprise alors que c\u2019est formellement interdit, \u00e9tant d\u00e9put\u00e9 de la R\u00e9publique. La loi consid\u00e8re ce genre d\u2019actes comme une prise ill\u00e9gale d\u2019int\u00e9r\u00eat\u00bb, cingle l\u2019une d\u2019eux.<\/p>\n<p class=\"fig-body-link\">\n            \u00c0 lire aussi<br \/>\n        <a class=\"fig-body-link__link fig-premium-mark\" href=\"http:\/\/www.lefigaro.fr\/vox\/politique\/condamnation-de-sebastien-delogu-chez-lfi-la-violence-est-une-strategie-politique-20250217\" data-fig-type=\"Article\" data-gtm-custom-categorie=\"navigation\" data-gtm-custom-action=\"crossclick\" data-gtm-custom-label=\"Contextuel\" data-gtm-event=\"customEventSPE\" data-fig-domain=\"LEFIGARO\" target=\"_blank\" rel=\"noopener\">Condamnation de S\u00e9bastien Delogu\u00a0: \u00abChez LFI, la violence est une strat\u00e9gie politique\u00bb<br \/>\n    <\/a>\n<\/p>\n<p>Une vid\u00e9o pour les salari\u00e9s de l\u2019agence<\/p>\n<p class=\"fig-paragraph\">Sollicit\u00e9, le d\u00e9put\u00e9 n\u2019est pas encore revenu vers nous, mais son entourage a confirm\u00e9 l\u2019existence de cette vid\u00e9o \u00e0 nos\u00a0<a href=\"https:\/\/www.tf1info.fr\/politique\/verif-le-depute-lfi-sebastien-delogu-a-t-il-fait-la-promotion-d-une-entreprise-privee-a-alger-2380924.html\" target=\"_blank\" rel=\"nofollow noopener\" data-gtm-custom-categorie=\"navigation\" data-gtm-custom-action=\"crossclick\" data-gtm-custom-label=\"Contextuel\" data-gtm-event=\"customEventSPE\">confr\u00e8res de TF1<\/a>. Tout en pr\u00e9cisant qu\u2019il n\u2019avait pas \u00e9t\u00e9 r\u00e9mun\u00e9r\u00e9 pour cela, et que ces images n\u2019avaient pas vocation \u00e0 \u00eatre diffus\u00e9es sur les r\u00e9seaux sociaux. \u00abS\u00e9bastien Delogu n\u2019a JAMAIS publi\u00e9, partag\u00e9 cette vid\u00e9o sur un de ses comptes. Il a envoy\u00e9 cette vid\u00e9o de remerciement aux salari\u00e9s de l\u2019agence (\u00e0 leur demande) et lorsque nous nous sommes aper\u00e7us qu\u2019elle avait \u00e9t\u00e9 publi\u00e9e sur les r\u00e9seaux, nous avons imm\u00e9diatement demand\u00e9 \u00e0 ce qu\u2019elle soit retir\u00e9e\u00bb, pr\u00e9cise-t-on. La vid\u00e9o a \u00e9t\u00e9 faite \u00ab\u00e0 notre demande, dans un cadre totalement bienveillant et amical\u00bb, sans qu\u2019aucune \u00abforme de r\u00e9mun\u00e9ration\u00bb ne soit engag\u00e9e, a rench\u00e9ri de son c\u00f4t\u00e9 DZ Escape, cit\u00e9e par nos confr\u00e8res.<\/p>\n<p class=\"fig-paragraph\">Pour rappel, la publicit\u00e9 est interdite pour tout d\u00e9put\u00e9 fran\u00e7ais. \u00ab Pour \u00e9viter toute atteinte \u00e0 la dignit\u00e9 de la fonction parlementaire, un d\u00e9put\u00e9 ou un s\u00e9nateur ne peut user de sa qualit\u00e9 \u00e0 des fins publicitaires\u00a0\u00bb selon la fiche \u00abLe statut d\u2019un d\u00e9put\u00e9\u00bb de\u00a0<a href=\"http:\/\/www.lefigaro.fr\/actualite-france\/a-l-assemblee-nationale-l-execution-immediate-de-peines-d-ineligibilite-maintenue-20250626\" data-fig-type=\"NewsFlash\" data-gtm-custom-categorie=\"navigation\" data-gtm-custom-action=\"crossclick\" data-gtm-custom-label=\"Contextuel\" data-gtm-event=\"customEventSPE\" data-fig-domain=\"LEFIGARO\" target=\"_blank\" rel=\"noopener\">l\u2019Assembl\u00e9e nationale<\/a>. Comme le pr\u00e9cise la fiche: \u00abLa reconnaissance d\u2019un statut sp\u00e9cifique impose des contreparties, le mandat devant \u00eatre pr\u00e9serv\u00e9 de toute influence pouvant en contrarier le libre exercice\u00bb.\u00a0\u00abLes d\u00e9put\u00e9s veillent \u00e0 ce que les moyens et indemnit\u00e9s mis \u00e0 leur disposition soient utilis\u00e9s conform\u00e9ment \u00e0 leur destination. Ils s\u2019abstiennent d\u2019utiliser les locaux ou les moyens de l\u2019Assembl\u00e9e nationale pour promouvoir des int\u00e9r\u00eats priv\u00e9s\u00bb, intime de son c\u00f4t\u00e9 le Code de d\u00e9ontologie en vigueur.<\/p>\n<p class=\"fig-paragraph\">Ce n\u2019est pas la premi\u00e8re pol\u00e9mique dans laquelle le d\u00e9put\u00e9 de la France Insoumise est impliqu\u00e9 ces derniers jours. R\u00e9cemment, il avait d\u00e9clar\u00e9 que \u00abdes millions de Fran\u00e7aises et de Fran\u00e7ais se sentent insult\u00e9s face aux invectives incessantes de certains ministres fran\u00e7ais\u00bb, visant le ministre de l\u2019Int\u00e9rieur<a href=\"http:\/\/www.lefigaro.fr\/vox\/politique\/luc-ferry-bruno-retailleau-seul-espoir-de-la-droite-20250702\" data-fig-type=\"Article\" data-gtm-custom-categorie=\"navigation\" data-gtm-custom-action=\"crossclick\" data-gtm-custom-label=\"Contextuel\" data-gtm-event=\"customEventSPE\" data-fig-domain=\"LEFIGARO\" target=\"_blank\" rel=\"noopener\">\u00a0Bruno Retailleau<\/a>, accus\u00e9 de mener une cabale contre l\u2019Alg\u00e9rie. Mais c\u2019est son silence qui a fait le plus de bruit; le d\u00e9put\u00e9 ne s\u2019est pas exprim\u00e9 sur les cas de l\u2019\u00e9crivain Boualem Sansal et du journaliste Christophe Gleizes, retenus prisonniers par Alger. En r\u00e9action aux actions et paroles de S\u00e9bastien Delogu, La\u00a0<a href=\"http:\/\/www.lefigaro.fr\/vox\/politique\/non-la-france-insoumise-n-a-pas-sauve-le-parti-socialiste-en-s-alliant-avec-lui-c-est-l-inverse-20250516\" data-fig-type=\"Article\" data-gtm-custom-categorie=\"navigation\" data-gtm-custom-action=\"crossclick\" data-gtm-custom-label=\"Contextuel\" data-gtm-event=\"customEventSPE\" data-fig-domain=\"LEFIGARO\" target=\"_blank\" rel=\"noopener\">France insoumise<\/a>\u00a0a pris ses distances, affirmant sur le r\u00e9seau social X qu\u2019il s\u2019\u00e9tait \u00abexprim\u00e9 de fa\u00e7on personnelle\u00bb.<\/p>\n","protected":false},"excerpt":{"rendered":"\u00abJe suis venu en Alg\u00e9rie et j\u2019ai \u00e9t\u00e9 tr\u00e8s tr\u00e8s tr\u00e8s bien accueilli. Tr\u00e8s, tr\u00e8s, tr\u00e8s bien pris&hellip;\n","protected":false},"author":2,"featured_media":226142,"comment_status":"","ping_status":"","sticky":false,"template":"","format":"standard","meta":{"footnotes":""},"categories":[2],"tags":[11,15,423,1011,27,12,15943,25],"class_list":{"0":"post-226141","1":"post","2":"type-post","3":"status-publish","4":"format-standard","5":"has-post-thumbnail","7":"category-actualites","8":"tag-actualites","9":"tag-algerie","10":"tag-deputes","11":"tag-fr","12":"tag-france","13":"tag-news","14":"tag-polemiques","15":"tag-republique-francaise"},"share_on_mastodon":{"url":"https:\/\/pubeurope.com\/@fr\/114796128199934472","error":""},"_links":{"self":[{"href":"https:\/\/www.europesays.com\/fr\/wp-json\/wp\/v2\/posts\/226141","targetHints":{"allow":["GET"]}}],"collection":[{"href":"https:\/\/www.europesays.com\/fr\/wp-json\/wp\/v2\/posts"}],"about":[{"href":"https:\/\/www.europesays.com\/fr\/wp-json\/wp\/v2\/types\/post"}],"author":[{"embeddable":true,"href":"https:\/\/www.europesays.com\/fr\/wp-json\/wp\/v2\/users\/2"}],"replies":[{"embeddable":true,"href":"https:\/\/www.europesays.com\/fr\/wp-json\/wp\/v2\/comments?post=226141"}],"version-history":[{"count":0,"href":"https:\/\/www.europesays.com\/fr\/wp-json\/wp\/v2\/posts\/226141\/revisions"}],"wp:featuredmedia":[{"embeddable":true,"href":"https:\/\/www.europesays.com\/fr\/wp-json\/wp\/v2\/media\/226142"}],"wp:attachment":[{"href":"https:\/\/www.europesays.com\/fr\/wp-json\/wp\/v2\/media?parent=226141"}],"wp:term":[{"taxonomy":"category","embeddable":true,"href":"https:\/\/www.europesays.com\/fr\/wp-json\/wp\/v2\/categories?post=226141"},{"taxonomy":"post_tag","embeddable":true,"href":"https:\/\/www.europesays.com\/fr\/wp-json\/wp\/v2\/tags?post=226141"}],"curies":[{"name":"wp","href":"https:\/\/api.w.org\/{rel}","templated":true}]}}