{"id":226143,"date":"2025-07-04T17:24:17","date_gmt":"2025-07-04T17:24:17","guid":{"rendered":"https:\/\/www.europesays.com\/fr\/226143\/"},"modified":"2025-07-04T17:24:17","modified_gmt":"2025-07-04T17:24:17","slug":"reinvestir-la-proximite-pour-reparer-la-france","status":"publish","type":"post","link":"https:\/\/www.europesays.com\/fr\/226143\/","title":{"rendered":"r\u00e9investir la proximit\u00e9 pour r\u00e9parer la France"},"content":{"rendered":"<p>Il faut en moyenne quinze minutes de route pour acc\u00e9der \u00e0 un produit de consommation courante en France. C&rsquo;est du moins ce qu&rsquo;affirme Philippe Palazzi, directeur g\u00e9n\u00e9ral du groupe Casino, qui se d\u00e9finit comme \u00ab un commer\u00e7ant de proximit\u00e9 \u00bb. Celui qui est aussi pr\u00e9sident de Monoprix et de Naturalia revendique ainsi avoir quitt\u00e9\u00a0\u00ab le commerce d&rsquo;\u00e9loignement \u00bb\u00a0pour lutter contre\u00a0\u00ab la fracture d&rsquo;isolement \u00bb.\u00a0Le commerce de proximit\u00e9 reste le seul \u00ab le lien au quotidien \u00bb dans les 20 000 communes qui n&rsquo;ont pas de commerce, a-t-il insist\u00e9, en ouverture de la table-ronde \u00ab Appr\u00e9hender les fractures territoriales \u00bb organis\u00e9e ce vendredi matin aux Rencontres \u00e9conomiques d&rsquo;Aix.<\/p>\n<p>\u00ab A chaque emploi industriel perdu, ce sont trois emplois induits qui suivent : un dans le commerce, un dans le service et un dans les services publics \u00bb,\u00a0a rench\u00e9ri Fr\u00e9d\u00e9ric Souillot, secr\u00e9taire g\u00e9n\u00e9ral de Force ouvri\u00e8re. Et si les Maisons France Service commencent \u00e0 remettre des services de proximit\u00e9 dans les villages et les centre bourgs, \u00ab on a perdu les uns et les autres l&rsquo;int\u00e9r\u00eat collectif \u00bb,\u00a0a encha\u00een\u00e9 le syndicaliste.\u00a0\u00ab Qu&rsquo;on arr\u00eate de faire du fonctionnaire-bashing, du service public-bashing et qu&rsquo;on fasse moins de parisianisme ! \u00bb,\u00a0s&rsquo;est-il encore exclam\u00e9.<\/p>\n<p>La th\u00e9orie du comptoir<\/p>\n<p>Le Grand Paris s&rsquo;est pourtant invit\u00e9 au d\u00e9bat, via St\u00e9phan de Fa\u00ff, directeur g\u00e9n\u00e9ral de Grand Paris Am\u00e9nagement. \u00ab Je crois au triptyque Etat-collectivit\u00e9-entreprise \u00bb,\u00a0a-t-il d\u00e9clar\u00e9.\u00a0Autant\u00a0\u00ab le maire a la l\u00e9gitimit\u00e9 du terrain \u00bb,\u00a0pour autant, il a besoin d&rsquo;une ing\u00e9nierie qui lui fait d\u00e9faut et que l&rsquo;Etat peut lui apporter.\u00a0\u00ab Le logement est une difficult\u00e9 de base des entreprises pour recruter \u00bb,\u00a0a rappel\u00e9 de Fa\u00ff.\u00a0La mobilit\u00e9 est de la m\u00eame fa\u00e7on\u00a0\u00ab une fracture \u00e0 r\u00e9soudre \u00bb. Aussi a-t-il vant\u00e9, sans rappeler <a href=\"https:\/\/www.latribune.fr\/regions\/ile-de-france\/qui-est-stephan-de-fay-le-nouveau-president-de-grand-paris-amenagement-863268.html\" target=\"_blank\" rel=\"noopener\">qu&rsquo;il en a \u00e9t\u00e9 l&rsquo;un des artisans en 2010<\/a>, le m\u00e9tro du Grand Paris Express comme mod\u00e8le de r\u00e9ussite Etat-collectivit\u00e9 pour multiplier par deux le r\u00e9seau de transport en commun en \u00cele-de-France.<\/p>\n<p>\u00ab Nous avons besoin que nos politiques s&rsquo;inscrivent dans le temps long pour relancer l&rsquo;\u00e9conomie, l&#8217;emploi et la cr\u00e9ation de valeur \u00bb,\u00a0a appuy\u00e9 le patron de Casino, Philippe Palazzi. Sa cible \u00e0 lui : \u00ab la pr\u00e9carit\u00e9 silencieuse \u00bb\u00a0de la m\u00e8re de famille monoparentale qui repose un produit trop cher, de l&rsquo;\u00e9tudiant qui ne mange pas ses trois repas par jour ou du retrait\u00e9 qui se prive en prot\u00e9ine. Autant de profils en manque de lien social.\u00a0\u00ab On a ferm\u00e9 trop de bars. C&rsquo;est ma th\u00e9orie du comptoir \u00bb, lui a r\u00e9pondu\u00a0le SG de FO, Fr\u00e9d\u00e9ric Souillot; sous les rires du public. Avant de pointer la \u00ab schizophr\u00e9nie \u00bb fran\u00e7aise :\u00a0\u00ab le citoyen n&rsquo;a plus de commerce de proximit\u00e9, mais commande sur les plateformes \u00bb.<\/p>\n","protected":false},"excerpt":{"rendered":"Il faut en moyenne quinze minutes de route pour acc\u00e9der \u00e0 un produit de consommation courante en France.&hellip;\n","protected":false},"author":2,"featured_media":226144,"comment_status":"","ping_status":"","sticky":false,"template":"","format":"standard","meta":{"footnotes":""},"categories":[4],"tags":[17,11,13636,33,1011,27,12,471,8889,36472,10270,36473,25],"class_list":{"0":"post-226143","1":"post","2":"type-post","3":"status-publish","4":"format-standard","5":"has-post-thumbnail","7":"category-france","8":"tag-17","9":"tag-actualites","10":"tag-daix","11":"tag-economie","12":"tag-fr","13":"tag-france","14":"tag-news","15":"tag-pour","16":"tag-proximite","17":"tag-reinvestir","18":"tag-rencontres","19":"tag-reparer","20":"tag-republique-francaise"},"share_on_mastodon":{"url":"https:\/\/pubeurope.com\/@fr\/114796132067160629","error":""},"_links":{"self":[{"href":"https:\/\/www.europesays.com\/fr\/wp-json\/wp\/v2\/posts\/226143","targetHints":{"allow":["GET"]}}],"collection":[{"href":"https:\/\/www.europesays.com\/fr\/wp-json\/wp\/v2\/posts"}],"about":[{"href":"https:\/\/www.europesays.com\/fr\/wp-json\/wp\/v2\/types\/post"}],"author":[{"embeddable":true,"href":"https:\/\/www.europesays.com\/fr\/wp-json\/wp\/v2\/users\/2"}],"replies":[{"embeddable":true,"href":"https:\/\/www.europesays.com\/fr\/wp-json\/wp\/v2\/comments?post=226143"}],"version-history":[{"count":0,"href":"https:\/\/www.europesays.com\/fr\/wp-json\/wp\/v2\/posts\/226143\/revisions"}],"wp:featuredmedia":[{"embeddable":true,"href":"https:\/\/www.europesays.com\/fr\/wp-json\/wp\/v2\/media\/226144"}],"wp:attachment":[{"href":"https:\/\/www.europesays.com\/fr\/wp-json\/wp\/v2\/media?parent=226143"}],"wp:term":[{"taxonomy":"category","embeddable":true,"href":"https:\/\/www.europesays.com\/fr\/wp-json\/wp\/v2\/categories?post=226143"},{"taxonomy":"post_tag","embeddable":true,"href":"https:\/\/www.europesays.com\/fr\/wp-json\/wp\/v2\/tags?post=226143"}],"curies":[{"name":"wp","href":"https:\/\/api.w.org\/{rel}","templated":true}]}}