{"id":226147,"date":"2025-07-04T17:27:09","date_gmt":"2025-07-04T17:27:09","guid":{"rendered":"https:\/\/www.europesays.com\/fr\/226147\/"},"modified":"2025-07-04T17:27:09","modified_gmt":"2025-07-04T17:27:09","slug":"rabah-slimani-six-ans-apres-de-retour-en-equipe-de-france-pour-la-tournee-en-nouvelle-zelande","status":"publish","type":"post","link":"https:\/\/www.europesays.com\/fr\/226147\/","title":{"rendered":"Rabah Slimani, six ans apr\u00e8s, de retour en \u00e9quipe de France pour la tourn\u00e9e en Nouvelle-Z\u00e9lande"},"content":{"rendered":"\n<p>\u00ab\u00a0Je riais et je pleurais en m\u00eame temps\u00a0\u00bb\u00a0: Rabah Slimani, six ans apr\u00e8s, de retour en \u00e9quipe de France pour la tourn\u00e9e en Nouvelle-Z\u00e9lande<\/p>\n<p>Rabah Slimani aura pour mission de bien caler la m\u00eal\u00e9e des Bleus. \u00c0 35\u00a0ans, le pilier droit raconte sa renaissance au Leinster, son retour international pour la tourn\u00e9e d&rsquo;\u00e9t\u00e9 en Nouvelle-Z\u00e9lande et son attachement \u00e0 l&rsquo;\u00e9quipe de France.<\/p>\n","protected":false},"excerpt":{"rendered":"\u00ab\u00a0Je riais et je pleurais en m\u00eame temps\u00a0\u00bb\u00a0: Rabah Slimani, six ans apr\u00e8s, de retour en \u00e9quipe de&hellip;\n","protected":false},"author":2,"featured_media":226148,"comment_status":"","ping_status":"","sticky":false,"template":"","format":"standard","meta":{"footnotes":""},"categories":[1416],"tags":[1011,27,479,1468,60],"class_list":{"0":"post-226147","1":"post","2":"type-post","3":"status-publish","4":"format-standard","5":"has-post-thumbnail","7":"category-rugby","8":"tag-fr","9":"tag-france","10":"tag-rugby","11":"tag-rugby-football","12":"tag-sports"},"share_on_mastodon":{"url":"https:\/\/pubeurope.com\/@fr\/114796143844342699","error":""},"_links":{"self":[{"href":"https:\/\/www.europesays.com\/fr\/wp-json\/wp\/v2\/posts\/226147","targetHints":{"allow":["GET"]}}],"collection":[{"href":"https:\/\/www.europesays.com\/fr\/wp-json\/wp\/v2\/posts"}],"about":[{"href":"https:\/\/www.europesays.com\/fr\/wp-json\/wp\/v2\/types\/post"}],"author":[{"embeddable":true,"href":"https:\/\/www.europesays.com\/fr\/wp-json\/wp\/v2\/users\/2"}],"replies":[{"embeddable":true,"href":"https:\/\/www.europesays.com\/fr\/wp-json\/wp\/v2\/comments?post=226147"}],"version-history":[{"count":0,"href":"https:\/\/www.europesays.com\/fr\/wp-json\/wp\/v2\/posts\/226147\/revisions"}],"wp:featuredmedia":[{"embeddable":true,"href":"https:\/\/www.europesays.com\/fr\/wp-json\/wp\/v2\/media\/226148"}],"wp:attachment":[{"href":"https:\/\/www.europesays.com\/fr\/wp-json\/wp\/v2\/media?parent=226147"}],"wp:term":[{"taxonomy":"category","embeddable":true,"href":"https:\/\/www.europesays.com\/fr\/wp-json\/wp\/v2\/categories?post=226147"},{"taxonomy":"post_tag","embeddable":true,"href":"https:\/\/www.europesays.com\/fr\/wp-json\/wp\/v2\/tags?post=226147"}],"curies":[{"name":"wp","href":"https:\/\/api.w.org\/{rel}","templated":true}]}}