{"id":226150,"date":"2025-07-04T17:30:14","date_gmt":"2025-07-04T17:30:14","guid":{"rendered":"https:\/\/www.europesays.com\/fr\/226150\/"},"modified":"2025-07-04T17:30:14","modified_gmt":"2025-07-04T17:30:14","slug":"nous-sommes-sur-la-bonne-voie-pour-voir-le-vrai-bagnaia","status":"publish","type":"post","link":"https:\/\/www.europesays.com\/fr\/226150\/","title":{"rendered":"Nous sommes sur la bonne voie pour voir le vrai Bagnaia"},"content":{"rendered":"<p>\u00ab\u00a0Pecco\u00a0! Pecco\u00a0! Putain, il faut que tu sois content. Tu as fait une bonne course. Affiche un sourire sur ce visage, je veux voir un sourire sur ce visage\u00a0!\u00a0\u00bb.\u00a0Le MotoGP a r\u00e9v\u00e9l\u00e9 des images de l&rsquo;arriv\u00e9e du GP des Pays-Bas, o\u00f9 l&rsquo;on aper\u00e7oit Gigi Dll&rsquo;Igna interpeler <a href=\"https:\/\/fr.motorsport.com\/driver\/pecco-bagnaia\/109394\/\" target=\"_blank\" rel=\"noopener\">Pecco Bagnaia<\/a> dans le parc ferm\u00e9, avec la volont\u00e9 de lui redonner espoir et de le rassurer. L&rsquo;Italien a certes encore \u00e9t\u00e9 battu par <a href=\"https:\/\/fr.motorsport.com\/driver\/marc-marquez\/92646\/\" target=\"_blank\" rel=\"noopener\">Marc M\u00e1rquez<\/a> mais cet \u00e9tat d&rsquo;esprit s&rsquo;est traduit dans ses propos, avec un optimisme bas\u00e9 sur les progr\u00e8s des derni\u00e8res \u00e9preuves.<\/p>\n<p>Au moment d&rsquo;analyser la performance de Bagnaia, Dall&rsquo;Igna a salu\u00e9 sa \u00ab\u00a0course la plus intense de l&rsquo;ann\u00e9e, en excluant peut-\u00eatre la victoire d&rsquo;Austin\u00a0\u00bb dans son traditionnel billet sur LinkedIn. <a href=\"https:\/\/sport.sky.it\/motogp\/2025\/06\/29\/dall-igna-ducati-gp-assen-olanda-intervista-video\" target=\"_blank\" rel=\"noopener\">Interrog\u00e9 par Sky Sport<\/a>, diffuseur du MotoGP en Italie, le grand patron de Ducati Corse a insist\u00e9 sur les \u00e9l\u00e9ments positifs dans la prestation de son pilote.<\/p>\n<p>\u00ab\u00a0Je dois dire que je suis sinc\u00e8rement satisfait du week-end de Pecco\u00a0\u00bb, a-t-il soulign\u00e9. \u00ab\u00a0Il a vraiment eu une approche beaucoup plus positive que les autres week-ends. Je dois dire que [dimanche], il a selon moi fait une bonne course, il \u00e9tait rapide, il a fait le meilleur tour en course, il est remont\u00e9, il a fait des d\u00e9passements. Donc je pense que nous sommes sur la bonne voie pour voir le vrai Pecco.\u00a0\u00bb<\/p>\n<p>Bagnaia a eu le sentiment qu&rsquo;il avait <a href=\"https:\/\/fr.motorsport.com\/motogp\/news\/bagnaia-meilleur-rythme-ceux-devant\/10737813\/\" target=\"_blank\" rel=\"noopener\">pour la premi\u00e8re fois de l&rsquo;ann\u00e9e le rythme pour gagner \u00e0 Assen<\/a>, tout en payant une baisse de performance \u00e0 mi-parcours. Dall&rsquo;Igna pr\u00e9f\u00e8re se concentrer sur le positif\u00a0: \u00ab\u00a0Comme toujours, celui qui gagne est heureux et vu qu&rsquo;il n&rsquo;y en a qu&rsquo;un, les 20 autres sont \u00e9videmment moins heureux. Pecco a certainement du travail, je pense que nous le faisons et que nous le prouvons.\u00a0\u00bb<\/p>\n<p>\u00ab\u00a0Mais je veux dire que, au-del\u00e0 des commentaires de quelqu&rsquo;un qui n&rsquo;a pas gagn\u00e9 et qui peut donc \u00eatre d\u00e9\u00e7u puisque c&rsquo;est ce qu&rsquo;il visait, je pense qu&rsquo;il faut voir le verre \u00e0 moiti\u00e9 plein. Il faut toujours voir le positif et les bonnes choses effectu\u00e9es. Je le redis, il n&rsquo;a pas fait le meilleur tour en course par hasard.\u00a0\u00bb<\/p>\n<p>   <img decoding=\"async\" draggable=\"false\" src=\"https:\/\/www.europesays.com\/fr\/wp-content\/uploads\/2025\/07\/luigi-dall-igna-team-boss-duca.jpg\" alt=\"Luigi Dall'igna, directeur g\u00e9n\u00e9ral de Ducati Corse, Davide Tardozzi, team manager de Ducati Team\" width=\"1200\" height=\"800\" loading=\"lazy\"\/> <\/p>\n<p class=\"title\">Davide Tardozzi et Gigi Dall&rsquo;Igna<\/p>\n<p class=\"photographer\">Photo de: Gold and Goose Photography \/ LAT Images \/ via Getty Images<\/p>\n<p>L&rsquo;opinion est la m\u00eame chez Davide Tardozzi, qui confirme que Bagnaia \u00ab\u00a0n&rsquo;a pas \u00e9t\u00e9 constant \u00e0 un moment pr\u00e9cis de la course\u00a0\u00bb mais a montr\u00e9 des signaux encourageants. \u00ab\u00a0Il y a peut-\u00eatre quelque chose qui fait qu&rsquo;il n&rsquo;est pas \u00e0 son meilleur niveau, mais il d\u00e9montre \u00e0 nouveau le champion qu&rsquo;il est et son talent\u00a0\u00bb, a soulign\u00e9 le team manager de l&rsquo;\u00e9quipe officielle <a href=\"https:\/\/www.gpone.com\/en\/2025\/06\/29\/motogp\/tardozzi-the-suffering-he-experienced-helped-marquez-manage-and-mature.html\" target=\"_blank\" rel=\"noopener\">aupr\u00e8s de GPOne<\/a>.<\/p>\n<p>L&rsquo;Italien est convaincu que Bagnaia a le potentiel pour se hisser au niveau de M\u00e1rquez cette ann\u00e9e : \u00ab\u00a0Je dis depuis le d\u00e9but de l&rsquo;ann\u00e9e que Pecco a encore sa vitesse. Le probl\u00e8me, c&rsquo;est que nous ne lui avons pas donn\u00e9 une moto avec les sensations qu&rsquo;il aime au freinage et en entr\u00e9e de courbe. Il faut trouver quelque chose mais on s&rsquo;en rapproche, et quand nous l&rsquo;aurons trouv\u00e9, il affrontera Marc en course.\u00a0\u00bb<\/p>\n<p>\u00ab\u00a0Nous savons qui est Pecco, nous le connaissons\u00a0\u00bb, a insist\u00e9 Tardozzi. \u00ab\u00a0Pecco ne manque pas de vitesse mais de ce petit \u00e9l\u00e9ment de confiance pour retrouver le niveau qu&rsquo;il avait l&rsquo;an dernier.\u00a0\u00bb<\/p>\n<p>Lire aussi :<\/p>\n<p>Dans cet article<\/p>\n<p>    Vincent Lalanne-Sicaud\n<\/p>\n<p>    MotoGP\n<\/p>\n<p>    Pecco Bagnaia\n<\/p>\n<p>    Ducati Team\n<\/p>\n<p>Soyez le premier inform\u00e9 et souscrivez aux alertes mails pour recevoir les infos en temps r\u00e9el<\/p>\n<p>    S&rsquo;abonner aux alertes de news<\/p>\n","protected":false},"excerpt":{"rendered":"\u00ab\u00a0Pecco\u00a0! Pecco\u00a0! Putain, il faut que tu sois content. Tu as fait une bonne course. Affiche un sourire&hellip;\n","protected":false},"author":2,"featured_media":226151,"comment_status":"","ping_status":"","sticky":false,"template":"","format":"standard","meta":{"footnotes":""},"categories":[1413],"tags":[33819,4950,1011,27,33818,1457,1456,1458,4951,60],"class_list":{"0":"post-226150","1":"post","2":"type-post","3":"status-publish","4":"format-standard","5":"has-post-thumbnail","7":"category-moto","8":"tag-assen","9":"tag-ducati-team","10":"tag-fr","11":"tag-france","12":"tag-gp-des-pays-bas","13":"tag-moto","14":"tag-motocycle","15":"tag-motogp","16":"tag-pecco-bagnaia","17":"tag-sports"},"share_on_mastodon":{"url":"https:\/\/pubeurope.com\/@fr\/114796155780661323","error":""},"_links":{"self":[{"href":"https:\/\/www.europesays.com\/fr\/wp-json\/wp\/v2\/posts\/226150","targetHints":{"allow":["GET"]}}],"collection":[{"href":"https:\/\/www.europesays.com\/fr\/wp-json\/wp\/v2\/posts"}],"about":[{"href":"https:\/\/www.europesays.com\/fr\/wp-json\/wp\/v2\/types\/post"}],"author":[{"embeddable":true,"href":"https:\/\/www.europesays.com\/fr\/wp-json\/wp\/v2\/users\/2"}],"replies":[{"embeddable":true,"href":"https:\/\/www.europesays.com\/fr\/wp-json\/wp\/v2\/comments?post=226150"}],"version-history":[{"count":0,"href":"https:\/\/www.europesays.com\/fr\/wp-json\/wp\/v2\/posts\/226150\/revisions"}],"wp:featuredmedia":[{"embeddable":true,"href":"https:\/\/www.europesays.com\/fr\/wp-json\/wp\/v2\/media\/226151"}],"wp:attachment":[{"href":"https:\/\/www.europesays.com\/fr\/wp-json\/wp\/v2\/media?parent=226150"}],"wp:term":[{"taxonomy":"category","embeddable":true,"href":"https:\/\/www.europesays.com\/fr\/wp-json\/wp\/v2\/categories?post=226150"},{"taxonomy":"post_tag","embeddable":true,"href":"https:\/\/www.europesays.com\/fr\/wp-json\/wp\/v2\/tags?post=226150"}],"curies":[{"name":"wp","href":"https:\/\/api.w.org\/{rel}","templated":true}]}}