{"id":226156,"date":"2025-07-04T17:33:11","date_gmt":"2025-07-04T17:33:11","guid":{"rendered":"https:\/\/www.europesays.com\/fr\/226156\/"},"modified":"2025-07-04T17:33:11","modified_gmt":"2025-07-04T17:33:11","slug":"girondins-travis-mutyaba-vers-le-cs-sfaxien-se-prepare-a-passer-sa-visite-medicale","status":"publish","type":"post","link":"https:\/\/www.europesays.com\/fr\/226156\/","title":{"rendered":"Girondins : Travis Mutyaba vers le CS Sfaxien, se pr\u00e9pare \u00e0 passer sa visite m\u00e9dicale"},"content":{"rendered":"<p><img decoding=\"async\" src=\"https:\/\/www.europesays.com\/fr\/wp-content\/uploads\/2025\/07\/671_2befba01305141fec728ee83a0af5024.jpg\" alt=\"Girondins : Travis Mutyaba vers le CS Sfaxien, se pr\u00e9pare \u00e0 passer sa visite m\u00e9dicale\" class=\"img-responsive mt-3\"\/><\/p>\n<p class=\"text-center mb-3\" style=\"font-size: 14px\">\u00a9 Iconsport<\/p>\n<p style=\"text-align: justify;\">La <a href=\"https:\/\/www.mosaiquefm.net\/fr\/football\/1434483\/l-ougandais-travis-mutyaba-de-bordeaux-au-css\" target=\"_blank\" rel=\"noopener\">presse tunisienne<\/a> et le journaliste de Radio Mosaique Ahmed Adala annoncent un accord entre le joueur des Girondins de Bordeaux, Travis Muyaba, et le CS Sfaxien qui \u00e9volue en Ligue 1 tunisienne.<\/p>\n<p>Le site <a href=\"https:\/\/africafoot.com\/travis-mutyaba-proche-de-signer-au-cs-sfaxien\/\" target=\"_blank\" rel=\"noopener\">Africa Foot<\/a> annonce ce vendredi soir que le joueur est en route pour la Tunisie afin de passer sa visite m\u00e9dicale selon source proche de ses repr\u00e9sentants au sein de l\u2019agence Prosper Sports.<\/p>\n<p style=\"text-align: justify;\">Travis Mutyaba n&rsquo;est pas conserv\u00e9 par Bordeaux lors de son intersaison. On ne sait pas si le club bordelais a lib\u00e9r\u00e9 le joueur de ses deux derni\u00e8res ann\u00e9es de contrat contre le versement d&rsquo;une indemnit\u00e9. Son salaire aux Girondins \u00e9tait de 5 250\u20ac brut par mois.<\/p>\n<p style=\"text-align: justify;\">La saison derni\u00e8re, Mutyaba n&rsquo;a jamais r\u00e9ussi \u00e0 s&rsquo;adapter au championnat de National 2 avec Bordeaux. Si ces informations se confirment, l&rsquo;international ougandais ne sera pas pr\u00e9sent lundi 7 juillet pour la reprise de l&rsquo;entra\u00eenement avec Bordeaux.<\/p>\n<blockquote class=\"twitter-tweet\">\n<p dir=\"ltr\" lang=\"fr\">Accord de principe entre l\u2019international ougandais Travis Mutyaba et le CS Sfaxien. <\/p>\n<p>Travis Mutyaba (19 ans, AiD) est pass\u00e9 par le SC Villa, le Zamalek, Bordeaux et il \u00e9tait tout proche de signer au FC Dila Gori en G\u00e9orgie en janvier. <a href=\"https:\/\/t.co\/TY4jFOS0pg\">pic.twitter.com\/TY4jFOS0pg<\/a><\/p>\n<p>\u2014 Ahmed Adala (@Scoulino) <a href=\"https:\/\/twitter.com\/Scoulino\/status\/1941043995385516490?ref_src=twsrc%5Etfw\" target=\"_blank\" rel=\"noopener\">July 4, 2025<\/a>\n<\/p><\/blockquote>\n<p>\u00a0<\/p>\n<p>&gt;&gt; <strong><a href=\"https:\/\/www.webgirondins.com\/actualite-publi-girondins-le-point-complet-sur-les-transferts-departs-et-arrivee-au-3-juillet-2025-129611\" target=\"_blank\" rel=\"noopener\">Girondins : Le point complet sur les transferts, d\u00e9parts et arriv\u00e9e au 3 juillet 2025<\/a><\/strong><\/p>\n<p>Notre podcast court :<\/p>\n<p>\u00a0<\/p>\n<p>    <script async src=\"https:\/\/platform.twitter.com\/widgets.js\" charset=\"utf-8\"><\/script><\/p>\n","protected":false},"excerpt":{"rendered":"\u00a9 Iconsport La presse tunisienne et le journaliste de Radio Mosaique Ahmed Adala annoncent un accord entre le&hellip;\n","protected":false},"author":2,"featured_media":226157,"comment_status":"","ping_status":"","sticky":false,"template":"","format":"standard","meta":{"footnotes":""},"categories":[1410],"tags":[6080,3396,1997,7236,63,1011,27,1987,36476,19765,36477,4615,5109,36475,60,36474,2028,13703,510],"class_list":{"0":"post-226156","1":"post","2":"type-post","3":"status-publish","4":"format-standard","5":"has-post-thumbnail","7":"category-football","8":"tag-accorde","9":"tag-avec","10":"tag-bordeaux","11":"tag-espoir","12":"tag-football","13":"tag-fr","14":"tag-france","15":"tag-girondins","16":"tag-medicale","17":"tag-mutyaba","18":"tag-ougandais","19":"tag-passer","20":"tag-prepare","21":"tag-sfaxien","22":"tag-sports","23":"tag-travis","24":"tag-tunisie","25":"tag-vers","26":"tag-visite"},"share_on_mastodon":{"url":"https:\/\/pubeurope.com\/@fr\/114796167485281419","error":""},"_links":{"self":[{"href":"https:\/\/www.europesays.com\/fr\/wp-json\/wp\/v2\/posts\/226156","targetHints":{"allow":["GET"]}}],"collection":[{"href":"https:\/\/www.europesays.com\/fr\/wp-json\/wp\/v2\/posts"}],"about":[{"href":"https:\/\/www.europesays.com\/fr\/wp-json\/wp\/v2\/types\/post"}],"author":[{"embeddable":true,"href":"https:\/\/www.europesays.com\/fr\/wp-json\/wp\/v2\/users\/2"}],"replies":[{"embeddable":true,"href":"https:\/\/www.europesays.com\/fr\/wp-json\/wp\/v2\/comments?post=226156"}],"version-history":[{"count":0,"href":"https:\/\/www.europesays.com\/fr\/wp-json\/wp\/v2\/posts\/226156\/revisions"}],"wp:featuredmedia":[{"embeddable":true,"href":"https:\/\/www.europesays.com\/fr\/wp-json\/wp\/v2\/media\/226157"}],"wp:attachment":[{"href":"https:\/\/www.europesays.com\/fr\/wp-json\/wp\/v2\/media?parent=226156"}],"wp:term":[{"taxonomy":"category","embeddable":true,"href":"https:\/\/www.europesays.com\/fr\/wp-json\/wp\/v2\/categories?post=226156"},{"taxonomy":"post_tag","embeddable":true,"href":"https:\/\/www.europesays.com\/fr\/wp-json\/wp\/v2\/tags?post=226156"}],"curies":[{"name":"wp","href":"https:\/\/api.w.org\/{rel}","templated":true}]}}