{"id":226161,"date":"2025-07-04T17:36:21","date_gmt":"2025-07-04T17:36:21","guid":{"rendered":"https:\/\/www.europesays.com\/fr\/226161\/"},"modified":"2025-07-04T17:36:21","modified_gmt":"2025-07-04T17:36:21","slug":"le-prochain-livre-de-michel-houellebecq-sera-du-jamais-vu","status":"publish","type":"post","link":"https:\/\/www.europesays.com\/fr\/226161\/","title":{"rendered":"Le prochain livre de Michel Houellebecq sera \u00ab\u00a0du jamais vu\u00a0\u00bb"},"content":{"rendered":"<p>Le prochain livre de <a href=\"https:\/\/www.20minutes.fr\/dossier\/michel_houellebecq\" class=\"color-ultramarine c-link\" target=\"_blank\" rel=\"noopener\">Michel Houellebecq<\/a>, dont le dernier roman remonte \u00e0\u00a02022, sera un recueil de \u00ab\u00a0<a href=\"https:\/\/www.20minutes.fr\/dossier\/poesie\" class=\"color-ultramarine c-link\" target=\"_blank\" rel=\"noopener\">po\u00e9sie<\/a> graphique\u00a0\u00bb, a indiqu\u00e9 son \u00e9diteur vendredi, \u00e0 nos confr\u00e8res de l\u2019<a href=\"https:\/\/www.20minutes.fr\/dossier\/afp\" class=\"color-ultramarine c-link\" target=\"_blank\" rel=\"noopener\">AFP<\/a>. Souvenez-vous de l\u2019homme\u00a0: po\u00e8mes graphiques, avec des po\u00e8mes de Michel Houellebecq et des illustrations de Louis Paillard, doit para\u00eetre le 5\u00a0novembre, chez Charlotte \u00c9ditions.<\/p>\n<p>\u00ab\u00a0L\u2019invention d\u2019un genre\u00a0\u00bb<\/p>\n<p>Louis Paillard est un architecte initialement fan de l\u2019\u00e9crivain, qui est devenu son ami. Il avait fait valoir ses talents de dessinateur avec, en\u00a02022, une version en bande dessin\u00e9e de La Carte et le Territoire, prix Goncourt 2010.<\/p>\n<p>\u00ab\u00a0C\u2019est l\u2019invention d\u2019un genre\u00a0: la po\u00e9sie graphique. On connaissait le roman graphique, les chansons illustr\u00e9es, les calligrammes\u2026 Mais ce que fait l\u00e0 Michel Houellebecq, c\u2019est du jamais vu\u00a0\u00bb, a expliqu\u00e9 \u00e0 l\u2019AFP le fondateur de Charlotte \u00c9ditions, Vincent Berni\u00e8re.<\/p>\n<p>Le reste de son \u0153uvre chez Flammarion<\/p>\n<p>Cette maison d\u2019\u00e9dition a obtenu les droits de la po\u00e9sie graphique de Michel Houellebecq, 69 ans. Le reste de son \u0153uvre, dont sa po\u00e9sie non illustr\u00e9e, continuera d\u2019\u00eatre publi\u00e9 par les \u00c9ditions Flammarion. La revue litt\u00e9raire Kali Yuga avait publi\u00e9 des po\u00e8mes in\u00e9dits de l\u2019\u00e9crivain dans son num\u00e9ro\u00a01, lanc\u00e9 en janvier.<\/p>\n<\/p>\n<p>La derni\u00e8re sortie en volume de Michel Houellebecq remonte \u00e0 mai\u00a02023. Le r\u00e9cit Quelques mois dans ma vie, octobre\u00a02022-mars\u00a02023 racontait une p\u00e9riode que l\u2019auteur a d\u00e9crite comme catastrophique pour sa sant\u00e9 mentale et son image publique.<\/p>\n","protected":false},"excerpt":{"rendered":"Le prochain livre de Michel Houellebecq, dont le dernier roman remonte \u00e0\u00a02022, sera un recueil de \u00ab\u00a0po\u00e9sie graphique\u00a0\u00bb,&hellip;\n","protected":false},"author":2,"featured_media":226162,"comment_status":"","ping_status":"","sticky":false,"template":"","format":"standard","meta":{"footnotes":""},"categories":[1357],"tags":[1379,58,59,1011,27,1351,1380,33021,9228],"class_list":{"0":"post-226161","1":"post","2":"type-post","3":"status-publish","4":"format-standard","5":"has-post-thumbnail","7":"category-livres","8":"tag-books","9":"tag-divertissement","10":"tag-entertainment","11":"tag-fr","12":"tag-france","13":"tag-litterature","14":"tag-livres","15":"tag-michel-houellebecq","16":"tag-poesie"},"share_on_mastodon":{"url":"https:\/\/pubeurope.com\/@fr\/114796179226117019","error":""},"_links":{"self":[{"href":"https:\/\/www.europesays.com\/fr\/wp-json\/wp\/v2\/posts\/226161","targetHints":{"allow":["GET"]}}],"collection":[{"href":"https:\/\/www.europesays.com\/fr\/wp-json\/wp\/v2\/posts"}],"about":[{"href":"https:\/\/www.europesays.com\/fr\/wp-json\/wp\/v2\/types\/post"}],"author":[{"embeddable":true,"href":"https:\/\/www.europesays.com\/fr\/wp-json\/wp\/v2\/users\/2"}],"replies":[{"embeddable":true,"href":"https:\/\/www.europesays.com\/fr\/wp-json\/wp\/v2\/comments?post=226161"}],"version-history":[{"count":0,"href":"https:\/\/www.europesays.com\/fr\/wp-json\/wp\/v2\/posts\/226161\/revisions"}],"wp:featuredmedia":[{"embeddable":true,"href":"https:\/\/www.europesays.com\/fr\/wp-json\/wp\/v2\/media\/226162"}],"wp:attachment":[{"href":"https:\/\/www.europesays.com\/fr\/wp-json\/wp\/v2\/media?parent=226161"}],"wp:term":[{"taxonomy":"category","embeddable":true,"href":"https:\/\/www.europesays.com\/fr\/wp-json\/wp\/v2\/categories?post=226161"},{"taxonomy":"post_tag","embeddable":true,"href":"https:\/\/www.europesays.com\/fr\/wp-json\/wp\/v2\/tags?post=226161"}],"curies":[{"name":"wp","href":"https:\/\/api.w.org\/{rel}","templated":true}]}}