{"id":226163,"date":"2025-07-04T17:37:16","date_gmt":"2025-07-04T17:37:16","guid":{"rendered":"https:\/\/www.europesays.com\/fr\/226163\/"},"modified":"2025-07-04T17:37:16","modified_gmt":"2025-07-04T17:37:16","slug":"il-ne-faut-pas-croire-tout-ce-quon-voit-a-lecran","status":"publish","type":"post","link":"https:\/\/www.europesays.com\/fr\/226163\/","title":{"rendered":"Il ne faut pas croire tout ce qu&rsquo;on voit \u00e0 l&rsquo;\u00e9cran"},"content":{"rendered":"<p>Elle n&rsquo;est pas parvenue \u00e0 revenir dans la maison une deuxi\u00e8me fois. Apr\u00e8s une premi\u00e8re nomination lors du premier prime de <a href=\"https:\/\/www.programme-tv.net\/news\/tele-realite\/379203-date-de-lancement-retour-des-primes-decouvrez-toutes-les-infos-sur-la-nouvelle-saison-de-secret-story-2025-sur-tf1-et-tfx\/\" data-api-deeplink=\"teleloisirs:\/\/news\/379203\" rel=\"nofollow noopener\" target=\"_blank\">Secret Story 2025<\/a>, Marianne a \u00e9t\u00e9 contrainte de quitter le jeu \u00e0 la suite de son \u00e9limination face \u00e0 <a href=\"https:\/\/www.programme-tv.net\/news\/tele-realite\/382460-non-mais-arrete-frere-vraiment-ethan-secret-story-prefere-sauver-mayer-des-nominations-que-lui-meme\/\" data-api-deeplink=\"teleloisirs:\/\/news\/382460\" rel=\"nofollow noopener\" target=\"_blank\">Ethan<\/a> et <a href=\"https:\/\/www.programme-tv.net\/news\/tele-realite\/382487-secret-story-clash-entre-constance-et-celia-mayer-fond-en-larmes-le-resume-de-la-quotidienne-du-mercredi-2-juillet-2025\/\" data-api-deeplink=\"teleloisirs:\/\/news\/382487\" rel=\"nofollow noopener\" target=\"_blank\">Constance<\/a>. Si elle a r\u00e9ussi \u00e0 garder son secret intact au fil des trois semaines de comp\u00e9tition, elle n&rsquo;aura pas r\u00e9ussi \u00e0 d\u00e9masquer l&rsquo;un de ses camarades. <b>Parmi eux, <\/b><a href=\"https:\/\/www.programme-tv.net\/news\/tele-realite\/382367-je-veux-l-exclusivite-romy-secret-story-attiree-par-mayer-elle-avoue-a-marianne-etre-jalouse-de-leur-relation\/\" data-api-deeplink=\"teleloisirs:\/\/news\/382367\" rel=\"nofollow noopener\" target=\"_blank\"><b>Romy<\/b><\/a><b>, avec qui le courant ne passait pas vraiment<\/b>. <a href=\"https:\/\/www.programme-tv.net\/news\/tele-realite\/382648-marianne-eliminee-de-secret-story-2025-repond-aux-accusations-de-racisme-c-est-tres-violent-pour-moi\/\" data-api-deeplink=\"teleloisirs:\/\/news\/382648\" rel=\"nofollow noopener\" target=\"_blank\">Accus\u00e9e de harc\u00e8lement et de racisme, la jeune femme a r\u00e9pondu \u00e0 ces incriminations<\/a>. Face \u00e0 T\u00e9l\u00e9-Loisirs, la candidate se confie sur son aventure et \u00e9voque notamment ses rapports avec Romy.<\/p>\n<p>\u00ab\u00a0J&rsquo;avais envie qu&rsquo;on r\u00e8gle les choses\u00a0\u00bb\u00a0: Marianne (Secret Story 2025) se livre sur ses rapports avec Romy<\/p>\n<p><b>T\u00e9l\u00e9-Loisirs<\/b><b>\u00a0: Comment vous sentiez-vous au sein de votre clan\u00a0?<br \/>Marianne<\/b>\u00a0: On \u00e9tait tous soud\u00e9s, c&rsquo;\u00e9tait vraiment cool. Dans la chambre, on avait des fous rires jusqu&rsquo;\u00e0 5\u00a0heures du matin, on ne dormait pas beaucoup\u2026 Mais on rigolait bien. Je suis tr\u00e8s contente de les avoir rencontr\u00e9s. J&rsquo;ai tr\u00e8s h\u00e2te de les revoir m\u00eame si j&rsquo;ai envie qu&rsquo;ils aillent le plus loin possible dans l&rsquo;aventure. J&rsquo;ai h\u00e2te de les re-rencontrer sans faux-semblants ni mensonges.<\/p>\n<p><b>Apr\u00e8s trois semaines d&rsquo;aventure, avez-vous des regrets\u00a0?<br \/><\/b>Je pense avoir \u00e9t\u00e9 vraie. J&rsquo;aurais peut-\u00eatre aim\u00e9 plus jouer. Mais en m\u00eame temps, dans mon portrait, je dis que je ne suis pas une bonne menteuse, que je ne sais pas trahir. Je ne sais pas si j&rsquo;aurais \u00e9t\u00e9 vraiment bonne \u00e0 ce jeu. Je suis rest\u00e9e moi-m\u00eame avec ma sensibilit\u00e9, mon rire, mes moments de doute\u2026 C&rsquo;est important de rester soi-m\u00eame dans ce jeu.<\/p>\n<p><b>Le week-end dernier, vous vous \u00eates expliqu\u00e9es avec Romy \u00e0 la suite de tensions entre vous. Pourquoi est-ce que \u00e7a ne collait pas entre vous\u00a0?<br \/><\/b>On n&rsquo;a pas de caract\u00e8res compatibles. Je suis quelqu&rsquo;un qui d\u00e9teste le conflit, je sentais qu&rsquo;il y avait une mauvaise ambiance dans la maison. J&rsquo;ai d\u00e9cid\u00e9 de lui parler parce que <b>j&rsquo;avais envie qu&rsquo;on r\u00e8gle les choses et qu&rsquo;on puisse se croiser sans tension<\/b>. Effectivement, on en est venues \u00e0 se dire qu&rsquo;on ne serait pas copines mais qu&rsquo;on pourrait tr\u00e8s bien vivre ensemble. M\u00eame si des fois je l&rsquo;agace et elle m&rsquo;agace, c&rsquo;est la vie, je ne peux pas \u00eatre amie avec tout le monde dans la vie comme dans le jeu. J&rsquo;ai senti une am\u00e9lioration de mon c\u00f4t\u00e9 parce qu&rsquo;on se parlait. Il ne faut pas croire tout ce que l&rsquo;on voit \u00e0 l&rsquo;\u00e9cran. On se pr\u00eate des trucs, on ne se d\u00e9teste pas, ce n&rsquo;est pas comme c&rsquo;est montr\u00e9.<\/p>\n<p>            Secret Story 2025\u00a0: Marianne revient sur son secret \u00ab\u00a0J&rsquo;ai onze pr\u00e9noms\u00a0\u00bb<\/p>\n<p><b>Vous n&rsquo;aviez pas l&rsquo;air tr\u00e8s investie dans la recherche de secrets\u2026 On se trompe\u00a0?<br \/><\/b>Non, je n&rsquo;avais aucune id\u00e9e d&rsquo;un seul secret. \u00c0 z\u00e9ro pour cent. Je n&rsquo;ai rien compris aux indices, je passais des journ\u00e9es \u00e0 l&rsquo;antichambre mais je ne pensais \u00e0 rien, il n&rsquo;y avait pas de connexion dans ma t\u00eate. J&rsquo;aurais aim\u00e9 gagner plus d&rsquo;indices \u00e0 travers des jeux mais je suis partie trop t\u00f4t, tant pis pour moi.<\/p>\n<p><b>\u00c9tait-ce une \u00e9vidence pour vous de postuler avec le secret \u00ab\u00a0J&rsquo;ai onze pr\u00e9noms\u00a0\u00bb\u00a0?<br \/><\/b>Depuis que j&rsquo;ai 18 ans, je fais la blague \u00e0 mes potes en disant qu&rsquo;un jour je ferais Secret Story avec mes onze pr\u00e9noms. En rentrant d&rsquo;un voyage en Asie, j&rsquo;ai vu que le casting \u00e9tait ouvert, <b>j&rsquo;ai postul\u00e9 avec ce secret effectivement et j&rsquo;ai \u00e9t\u00e9 prise<\/b>. Je les connais mais il me faut quand m\u00eame un petit papier. [Elle prend une feuille dans la main, NDLR.] Donc je m&rsquo;appelle Marianne Sylvie Fran\u00e7oise Magdeleine Jeanne Mireille Jacqueline Lucie Julia Germaine \u00c9milie. Mon p\u00e8re est tr\u00e8s fier, lui qui en a dix. Si je viens \u00e0 avoir des enfants, on en donnera douze. Mais c&rsquo;est quand m\u00eame compliqu\u00e9.<\/p>\n<p>                        \u00ab\u00a0Secret Story reste un tremplin\u00a0\u00bb\u00a0: Marianne se confie sur son avenir apr\u00e8s son \u00e9limination<\/p>\n<p><b>Que comptez-vous faire dans les prochains jours\u00a0?<br \/><\/b>Je vais me reposer d\u00e9j\u00e0 parce que trois semaines dans la maison des secrets, m\u00eame si on ne trouve pas de secret, c&rsquo;est fatigant. Je vais profiter de mes proches,<b> je ne vais pas trop me plonger dans les r\u00e9seaux sociaux parce que c&rsquo;est un peu difficile pour moi<\/b>. Je vais me concentrer sur mes messages priv\u00e9s, essayer de faire un peu plus de r\u00e9seaux sociaux de fa\u00e7on plus rythm\u00e9e et de continuer mes vid\u00e9os marrantes comme avant.<\/p>\n<p><b>Comment voyez-vous la suite\u00a0?<br \/><\/b>Je suis saisonni\u00e8re en restauration, je travaille en cuisine ou en salle. J&rsquo;avais aussi ouvert ma bo\u00eete de photo et de vid\u00e9o \u00e0 mon compte. J&rsquo;aimerais ne pas faire de saison cet \u00e9t\u00e9, me tourner vers autre chose. Je ne crache pas dessus mais <b>Secret Story<\/b><b> reste pour moi un tremplin et \u00e7a peut aider les gens \u00e0 r\u00e9aliser leurs r\u00eaves<\/b>. Je n&rsquo;en ai pas un pr\u00e9cis mais je suis touche-\u00e0-tout et j&rsquo;accepterais, ou pas, les demandes qu&rsquo;on me fera. Si on ne m&rsquo;en fait pas, je serai vex\u00e9e. [Elle rit.]<\/p>\n","protected":false},"excerpt":{"rendered":"Elle n&rsquo;est pas parvenue \u00e0 revenir dans la maison une deuxi\u00e8me fois. Apr\u00e8s une premi\u00e8re nomination lors du&hellip;\n","protected":false},"author":2,"featured_media":226164,"comment_status":"","ping_status":"","sticky":false,"template":"","format":"standard","meta":{"footnotes":""},"categories":[1356],"tags":[244,58,59,1011,27,2173,32482,32483,32726,36478,29901,32480,32481,252,30052,2175,1364],"class_list":{"0":"post-226163","1":"post","2":"type-post","3":"status-publish","4":"format-standard","5":"has-post-thumbnail","7":"category-television","8":"tag-commentaire","9":"tag-divertissement","10":"tag-entertainment","11":"tag-fr","12":"tag-france","13":"tag-interview","14":"tag-la-quotidienne-4262024-0705-pm-tfx","15":"tag-la-quotidienne-512024-0530-pm-tf1","16":"tag-marianne-secret-story-13","17":"tag-romy-secret-story-13","18":"tag-secret-story","19":"tag-secret-story-4232024-1130-pm-tf1","20":"tag-secret-story-6182024-1130-pm-tf1","21":"tag-television","22":"tag-tfx","23":"tag-tl-story","24":"tag-tv"},"share_on_mastodon":{"url":"https:\/\/pubeurope.com\/@fr\/114796183276141008","error":""},"_links":{"self":[{"href":"https:\/\/www.europesays.com\/fr\/wp-json\/wp\/v2\/posts\/226163","targetHints":{"allow":["GET"]}}],"collection":[{"href":"https:\/\/www.europesays.com\/fr\/wp-json\/wp\/v2\/posts"}],"about":[{"href":"https:\/\/www.europesays.com\/fr\/wp-json\/wp\/v2\/types\/post"}],"author":[{"embeddable":true,"href":"https:\/\/www.europesays.com\/fr\/wp-json\/wp\/v2\/users\/2"}],"replies":[{"embeddable":true,"href":"https:\/\/www.europesays.com\/fr\/wp-json\/wp\/v2\/comments?post=226163"}],"version-history":[{"count":0,"href":"https:\/\/www.europesays.com\/fr\/wp-json\/wp\/v2\/posts\/226163\/revisions"}],"wp:featuredmedia":[{"embeddable":true,"href":"https:\/\/www.europesays.com\/fr\/wp-json\/wp\/v2\/media\/226164"}],"wp:attachment":[{"href":"https:\/\/www.europesays.com\/fr\/wp-json\/wp\/v2\/media?parent=226163"}],"wp:term":[{"taxonomy":"category","embeddable":true,"href":"https:\/\/www.europesays.com\/fr\/wp-json\/wp\/v2\/categories?post=226163"},{"taxonomy":"post_tag","embeddable":true,"href":"https:\/\/www.europesays.com\/fr\/wp-json\/wp\/v2\/tags?post=226163"}],"curies":[{"name":"wp","href":"https:\/\/api.w.org\/{rel}","templated":true}]}}