{"id":226167,"date":"2025-07-04T17:39:16","date_gmt":"2025-07-04T17:39:16","guid":{"rendered":"https:\/\/www.europesays.com\/fr\/226167\/"},"modified":"2025-07-04T17:39:16","modified_gmt":"2025-07-04T17:39:16","slug":"le-chambon-sur-lignon-le-film-le-repondeur-plebiscite-au-cinema","status":"publish","type":"post","link":"https:\/\/www.europesays.com\/fr\/226167\/","title":{"rendered":"Le Chambon-sur-Lignon : le film \u00ab Le R\u00e9pondeur \u00bb pl\u00e9biscit\u00e9 au cin\u00e9ma"},"content":{"rendered":"<p>\t\t\t\t\t\t\t\t\t\t\t\t\t\t\t\t\t\t\t\t\t\t\t\t\t\t\t\t\t\t\t\t\t\t\t\t\t\t\t\t\t\t\t\t\t\t<img decoding=\"async\" src=\"https:\/\/www.europesays.com\/fr\/wp-content\/uploads\/2025\/07\/carre_copy_copy.gif\" alt=\"Fraisse David carr\u00e9 2024\"\/><\/p>\n<p><strong>Mercredi soir, la salle de cin\u00e9ma du Cin\u00e9ma Scoop \u00e9tait remplie pour la projection du film\u00a0\u00ab\u00a0Le R\u00e9pondeur\u00a0\u00bb, en pr\u00e9sence de la r\u00e9alisatrice et de l&rsquo;acteur principal.<\/strong><\/p>\n<p>Fabienne Godet, la r\u00e9alisatrice, dispose d\u00e9sormais d&rsquo;attaches sur le Plateau. Avec un collectif d&rsquo;artistes, elle a achet\u00e9 la Maison des Sapins \u00e0 Devesset. Son dernier film \u00ab\u00a0Le R\u00e9pondeur\u00a0\u00bb arrive en 4e semaine et les retours des spectateurs sont \u00e9logieux. Ils l&rsquo;\u00e9taient mercredi \u00e0 l&rsquo;encontre de Salif Ciss\u00e9, acteur devenu imitateur pour ce long-m\u00e9trage o\u00f9 il va vocalement remplacer\u00a0Pierre Choz\u00e8ne (Denis Podalyd\u00e8s). Ce romancier c\u00e9l\u00e8bre mais discret, constamment d\u00e9rang\u00e9 par les appels incessants de son \u00e9diteur, sa fille, son ex-femme&#8230;a besoin de calme pour \u00e9crire son texte le plus ambitieux. Il propose alors \u00e0 Baptiste (Salif Ciss\u00e9) de devenir son \u00ab\u00a0r\u00e9pondeur\u00a0\u00bb en se faisant passer pour lui au t\u00e9l\u00e9phone\u2026\u00a0<\/p>\n","protected":false},"excerpt":{"rendered":"Mercredi soir, la salle de cin\u00e9ma du Cin\u00e9ma Scoop \u00e9tait remplie pour la projection du film\u00a0\u00ab\u00a0Le R\u00e9pondeur\u00a0\u00bb, en&hellip;\n","protected":false},"author":2,"featured_media":226168,"comment_status":"","ping_status":"","sticky":false,"template":"","format":"standard","meta":{"footnotes":""},"categories":[1354],"tags":[2281,58,59,2282,1346,1011,27,2280,2284,2285,2283,1360],"class_list":{"0":"post-226167","1":"post","2":"type-post","3":"status-publish","4":"format-standard","5":"has-post-thumbnail","7":"category-films","8":"tag-actualite-43","9":"tag-divertissement","10":"tag-entertainment","11":"tag-faits-divers-auvergne","12":"tag-films","13":"tag-fr","14":"tag-france","15":"tag-information-haute-loire","16":"tag-infos-43","17":"tag-journal-haute-loire","18":"tag-la-commere-43","19":"tag-movies"},"share_on_mastodon":{"url":"https:\/\/pubeurope.com\/@fr\/114796190974354622","error":""},"_links":{"self":[{"href":"https:\/\/www.europesays.com\/fr\/wp-json\/wp\/v2\/posts\/226167","targetHints":{"allow":["GET"]}}],"collection":[{"href":"https:\/\/www.europesays.com\/fr\/wp-json\/wp\/v2\/posts"}],"about":[{"href":"https:\/\/www.europesays.com\/fr\/wp-json\/wp\/v2\/types\/post"}],"author":[{"embeddable":true,"href":"https:\/\/www.europesays.com\/fr\/wp-json\/wp\/v2\/users\/2"}],"replies":[{"embeddable":true,"href":"https:\/\/www.europesays.com\/fr\/wp-json\/wp\/v2\/comments?post=226167"}],"version-history":[{"count":0,"href":"https:\/\/www.europesays.com\/fr\/wp-json\/wp\/v2\/posts\/226167\/revisions"}],"wp:featuredmedia":[{"embeddable":true,"href":"https:\/\/www.europesays.com\/fr\/wp-json\/wp\/v2\/media\/226168"}],"wp:attachment":[{"href":"https:\/\/www.europesays.com\/fr\/wp-json\/wp\/v2\/media?parent=226167"}],"wp:term":[{"taxonomy":"category","embeddable":true,"href":"https:\/\/www.europesays.com\/fr\/wp-json\/wp\/v2\/categories?post=226167"},{"taxonomy":"post_tag","embeddable":true,"href":"https:\/\/www.europesays.com\/fr\/wp-json\/wp\/v2\/tags?post=226167"}],"curies":[{"name":"wp","href":"https:\/\/api.w.org\/{rel}","templated":true}]}}