{"id":226179,"date":"2025-07-04T17:46:10","date_gmt":"2025-07-04T17:46:10","guid":{"rendered":"https:\/\/www.europesays.com\/fr\/226179\/"},"modified":"2025-07-04T17:46:10","modified_gmt":"2025-07-04T17:46:10","slug":"emprisonne-en-algerie-lecrivain-boualem-sansal-na-pas-recu-la-grace-presidentielle-dabdelmadjid-tebboune","status":"publish","type":"post","link":"https:\/\/www.europesays.com\/fr\/226179\/","title":{"rendered":"Emprisonn\u00e9 en Alg\u00e9rie, l\u2019\u00e9crivain Boualem Sansal n\u2019a pas re\u00e7u la gr\u00e2ce pr\u00e9sidentielle d\u2019Abdelmadjid Tebboune"},"content":{"rendered":"<p>L\u2019\u00e9crivain franco-alg\u00e9rien ne figure pas parmi les d\u00e9tenus graci\u00e9s pour l\u2019anniversaire de l\u2019ind\u00e9pendance. Seul et dernier sc\u00e9nario possible\u00a0: celui d\u2019une gr\u00e2ce individuelle, suspendue \u00e0 une d\u00e9cision pr\u00e9sidentielle dont le calendrier reste impr\u00e9visible.<\/p>\n<p class=\"fig-paragraph\">L\u2019option d\u2019une lib\u00e9ration de\u00a0<a href=\"http:\/\/www.lefigaro.fr\/vox\/culture\/boualem-sansal-ou-la-francophonie-emmuree-20250704\" data-fig-type=\"Article\" data-gtm-custom-categorie=\"navigation\" data-gtm-custom-action=\"crossclick\" data-gtm-custom-label=\"Contextuel\" data-gtm-event=\"customEventSPE\" data-fig-domain=\"LEFIGARO\" target=\"_blank\" rel=\"noopener\">Boualem Sansal<\/a>\u00a0\u00e0 l\u2019occasion du 5 juillet est \u00e9cart\u00e9e. Les d\u00e9crets publi\u00e9s ce mercredi, veille du 63e anniversaire de l\u2019ind\u00e9pendance de l\u2019Alg\u00e9rie, donnant les cat\u00e9gories de d\u00e9tenus graci\u00e9s excluent les prisonniers condamn\u00e9s pour \u00abatteinte \u00e0 l\u2019unit\u00e9 nationale\u00bb.<\/p>\n<p class=\"fig-paragraph\">La cour d\u2019appel d\u2019Alger a confirm\u00e9 mardi 1er juillet une peine de cinq ans de prison ferme \u00e0 l\u2019encontre de l\u2019\u00e9crivain franco-alg\u00e9rien de 80 ans, d\u00e9tenu en Alg\u00e9rie depuis novembre 2024.<\/p>\n<p>                                    <a class=\"fig-a11y-skip a11y-hidden\" href=\"#fig-a11y-skip-main-inarticle\"><br \/>\n        Passer la publicit\u00e9<br \/>\n    <\/a><\/p>\n<p class=\"fig-paragraph\">Les diff\u00e9rents sc\u00e9narios possibles s\u2019amenuisent d\u00e9sormais. Il n\u2019en reste m\u00eame plus qu\u2019un seul\u00a0: celui d\u2019une gr\u00e2ce pr\u00e9sidentielle d\u00e9cr\u00e9t\u00e9e pour raison m\u00e9dicale au moment o\u00f9 le pr\u00e9sident alg\u00e9rien d\u00e9cidera de le faire. Abdelmadjid Tebboune garderait le contr\u00f4le total du tempo politique de cette d\u00e9cision qui pourrait intervenir \u00e0 tout moment \u2013 sans donner l\u2019impression de c\u00e9der \u00e0 Paris comme aurait pu le sous-entendre une gr\u00e2ce le 5 juillet.<\/p>\n<p>Une gr\u00e2ce encore possible<\/p>\n<p class=\"fig-paragraph\">Une mesure en dehors des dates officielles ne serait pas in\u00e9dite. Plusieurs figures de l\u2019opposition ou de la soci\u00e9t\u00e9 civile ont vu leur sort r\u00e9gl\u00e9 ainsi\u00a0: le journaliste Khaled Drareni, lui aussi condamn\u00e9 pour \u00abatteinte \u00e0 l\u2019unit\u00e9 nationale\u00bb, avait ainsi \u00e9t\u00e9 lib\u00e9r\u00e9 en f\u00e9vrier 2021 pour l\u2019anniversaire du Hirak, vaste mouvement populaire ayant conduit \u00e0 la chute d\u2019Abdelaziz Bouteflika. En d\u00e9cembre 2024, une autre vague de gr\u00e2ces pr\u00e9sidentielles avait concern\u00e9 2 471 d\u00e9tenus \u00e0 l\u2019occasion d\u2019un \u00abd\u00e9cret sp\u00e9cial d\u2019apaisement\u00bb.<\/p>\n<p class=\"fig-paragraph\">Boualem Sansal, qui n\u2019a pas introduit de pourvoi en cassation, laisse sa condamnation devenir d\u00e9finitive \u2013 une condition n\u00e9cessaire pour b\u00e9n\u00e9ficier d\u2019une mesure de gr\u00e2ce. Cette strat\u00e9gie vise clairement \u00e0 maximiser les chances d\u2019un d\u00e9nouement politique.<\/p>\n<p class=\"fig-paragraph\">Plusieurs m\u00e9dias alg\u00e9riens ont d\u00e9nonc\u00e9 de concert, jeudi, la \u00abfixation sur Sansal\u00bb, comme titrait en une Le Soir d\u2019Alg\u00e9rie, rappelant que plus de 1700 Fran\u00e7ais sont actuellement d\u00e9tenus \u00e0 l\u2019\u00e9tranger. \u00abPourtant, il n\u2019y en a qu\u2019un seul qui semble int\u00e9resser le gouvernement fran\u00e7ais\u00a0: Boualem Sansal.\u00bb El Khabar, quotidien arabophone, reprenait l\u2019argument en s\u2019\u00e9tonnant que ce \u00abFran\u00e7ais de six mois\u00bb (pour souligner que l\u2019essayiste n\u2019a pas la nationalit\u00e9 fran\u00e7aise depuis longtemps) attire \u00abcette attention exceptionnelle\u00bb m\u00e9diatique et politique depuis Paris. \u00abNous avons assist\u00e9, ces derniers mois, \u00e0 un d\u00e9ferlement de calomnies, d\u2019intox et de mensonges pr\u00e9fabriqu\u00e9s\u00bb, rappelait quant \u00e0 lui le quotidien L\u2019Expression, en visant explicitement l\u2019extr\u00eame droite fran\u00e7aise, jug\u00e9e responsable de l\u2019emballement autour du dossier.<\/p>\n<p class=\"fig-paragraph\">\u00c0 Alger, certaines sources proches de la d\u00e9cision politique regrettent \u00abl\u2019enfermement diplomatique fran\u00e7ais\u00bb sur le cas Sansal. \u00c0 Paris, le premier ministre fran\u00e7ais Fran\u00e7ois Bayrou esp\u00e9rait mardi \u00abdes mesures de gr\u00e2ce\u00bb. \u00abLa situation que Boualem Sansal subit est une situation que tous les Fran\u00e7ais et le gouvernement fran\u00e7ais trouvent insupportable, \u00e0 juste titre. Maintenant qu\u2019il y a eu condamnation, on peut imaginer que des mesures de gr\u00e2ce, notamment en fonction de la sant\u00e9 de notre compatriote, soient prises\u00bb, a d\u00e9clar\u00e9 le chef du gouvernement fran\u00e7ais.<\/p>\n<p>                                    <a class=\"fig-a11y-skip a11y-hidden\" href=\"#fig-a11y-skip-main-inarticle_mtf\"><br \/>\n        Passer la publicit\u00e9<br \/>\n    <\/a><\/p>\n<p class=\"fig-paragraph\">Jeudi, Sophie Primas, la porte-parole du gouvernement, qui s\u2019est exprim\u00e9e sur Cnews, a assur\u00e9 que \u00abla France utilise les moyens diplomatiques pour demander au pr\u00e9sident Tebboune une gr\u00e2ce humanitaire\u00bb. Dans les couloirs de la diplomatie, on appr\u00e9hende que la d\u00e9cision d\u2019une gr\u00e2ce \u00abtarde trop\u00bb et qu\u2019un d\u00e9cha\u00eenement des m\u00e9dias et de la classe politique entra\u00eene \u00e0 nouveau une crispation des autorit\u00e9s alg\u00e9riennes.<\/p>\n","protected":false},"excerpt":{"rendered":"L\u2019\u00e9crivain franco-alg\u00e9rien ne figure pas parmi les d\u00e9tenus graci\u00e9s pour l\u2019anniversaire de l\u2019ind\u00e9pendance. Seul et dernier sc\u00e9nario possible\u00a0:&hellip;\n","protected":false},"author":2,"featured_media":226180,"comment_status":"","ping_status":"","sticky":false,"template":"","format":"standard","meta":{"footnotes":""},"categories":[4],"tags":[11,15,4142,1011,27,12,25],"class_list":{"0":"post-226179","1":"post","2":"type-post","3":"status-publish","4":"format-standard","5":"has-post-thumbnail","7":"category-france","8":"tag-actualites","9":"tag-algerie","10":"tag-boualem-sansal","11":"tag-fr","12":"tag-france","13":"tag-news","14":"tag-republique-francaise"},"share_on_mastodon":{"url":"https:\/\/pubeurope.com\/@fr\/114796218476474553","error":""},"_links":{"self":[{"href":"https:\/\/www.europesays.com\/fr\/wp-json\/wp\/v2\/posts\/226179","targetHints":{"allow":["GET"]}}],"collection":[{"href":"https:\/\/www.europesays.com\/fr\/wp-json\/wp\/v2\/posts"}],"about":[{"href":"https:\/\/www.europesays.com\/fr\/wp-json\/wp\/v2\/types\/post"}],"author":[{"embeddable":true,"href":"https:\/\/www.europesays.com\/fr\/wp-json\/wp\/v2\/users\/2"}],"replies":[{"embeddable":true,"href":"https:\/\/www.europesays.com\/fr\/wp-json\/wp\/v2\/comments?post=226179"}],"version-history":[{"count":0,"href":"https:\/\/www.europesays.com\/fr\/wp-json\/wp\/v2\/posts\/226179\/revisions"}],"wp:featuredmedia":[{"embeddable":true,"href":"https:\/\/www.europesays.com\/fr\/wp-json\/wp\/v2\/media\/226180"}],"wp:attachment":[{"href":"https:\/\/www.europesays.com\/fr\/wp-json\/wp\/v2\/media?parent=226179"}],"wp:term":[{"taxonomy":"category","embeddable":true,"href":"https:\/\/www.europesays.com\/fr\/wp-json\/wp\/v2\/categories?post=226179"},{"taxonomy":"post_tag","embeddable":true,"href":"https:\/\/www.europesays.com\/fr\/wp-json\/wp\/v2\/tags?post=226179"}],"curies":[{"name":"wp","href":"https:\/\/api.w.org\/{rel}","templated":true}]}}