{"id":226183,"date":"2025-07-04T17:48:23","date_gmt":"2025-07-04T17:48:23","guid":{"rendered":"https:\/\/www.europesays.com\/fr\/226183\/"},"modified":"2025-07-04T17:48:23","modified_gmt":"2025-07-04T17:48:23","slug":"municipales-2026-a-saint-chamond-lunion-de-la-gauche-ferme-et-complete","status":"publish","type":"post","link":"https:\/\/www.europesays.com\/fr\/226183\/","title":{"rendered":"Municipales 2026\u00a0: \u00e0 Saint-Chamond, l\u2019union de la gauche ferme et compl\u00e8te"},"content":{"rendered":"<p class=\"is-style-chapo\">Bien que l\u2019aval officiel de LFI ne puisse pas tomber avant la rentr\u00e9e, calendrier national du parti oblige. Pour ce qui concerne EELV, le PC, Place Publique, le PS et l\u2019association Saint-Chamond pour tous, c\u2019est officiel\u00a0: ils feront liste commune pour tenter de prendre la mairie couramiaude. Une union \u00e0 la largeur in\u00e9dite qui lui accorde probablement des chances au regard du contexte c\u00f4t\u00e9 sortant\u2026 \u00ab\u00a0Saint-Chamond, verte et solidaire, pour une ville apais\u00e9e et vivante\u00a0\u00bb aura pour t\u00eate l\u2019\u00e9lu d\u2019opposition \u00e9cologiste Jean Minnaert. \u00a0<\/p>\n<p><img fetchpriority=\"high\" decoding=\"async\" width=\"1024\" height=\"576\" src=\"https:\/\/www.europesays.com\/fr\/wp-content\/uploads\/2025\/07\/b4-1024x576.jpg\" alt=\"\" class=\"wp-image-80021\"  \/>Lors de ma pr\u00e9sentation de cette union le 20 juin dernier \u00e0 Saint-Chamond. \u00a9If M\u00e9dias \/ Xavier Alix<\/p>\n<p>La seconde ville la plus peupl\u00e9e de la Loire va-t-elle basculer \u00e0 gauche\u00a0? Les plan\u00e8tes semblent en tout cas aussi bien \u2013 voire davantage -, align\u00e9es pour elle qu\u2019en 2008. Il y a 17 ans, l\u2019\u00e9lection du socialiste Philippe Kizirian \u00e0 la t\u00eate d\u2019une liste gauche plurielle mais pas compl\u00e8te \u2013 sans les \u00e9cologistes men\u00e9s par Jean Minnaert, \u00e9limin\u00e9s au 1er tour \u2013 marque une parenth\u00e8se de 6 ans \u00e0 30 ann\u00e9es cumul\u00e9es de gestion par la droite et le centre droite, de 1989 jusqu\u2019\u00e0 aujourd\u2019hui. En <a href=\"https:\/\/www.archives-resultats-elections.interieur.gouv.fr\/resultats\/municipales_2008\/042\/042207.php\" target=\"_blank\" rel=\"noreferrer noopener\">2008<\/a>, la droite et le centre droit sortants avaient fracass\u00e9 leur union traditionnelle et divis\u00e9 leur poids\u00a0: deux listes totalisant plus de 60 % des voix exprim\u00e9es au premier comme au second round tandis que le vainqueur \u00e9mergeait de la m\u00eal\u00e9e \u00e0 36 %\u2026<\/p>\n<p>Autre contexte, autre temps, autres raisons mais cons\u00e9quence potentiellement identique\u00a0: la majorit\u00e9 actuelle s\u2019est, elle aussi, divis\u00e9e et l\u2019ex adjoint Jean-Luc Degraix est <a href=\"https:\/\/www.if-saint-etienne.fr\/breves\/municipales-2026-a-saint-chamond-jean-luc-degraix-a-officialise-sa-candidature\" target=\"_blank\" rel=\"noreferrer noopener\">officiellement<\/a> \u00e0 la t\u00eate d\u2019une liste tandis que la candidature \u00e0 sa succession de son nouveau puis ex maire, Axel Dugua ne fait aucun doute. Il faut ajouter au paysage la probable pr\u00e9sence de l\u2019extr\u00eame droite, absente en 2008\u2026 Le scenario de <a href=\"https:\/\/www.archives-resultats-elections.interieur.gouv.fr\/resultats\/MN2014\/042\/042207.php\" target=\"_blank\" rel=\"noreferrer noopener\">2014<\/a> d\u00e9ment le b\u00e9gaiement obligatoire de 2008 mais si Emmanuel Mandon, qualifi\u00e9 pour le 2e tour, ne s\u2019\u00e9tait pas retir\u00e9, Herv\u00e9 Reynaud avait des chances de ne pas \u00eatre r\u00e9\u00e9lu. Lui et sa liste avaient, en revanche, \u00e9cras\u00e9 l\u2019\u00e9lection il y a 5 ans, avec plus de 58 % r\u00e9alis\u00e9 d\u00e8s le 1er tour mais\u2026 sans concurrence du m\u00eame bord.<\/p>\n<p>Liste \u00ab\u00a0Saint-Chamond, verte et solidaire\u00a0\u00bb<\/p>\n<p>Pour 2026, celui oppos\u00e9 en tout cas fera parfaitement bloc bien que \u00ab\u00a0leur division\u00a0(celle issue de la majorit\u00e9) ne les int\u00e9resse pas\u00a0\u00bb. Le 20 juin, les repr\u00e9sentants, encart\u00e9s ou non de \u00ab\u00a0Saint-Chamond, verte et solidaire, pour une ville apais\u00e9e et vivante\u00a0\u00bb ont organis\u00e9 une conf\u00e9rence de presse pour l\u2019annoncer. EELV, le PC, Place Publique, le PS et l\u2019association Saint-Chamond pour tous (qui avait port\u00e9 une liste comptant St\u00e9phane Valette, du PS en t\u00eate mais compos\u00e9e pour beaucoup de sans \u00e9tiquettes), ont officiellement annonc\u00e9 leur union \u00e0 la suite de discussions entam\u00e9es en janvier dernier, d\u00e9roul\u00e9es selon leurs dires sans accroc. LFI en \u00e9tait et sera tr\u00e8s probablement de la partie mais n\u2019a pas encore officialis\u00e9 sa pr\u00e9sence par respect pour le calendrier des d\u00e9cisions fix\u00e9s au niveau national. Le feu vert est attendu pour la rentr\u00e9e.<\/p>\n<p>C\u2019est le conseiller d\u2019opposition municipal d\u2019opposition \u00e9cologiste Jean Minnaert, cadre \u00e9ducatif, 61 ans, \u00ab\u00a0militant depuis les ann\u00e9es 80\u00a0\u00bb qui conduira cette liste d\u2019union. La r\u00e9partition des 38 autres membres suivra \u00e9videmment un \u00e9quilibre, au-del\u00e0 d\u2019une parit\u00e9 qui est de toute fa\u00e7on une obligation. On sait d\u00e9j\u00e0 que Nathalie Champalle (PS) sera en seconde position et Julien Giraudo (PC, directeur de cabinet du maire de Rive-de-Gier), troisi\u00e8me. La formation rapide de cette union large \u2013 jusqu\u2019\u00e0 l\u2019int\u00e9gration de Place Publique qui suscite souvent l\u2019hostilit\u00e9 du c\u00f4t\u00e9 le plus \u00e0 gauche, comme \u00e0 Saint-Etienne\u2026 \u2013 contraste avec la situation st\u00e9phanoise, toujours en <a href=\"https:\/\/www.if-saint-etienne.fr\/politique-societe\/municipales-2026-a-saint-etienne-la-gauche-plurielle-oui-mais-faute-daccord-a-ce-stade\" target=\"_blank\" rel=\"noreferrer noopener\">n\u00e9gociations<\/a> (certes, nous ne sommes encore \u00e0 9 mois du scrutin) m\u00eame si \u00e9videmment, l\u2019enjeu de la capitale de la Loire attire davantage l\u2019attention des partis nationaux ainsi que les ambitions des personnalit\u00e9s locales. Mais il s\u2019agit tout de m\u00eame de la plus grande ville du d\u00e9partement \u2013 et de tr\u00e8s loin, except\u00e9 Roanne \u2013 en population.<\/p>\n<p>Une ville \u00ab\u00a0profond\u00e9ment divis\u00e9e\u00a0\u00bb<\/p>\n<p>\u00ab\u00a0Il faut dire que sans \u00eatre syst\u00e9matiquement d\u2019accord sur tout, nous n\u2019avons jamais \u00e9t\u00e9 en conflit. Nos positions sont tr\u00e8s souvent communes et nous pr\u00e9parons tr\u00e8s r\u00e9guli\u00e8rement des dossiers ensemble\u00a0\u00bb, note Christiane Marquet-Massardier (de Place Publique), actuelle \u00e9lue d\u2019opposition. \u00ab\u00a0Cette union est une premi\u00e8re, ajoute J. Minnaert. Mais nous avons d\u00e9j\u00e0 appris \u00e0 travailler ensemble et peu importe les d\u00e9bats nationaux de nos partis, surtout que tout le monde n\u2019en a pas\u00a0: nos valeurs de gauche restent communes et voulons les faire gagner. Nous restons ouverts \u00e0 d\u2019autres formations d\u2019ailleurs y compris LO, comme le parti l\u2019avait fait en 2008 oui s\u2019ils adh\u00e8rent \u00e0 ce que nous voulons faire.\u00a0\u00bb Ce programme reste bien s\u00fbr en cours d\u2019\u00e9laboration. Il part toutefois d\u2019un diagnostic\u00a0: \u00ab\u00a0Apr\u00e8s deux mandats encha\u00een\u00e9s par la droite, la ville est dans la stagnation, voire pire, estime J. Minnaert. On ne comprend pour qui cette majorit\u00e9 agit exactement comme l\u2019illustre la dispendieuse r\u00e9novation de <a href=\"https:\/\/www.if-saint-etienne.fr\/politique-societe\/saint-chamond-une-sacree-cure-de-jouvence-pour-son-hotel-dieu\" target=\"_blank\" rel=\"noreferrer noopener\">l\u2019H\u00f4tel Dieu<\/a> pour un bienfait peu \u00e9vident.\u00a0\u00bb \u00a0<\/p>\n<blockquote>\n<p>Apr\u00e8s deux mandats encha\u00een\u00e9s par la droite, la ville est dans la stagnation, voire pire. <\/p>\n<p>Jean Minnaert, \u00e9lu d\u2019opposition EELV et t\u00eate de liste de la gauche<\/p><\/blockquote>\n<p>Saint-Chamond se trouve, selon l\u2019union de la gauche dans une situation de \u00ab\u00a0profonde division\u00a0\u00bb provoqu\u00e9e par ce gestion et accentu\u00e9e par \u00ab\u00a0une extr\u00eame droite qui se pla\u00eet \u00e0 monter les uns contre les autres. C\u2019est pour cela que nous parlons d\u2019apaiser la ville. Cela passera par donner v\u00e9ritablement des r\u00e9ponses, non apport\u00e9es, aux enjeux socio-environnementaux\u00a0: qui peut, par exemple, de nos jours r\u00e9ellement se d\u00e9placer sereinement dans cette commune via des modes doux \u2013 \u00e0 pied, en v\u00e9lo \u2013 ? La r\u00e9novation des places fait toujours autant de place au stationnement. Idem quand on parle de sant\u00e9, avec toujours moins d\u2019acc\u00e8s\u00a0: la maison m\u00e9dicale part pour L\u2019Horme et oui, une municipalit\u00e9 peut agir l\u00e0-dessus en faisant tout pour offrir des b\u00e2timents ad\u00e9quats \u00e0 l\u2019ARS.\u00a0\u00bb<\/p>\n<p>Une logique d\u2019attractivit\u00e9 jug\u00e9e illusoire<\/p>\n<p>\u00a0\u00ab\u00a0Saint-Chamond, verte et solidaire\u00a0\u00bb estime aussi qu\u2019il est temps d\u2019\u00e9tablir une d\u00e9mocratie directe, une consultation de la population et des expertises qu\u2019elle porte. Ce qui est mis en \u0153uvre \u00e0 ce niveau ne trouvant pas gr\u00e2ce \u00e0 ses yeux\u00a0: \u00ab\u00a0L\u2019op\u00e9ration Saint-Chamond, <a href=\"https:\/\/www.if-saint-etienne.fr\/politique\/saint-chamond-annonce-sonder-ses-habitants-pour-forger-2035\" target=\"_blank\" rel=\"noreferrer noopener\">Horizon 2035<\/a> est un \u00e9chec co\u00fbteux avec tr\u00e8s peu de monde venu, une surrepr\u00e9sentation des retrait\u00e9s et de toute fa\u00e7on \u00e0 vis\u00e9e \u00e9lectorale (ce dont se d\u00e9fend cat\u00e9goriquement le maire Axel Dugua, Ndlr), analyse Christiane Marquet-Massardier. Les quelques personnes qui viennent \u00e0 ce type de consultation ne sont pas repr\u00e9sentatifs. Il faut faire en sorte que ce soit le cas pour avoir de la valeur en passant davantage par le biais des structures comme les centres sociaux. \u00bb Pour Jean Minnaert, s\u2019il reconna\u00eet la comp\u00e9tence d\u2019Herv\u00e9 Reynaud \u00e0 d\u00e9faut d\u2019approuver ses choix, le costume est en revanche trop grand pour le maire actuel qu\u2019il <a href=\"https:\/\/www.if-saint-etienne.fr\/politique\/succession-a-saint-chamond-ce-sera-bien-axel-dugua\" target=\"_blank\" rel=\"noreferrer noopener\">adoub\u00e9<\/a> et \u00ab\u00a0ce n\u2019est pas une question d\u2019\u00e2ge\u00a0\u00bb.<\/p>\n<p>\u00ab\u00a0Des finances saines\u00a0?\u00a0 Certes, mais qui commencent \u00e0 s\u00e9rieusement d\u00e9visser \u00bb, assure Jean Minnaert. Julien Giraudo estime que l\u2019int\u00e9r\u00eat g\u00e9n\u00e9ral est pass\u00e9 au second plan, \u00e0 commencer par le pouvoir d\u2019achat sur lequel \u00ab\u00a0l\u00e0 aussi une municipalit\u00e9 peut agir, via ses tarifs par exemple au lieu d\u2019appliquer une logique d\u2019attractivit\u00e9 \u00e0 tout prix jug\u00e9e illusoire et au d\u00e9triment des personnes d\u00e9j\u00e0 l\u00e0.\u00a0\u00bb A ce titre, l\u2019union de la gauche s\u2019oppose \u00e0 l\u2019id\u00e9e d\u2019extension \u00ab\u00a0contre la volont\u00e9 des habitants et au d\u00e9triment de bonnes terres agricoles\u00a0\u00bb de la zone <a href=\"https:\/\/www.if-saint-etienne.fr\/economie\/saint-etienne-metropole-ne-fera-pas-du-amazon-avec-stelytec-ii\" target=\"_blank\" rel=\"noreferrer noopener\">Stelytec<\/a>, en petite partie sur Saint-Chamond. Ou encore sur le projet du Scabb d\u2019un <a href=\"https:\/\/www.if-saint-etienne.fr\/sports\/saint-chamond-la-scabb-valley-sort-du-panier\" target=\"_blank\" rel=\"noreferrer noopener\">complexe<\/a> immobilier et de loisirs autour de l\u2019Arena (nous reviendrons sur ce sujet faisant l\u2019objet d\u2019une opposition par un collectif). \u00ab\u00a0L\u2019urgence est \u00e0 la v\u00e9g\u00e9talisation massive, ce qui n\u2019emp\u00eache pas de se soucier de l\u2019emploi mais de mani\u00e8re moins \u00ab\u00a0cour-termiste\u00a0\u00bb en aidant \u00e0 d\u00e9velopper davantage ce qui existe d\u00e9j\u00e0 \u00bb Du vert donc, bien combin\u00e9 avec le rose et aussi le rouge.<\/p>\n","protected":false},"excerpt":{"rendered":"Bien que l\u2019aval officiel de LFI ne puisse pas tomber avant la rentr\u00e9e, calendrier national du parti oblige.&hellip;\n","protected":false},"author":2,"featured_media":226184,"comment_status":"","ping_status":"","sticky":false,"template":"","format":"standard","meta":{"footnotes":""},"categories":[9653],"tags":[1111,11,2430,15916,5949,2761,1777,674,1011,27,36479,3434,36480,12,25,4001],"class_list":{"0":"post-226183","1":"post","2":"type-post","3":"status-publish","4":"format-standard","5":"has-post-thumbnail","7":"category-saint-etienne","8":"tag-actu","9":"tag-actualites","10":"tag-auvergne-rhone-alpes","11":"tag-electif","12":"tag-elections","13":"tag-elections-municipales-2026","14":"tag-eu","15":"tag-europe","16":"tag-fr","17":"tag-france","18":"tag-jean-minnaert","19":"tag-municipales-2026","20":"tag-municipales-saint-chamond","21":"tag-news","22":"tag-republique-francaise","23":"tag-saint-etienne"},"share_on_mastodon":{"url":"https:\/\/pubeurope.com\/@fr\/114796226480917498","error":""},"_links":{"self":[{"href":"https:\/\/www.europesays.com\/fr\/wp-json\/wp\/v2\/posts\/226183","targetHints":{"allow":["GET"]}}],"collection":[{"href":"https:\/\/www.europesays.com\/fr\/wp-json\/wp\/v2\/posts"}],"about":[{"href":"https:\/\/www.europesays.com\/fr\/wp-json\/wp\/v2\/types\/post"}],"author":[{"embeddable":true,"href":"https:\/\/www.europesays.com\/fr\/wp-json\/wp\/v2\/users\/2"}],"replies":[{"embeddable":true,"href":"https:\/\/www.europesays.com\/fr\/wp-json\/wp\/v2\/comments?post=226183"}],"version-history":[{"count":0,"href":"https:\/\/www.europesays.com\/fr\/wp-json\/wp\/v2\/posts\/226183\/revisions"}],"wp:featuredmedia":[{"embeddable":true,"href":"https:\/\/www.europesays.com\/fr\/wp-json\/wp\/v2\/media\/226184"}],"wp:attachment":[{"href":"https:\/\/www.europesays.com\/fr\/wp-json\/wp\/v2\/media?parent=226183"}],"wp:term":[{"taxonomy":"category","embeddable":true,"href":"https:\/\/www.europesays.com\/fr\/wp-json\/wp\/v2\/categories?post=226183"},{"taxonomy":"post_tag","embeddable":true,"href":"https:\/\/www.europesays.com\/fr\/wp-json\/wp\/v2\/tags?post=226183"}],"curies":[{"name":"wp","href":"https:\/\/api.w.org\/{rel}","templated":true}]}}