{"id":226185,"date":"2025-07-04T17:49:10","date_gmt":"2025-07-04T17:49:10","guid":{"rendered":"https:\/\/www.europesays.com\/fr\/226185\/"},"modified":"2025-07-04T17:49:10","modified_gmt":"2025-07-04T17:49:10","slug":"saint-etienne-la-base-nautique-de-saint-victor-sur-loire-ouvre-ce-samedi","status":"publish","type":"post","link":"https:\/\/www.europesays.com\/fr\/226185\/","title":{"rendered":"Saint-\u00c9tienne : la base nautique de Saint-Victor-sur-Loire ouvre ce samedi"},"content":{"rendered":"<p>Bonne nouvelle pour les vacanciers : la base nautique de Saint-Victor-sur-Loire ouvre ses portes le samedi 5 juillet, pr\u00e8s de Saint-\u00c9tienne.<\/p>\n<p>C&rsquo;est l&rsquo;un des lieux id\u00e9als pour se rafra\u00eechir autour de Saint-\u00c9tienne. <b>La base nautique de Saint-Victor-sur-Loire ouvre au public ce samedi 5 juillet<\/b>.<\/p>\n<p>\u00ab\u00a0Les derni\u00e8res analyses de l&rsquo;eau r\u00e9alis\u00e9es par l&rsquo;Agence r\u00e9gionale de sant\u00e9 indiquent une bonne qualit\u00e9 de l&rsquo;eau pour la baignade, valables jusqu&rsquo;au 11 juillet\u00a0\u00bb, indique la Ville de Saint-\u00c9tienne dans un communiqu\u00e9.<\/p>\n<p>Comment se rendre \u00e0 la base nautique de Saint-Victor-sur-Loire ?<\/p>\n<p>Pour s&rsquo;y rendre depuis la capitale lig\u00e9rienne, il est possible d&#8217;emprunter <b>la navette 36 de la\u00a0 STAS<\/b> qui rejoint la plage en l&rsquo;espace de 30 minutes.<\/p>\n<p>Cette navette part depuis le centre-ville st\u00e9phanois (l&rsquo;arr\u00eat place Jean-Jaur\u00e8s). Elle fonctionnera normalement les 14 juillet et 15 ao\u00fbt.<\/p>\n<tr>\n<td class=\"defaut\"><a href=\"https:\/\/www.radioscoop.com\/infos\/javascript:void(0)\" onclick=\"parent.RS.diaporama.addMedia(699676) ;\" target=\"_blank\" rel=\"noopener\"><img loading=\"lazy\" decoding=\"async\" src=\"https:\/\/www.europesays.com\/fr\/wp-content\/uploads\/2025\/07\/1751651349_123_img\" width=\"640\" height=\"334\" border=\"0\" title=\"\"\/><\/a><\/td>\n<\/tr>\n<tr\/>\n<p>Pour les baigneurs venant avec leur voiture, <b>un nouveau parking de 42 places<\/b> est sorti de terre \u00e0 Grande Fontaine.<br \/>\u00a0<\/p>\n<p>\u00c0 noter que la baignade est surveill\u00e9e, dans la zone d\u00e9limit\u00e9e par la ligne d&rsquo;eau, durant toutes les vacances scolaires, entre 12h \u00e0 18h. Trois\u00a0ma\u00eetres-nageurs seront pr\u00e9sents tout l&rsquo;\u00e9t\u00e9.<br \/>\u00a0<\/p>\n<p><img loading=\"lazy\" decoding=\"async\" src=\"https:\/\/www.europesays.com\/fr\/wp-content\/uploads\/2025\/07\/1751651350_471_img\" width=\"350\" height=\"200\" border=\"0\" title=\"La piscine intercommunale de Duni\u00c3\u00a8res (Haute-Loire) va fermer ses portes cet \u00c3\u00a9t\u00c3\u00a9\"\/><\/p>\n<p>\u25baSoci\u00e9t\u00e9<\/p>\n<p style=\"font-size: 22px;\"><b>Haute-Loire : cette piscine va fermer ses portes pendant deux mois<\/b><\/p>\n<p>Du 7 juillet au 7 septembre 2025, la piscine intercommunale&#8230;<\/p>\n<p><\/p>\n","protected":false},"excerpt":{"rendered":"Bonne nouvelle pour les vacanciers : la base nautique de Saint-Victor-sur-Loire ouvre ses portes le samedi 5 juillet,&hellip;\n","protected":false},"author":2,"featured_media":226186,"comment_status":"","ping_status":"","sticky":false,"template":"","format":"standard","meta":{"footnotes":""},"categories":[9653],"tags":[1111,11,2430,15109,36481,1777,674,1011,27,12,25,4001,29878],"class_list":{"0":"post-226185","1":"post","2":"type-post","3":"status-publish","4":"format-standard","5":"has-post-thumbnail","7":"category-saint-etienne","8":"tag-actu","9":"tag-actualites","10":"tag-auvergne-rhone-alpes","11":"tag-baignade","12":"tag-base-nautique","13":"tag-eu","14":"tag-europe","15":"tag-fr","16":"tag-france","17":"tag-news","18":"tag-republique-francaise","19":"tag-saint-etienne","20":"tag-saint-victor-sur-loire"},"share_on_mastodon":{"url":"","error":""},"_links":{"self":[{"href":"https:\/\/www.europesays.com\/fr\/wp-json\/wp\/v2\/posts\/226185","targetHints":{"allow":["GET"]}}],"collection":[{"href":"https:\/\/www.europesays.com\/fr\/wp-json\/wp\/v2\/posts"}],"about":[{"href":"https:\/\/www.europesays.com\/fr\/wp-json\/wp\/v2\/types\/post"}],"author":[{"embeddable":true,"href":"https:\/\/www.europesays.com\/fr\/wp-json\/wp\/v2\/users\/2"}],"replies":[{"embeddable":true,"href":"https:\/\/www.europesays.com\/fr\/wp-json\/wp\/v2\/comments?post=226185"}],"version-history":[{"count":0,"href":"https:\/\/www.europesays.com\/fr\/wp-json\/wp\/v2\/posts\/226185\/revisions"}],"wp:featuredmedia":[{"embeddable":true,"href":"https:\/\/www.europesays.com\/fr\/wp-json\/wp\/v2\/media\/226186"}],"wp:attachment":[{"href":"https:\/\/www.europesays.com\/fr\/wp-json\/wp\/v2\/media?parent=226185"}],"wp:term":[{"taxonomy":"category","embeddable":true,"href":"https:\/\/www.europesays.com\/fr\/wp-json\/wp\/v2\/categories?post=226185"},{"taxonomy":"post_tag","embeddable":true,"href":"https:\/\/www.europesays.com\/fr\/wp-json\/wp\/v2\/tags?post=226185"}],"curies":[{"name":"wp","href":"https:\/\/api.w.org\/{rel}","templated":true}]}}