{"id":226192,"date":"2025-07-04T17:54:11","date_gmt":"2025-07-04T17:54:11","guid":{"rendered":"https:\/\/www.europesays.com\/fr\/226192\/"},"modified":"2025-07-04T17:54:11","modified_gmt":"2025-07-04T17:54:11","slug":"ils-tirent-des-coups-de-feu-depuis-une-voiture-sur-les-arbres-et-les-panneaux","status":"publish","type":"post","link":"https:\/\/www.europesays.com\/fr\/226192\/","title":{"rendered":"ils tirent des coups de feu depuis une voiture sur les arbres et les panneaux"},"content":{"rendered":"<p>            Par<br \/>\n        <strong><br \/>\n            <a href=\"https:\/\/actu.fr\/auteur\/jm-aubert\" title=\"Consulter tous les articles de Jean-Marc Aubert\" rel=\"nofollow noopener\" target=\"_blank\">Jean-Marc Aubert<\/a><br \/>\n        <\/strong><\/p>\n<p>        Publi\u00e9 le<\/p>\n<p>            4 juil. 2025 \u00e0 18h43        <\/p>\n<p>Des <strong>coups de feu<\/strong> ont sem\u00e9 l\u2019\u00e9moi, ce jeudi 3 juillet 2025 au soir, parmi les automobilistes et les riverains de la Place d\u2019Italie, \u00e0 proximit\u00e9 de l\u2019avenue de l\u2019Europe, dans le quartier des Hauts de Massane, \u00e0 <strong>Montpellier<\/strong>.<\/p>\n<p class=\" wall-content\">Il \u00e9tait 21h30 environ quand des appels sont parvenus \u00e0 <strong>police secours<\/strong>, via le 17, signalant des tirs sur la voie publique provenant d\u2019une voiture occup\u00e9e par trois individus. Les requ\u00e9rants indiquaient que ces inconnus poss\u00e9daient une <strong>arme de poing<\/strong> et une arme longue. \u00e9taient\u00a0porteurs d\u2019une arme longue et d\u2019une arme de\u00a0poing et qu\u2019ils s\u2019en sont servis pour tirer \u00e0 de nombreuses reprises.\u00a0<\/p>\n<p>    <a href=\"https:\/\/www.google.com\/maps\/embed?pb=!1m18!1m12!1m3!1d2419.4998644886778!2d3.8162424489672944!3d43.64243035217674!2m3!1f0!2f0!3f0!3m2!1i1024!2i768!4f13.1!3m3!1m2!1s0x12b6ac0490e5daf9%3A0x63804dea6740f01f!2sPl.%20d%27Italie%2C%2034080%20Montpellier!5e0!3m2!1sfr!2sfr!4v1751647124500!5m2!1sfr!2sfr\" title=\"Ouvrie le lien\" rel=\"nofollow noopener\" target=\"_blank\">Cliquez ici pour visualiser le contenu<\/a><\/p>\n<p class=\" wall-content\">Les appelants donnaient des indications pr\u00e9cieuses sur la marque et la couleur de ce v\u00e9hicule, ainsi que le signalement des trois hommes \u00e0 bord, des jeunes de 15 \u00e0 20 ans. Des patrouilles de la police nationale rapidement sur zone localisaient cette voiture, une Clio, avec un conducteur et deux passagers, qui \u00e9taient interpell\u00e9s sans incident.\u00a0<\/p>\n<p class=\" wall-content\">Il s\u2019av\u00e9rait qu\u2019ils sont \u00e2g\u00e9s de 15, 18 et 19 ans, qu\u2019ils r\u00e9sident \u00e0 Montpellier, que le v\u00e9hicule n\u2019est pas vol\u00e9. La fouille de la Clio permettait de d\u00e9couvrir uniquement une arme de poing, un pistolet de type Glock, mais charg\u00e9 avec des billes. Aucune arme longue d\u00e9crite par des t\u00e9moins ayant appel\u00e9 le 17 n\u2019a \u00e9t\u00e9 saisie.<\/p>\n<p>Vid\u00e9os : en ce moment sur ActuVoiture \u00ab\u00a0emprunt\u00e9e\u00a0\u00bb<\/p>\n<p class=\" wall-content\">Le propri\u00e9taire du Glock a reconnu s\u2019en \u00eatre servi en tirant avec des billes \u00e0 plusieurs reprises sur des arbres et sur des panneaux de signalisation. Pourtant, gr\u00e2ce \u00e0 des images capt\u00e9es par les agents de la Ville de Montpellier en poste au <strong>Centre de supervision urbaine<\/strong> -CSU- via les cam\u00e9ras de vid\u00e9o-protection, on aper\u00e7oit les deux passagers de la voiture utiliser chacun une arme \u00e0 feu, dont une longue\u2026 Quant \u00e0 la Clio utilis\u00e9e, elle avait \u00e9t\u00e9 \u00ab\u00a0emprunt\u00e9e\u00a0\u00bb \u00e0 un membre de la famille d\u2019un des jeunes adultes, sans l\u2019informer. Elle a appris la vir\u00e9e du trio par la police. Une proc\u00e9dure judiciaire est en cours au commissariat central.<\/p>\n<p class=\" wall-content\">Suivez toute l\u2019actualit\u00e9 de vos villes et m\u00e9dias favoris en vous inscrivant \u00e0 <a href=\"https:\/\/moncompte.actu.fr\" title=\"D\u00e9couvez Mon Actu\" rel=\"nofollow noopener\" data-trk=\"{&quot;cta&quot;:{&quot;action&quot;:&quot;https:\\\/\\\/moncompte.actu.fr&quot;,&quot;category&quot;:&quot;mon compte&quot;,&quot;from&quot;:&quot;article footer&quot;,&quot;name&quot;:&quot;Mon actu&quot;,&quot;type&quot;:&quot;cta&quot;}}\" target=\"_blank\">Mon Actu<\/a>.<\/p>\n","protected":false},"excerpt":{"rendered":"Par Jean-Marc Aubert Publi\u00e9 le 4 juil. 2025 \u00e0 18h43 Des coups de feu ont sem\u00e9 l\u2019\u00e9moi, ce&hellip;\n","protected":false},"author":2,"featured_media":226193,"comment_status":"","ping_status":"","sticky":false,"template":"","format":"standard","meta":{"footnotes":""},"categories":[9599],"tags":[1111,11,1777,674,118,1011,27,303,2208,12,2680,1072,25],"class_list":{"0":"post-226192","1":"post","2":"type-post","3":"status-publish","4":"format-standard","5":"has-post-thumbnail","7":"category-montpellier","8":"tag-actu","9":"tag-actualites","10":"tag-eu","11":"tag-europe","12":"tag-faits-divers","13":"tag-fr","14":"tag-france","15":"tag-justice","16":"tag-montpellier","17":"tag-news","18":"tag-occitanie","19":"tag-police","20":"tag-republique-francaise"},"share_on_mastodon":{"url":"https:\/\/pubeurope.com\/@fr\/114796249957892121","error":""},"_links":{"self":[{"href":"https:\/\/www.europesays.com\/fr\/wp-json\/wp\/v2\/posts\/226192","targetHints":{"allow":["GET"]}}],"collection":[{"href":"https:\/\/www.europesays.com\/fr\/wp-json\/wp\/v2\/posts"}],"about":[{"href":"https:\/\/www.europesays.com\/fr\/wp-json\/wp\/v2\/types\/post"}],"author":[{"embeddable":true,"href":"https:\/\/www.europesays.com\/fr\/wp-json\/wp\/v2\/users\/2"}],"replies":[{"embeddable":true,"href":"https:\/\/www.europesays.com\/fr\/wp-json\/wp\/v2\/comments?post=226192"}],"version-history":[{"count":0,"href":"https:\/\/www.europesays.com\/fr\/wp-json\/wp\/v2\/posts\/226192\/revisions"}],"wp:featuredmedia":[{"embeddable":true,"href":"https:\/\/www.europesays.com\/fr\/wp-json\/wp\/v2\/media\/226193"}],"wp:attachment":[{"href":"https:\/\/www.europesays.com\/fr\/wp-json\/wp\/v2\/media?parent=226192"}],"wp:term":[{"taxonomy":"category","embeddable":true,"href":"https:\/\/www.europesays.com\/fr\/wp-json\/wp\/v2\/categories?post=226192"},{"taxonomy":"post_tag","embeddable":true,"href":"https:\/\/www.europesays.com\/fr\/wp-json\/wp\/v2\/tags?post=226192"}],"curies":[{"name":"wp","href":"https:\/\/api.w.org\/{rel}","templated":true}]}}