{"id":226196,"date":"2025-07-04T17:56:08","date_gmt":"2025-07-04T17:56:08","guid":{"rendered":"https:\/\/www.europesays.com\/fr\/226196\/"},"modified":"2025-07-04T17:56:08","modified_gmt":"2025-07-04T17:56:08","slug":"foires-a-tout-en-seine-maritime-les-5-et-6-juillet-demandez-le-programme","status":"publish","type":"post","link":"https:\/\/www.europesays.com\/fr\/226196\/","title":{"rendered":"Foires \u00e0 tout en Seine-Maritime les 5 et 6 juillet : demandez le programme\u00a0!"},"content":{"rendered":"<p>            Par<br \/>\n        <strong><br \/>\n            <a href=\"https:\/\/actu.fr\/auteur\/thomas-rideau\" title=\"Consulter tous les articles de Thomas Rideau\" rel=\"nofollow noopener\" target=\"_blank\">Thomas Rideau<\/a><br \/>\n        <\/strong><\/p>\n<p>        Publi\u00e9 le<\/p>\n<p>            4 juil. 2025 \u00e0 19h40        <\/p>\n<p>Nous sommes en plein dans la saison des foires \u00e0 tout. De tr\u00e8s nombreux rendez-vous sont organis\u00e9s ce<strong> samedi 5 juillet et dimanche 6 juillet 2025<\/strong>.\u00a076actu vous fait la liste des brocantes en <a href=\"https:\/\/actu.fr\/76actu\/\" rel=\"nofollow noopener\" target=\"_blank\">Seine-Maritime<\/a> de ce weekend.<\/p>\n<p>Les foires \u00e0 tout du samedi 5 juillet<\/p>\n<p class=\" wall-content\"><strong>Duclair.<\/strong> Foire \u00e0 tout, sur les quais de Seine, de 9h \u00e0 18h.<\/p>\n<p class=\" wall-content\"><strong>Eu.<\/strong> Brocante \u00ab\u00a0semi-nocturne\u00a0\u00bb, sur la place du Champ-de-Mars, de 15h \u00e0 23h30.<\/p>\n<p class=\" wall-content\"><strong>Le Havre.<\/strong> Vide-greniers, salle des f\u00eates de Graville, toute la journ\u00e9e.<\/p>\n<p class=\" wall-content\"><strong>Rouen.<\/strong> Brocante, place Saint-Marc, de 8h \u00e0 13h.<\/p>\n<p>Les foires \u00e0 tout du dimanche 6 juillet<\/p>\n<p class=\" wall-content\"><strong>Boissay.<\/strong> Foire \u00e0 tout et kermesse, sur le parking Vertbaudet, de 7h \u00e0 19h.<\/p>\n<p class=\" wall-content\"><strong>Bretteville-du-Grand-Caux.<\/strong> Troc v\u00e9lo entre particuliers, sur la place de l\u2019\u00e9glise, de 9h \u00e0 18h.<\/p>\n<p class=\" wall-content\"><strong>Canteleu.<\/strong> Foire \u00e0 tout sur la place du march\u00e9,\u00a0de 8h \u00e0 18h.<\/p>\n<p class=\" wall-content\"><strong>Clasville.<\/strong> Kermesse et foire \u00e0 tout, sur le parking de la mairie, de 8h \u00e0 18h.<\/p>\n<p class=\" wall-content\"><strong>\u00c9crainville.<\/strong> Vide-greniers du comit\u00e9 des f\u00eates au stade, de 7h \u00e0 18h.<\/p>\n<p class=\" wall-content\"><strong>Elbeuf.<\/strong> Foire \u00e0 tout, sur la place Lecallier, de 6h \u00e0 18h.<\/p>\n<p class=\" wall-content\"><strong>\u00c9touteville.<\/strong> Vide-greniers \u00e0 la salle des f\u00eates et sur le terrain de foot, de 6h30 \u00e0 18h.<\/p>\n<p class=\" wall-content\"><strong>Goderville.<\/strong> Vide-greniers sur le terrain de football, de 7h30 \u00e0 18h.<\/p>\n<p class=\" wall-content\"><strong>Hautot-sur-Mer.<\/strong> Vide-greniers des Puces pourvillaises, sur le front de mer de Pouville-sur-Mer, de 8h30 \u00e0 18h30.<\/p>\n<p class=\" wall-content\"><strong>Heuqueville.<\/strong> Vide-greniers sur le stade, partir de 8h.<\/p>\n<p class=\" wall-content\"><strong>Hodeng-Hodenger.<\/strong> Foire \u00e0 tout et march\u00e9 fermier et artisanal, toute la journ\u00e9e.<\/p>\n<p class=\" wall-content\"><strong>La Chauss\u00e9e.<\/strong> Foire \u00e0 tout de l\u2019Asa pays de Dieppe sur le terrain des Vieilles M\u00e9caniques, de 7h \u00e0 18h.<\/p>\n<p class=\" wall-content\"><strong>La Vaupali\u00e8re.<\/strong> Grande foire \u00e0 tout sur le terrain des sports, de 6h \u00e0 18h.<\/p>\n<p class=\" wall-content\"><strong>Maromme.<\/strong> Foire \u00e0 tout entre le stade Vauquelin et l\u2019\u00e9cole Th\u00e9r\u00e8se-Delbos, de 6h \u00e0 18h30.<\/p>\n<p class=\" wall-content\"><strong>Offranville.<\/strong> Foire \u00e0 tout, \u00e0 c\u00f4t\u00e9 du stade de foot, de 7h \u00e0 18h30.<\/p>\n<p class=\" wall-content\"><strong>Rouen.<\/strong> March\u00e9 aux puces et brocante sur la place Saint-Marc, de 8h \u00e0 13.<\/p>\n<p class=\" wall-content\"><strong>Saint-Arnoult.<\/strong> Vide-greniers sur la place du Bourg, de 8h \u00e0 18h.<\/p>\n<p class=\" wall-content\"><strong>Saint-\u00c9tienne-du-Rouvray.<\/strong> Vide-greniers sur le parking ud Rive-Gauche, de 6h \u00e0 18h.<\/p>\n<p class=\" wall-content\"><strong>Saint-Hellier.<\/strong> Vide-grenier sur le terrain de sport, de 7h \u00e0 18h.<\/p>\n<p class=\" wall-content\"><strong>Saint-Pierre-de-Varengeville.<\/strong> Vide-greniers dans le centre du village, de 8h \u00e0 18h.<\/p>\n<p class=\" wall-content\"><strong>Saint-Pierre-en-Port.<\/strong> Vide-grenier dans le centre du village, de 8h \u00e0 17h.<\/p>\n<p class=\" wall-content\"><strong>Saint-Pierre-en-Val.<\/strong> Braderie \u00ab\u00a0Assist\u2019o\u2019chats\u00a0\u00bb dans la salle polyvalente, de 9h30 \u00e0 18h.<\/p>\n<p class=\" wall-content\"><strong>Saint-Saire.<\/strong> Foire \u00e0 tout \u00e0 la ferme de la Bethune, \u00e0 partir de 7h.<\/p>\n<p class=\" wall-content\"><strong>T\u00f4tes.<\/strong> Vide-greniers au stade G\u00e9rard-Auvray, de 5h \u00e0 18h.<\/p>\n<p class=\" wall-content\">Suivez toute l\u2019actualit\u00e9 de vos villes et m\u00e9dias favoris en vous inscrivant \u00e0 <a href=\"https:\/\/moncompte.actu.fr\" title=\"D\u00e9couvez Mon Actu\" rel=\"nofollow noopener\" data-trk=\"{&quot;cta&quot;:{&quot;action&quot;:&quot;https:\\\/\\\/moncompte.actu.fr&quot;,&quot;category&quot;:&quot;mon compte&quot;,&quot;from&quot;:&quot;article footer&quot;,&quot;name&quot;:&quot;Mon actu&quot;,&quot;type&quot;:&quot;cta&quot;}}\" target=\"_blank\">Mon Actu<\/a>.<\/p>\n","protected":false},"excerpt":{"rendered":"Par Thomas Rideau Publi\u00e9 le 4 juil. 2025 \u00e0 19h40 Nous sommes en plein dans la saison des&hellip;\n","protected":false},"author":2,"featured_media":226197,"comment_status":"","ping_status":"","sticky":false,"template":"","format":"standard","meta":{"footnotes":""},"categories":[9587],"tags":[1111,11,9086,6961,1777,674,10087,1011,27,1652,12,5161,25,9590],"class_list":{"0":"post-226196","1":"post","2":"type-post","3":"status-publish","4":"format-standard","5":"has-post-thumbnail","7":"category-rouen","8":"tag-actu","9":"tag-actualites","10":"tag-bon-plan-a-rouen","11":"tag-brocante","12":"tag-eu","13":"tag-europe","14":"tag-foires-a-tout","15":"tag-fr","16":"tag-france","17":"tag-loisirs-culture","18":"tag-news","19":"tag-normandie","20":"tag-republique-francaise","21":"tag-rouen"},"share_on_mastodon":{"url":"https:\/\/pubeurope.com\/@fr\/114796257851308500","error":""},"_links":{"self":[{"href":"https:\/\/www.europesays.com\/fr\/wp-json\/wp\/v2\/posts\/226196","targetHints":{"allow":["GET"]}}],"collection":[{"href":"https:\/\/www.europesays.com\/fr\/wp-json\/wp\/v2\/posts"}],"about":[{"href":"https:\/\/www.europesays.com\/fr\/wp-json\/wp\/v2\/types\/post"}],"author":[{"embeddable":true,"href":"https:\/\/www.europesays.com\/fr\/wp-json\/wp\/v2\/users\/2"}],"replies":[{"embeddable":true,"href":"https:\/\/www.europesays.com\/fr\/wp-json\/wp\/v2\/comments?post=226196"}],"version-history":[{"count":0,"href":"https:\/\/www.europesays.com\/fr\/wp-json\/wp\/v2\/posts\/226196\/revisions"}],"wp:featuredmedia":[{"embeddable":true,"href":"https:\/\/www.europesays.com\/fr\/wp-json\/wp\/v2\/media\/226197"}],"wp:attachment":[{"href":"https:\/\/www.europesays.com\/fr\/wp-json\/wp\/v2\/media?parent=226196"}],"wp:term":[{"taxonomy":"category","embeddable":true,"href":"https:\/\/www.europesays.com\/fr\/wp-json\/wp\/v2\/categories?post=226196"},{"taxonomy":"post_tag","embeddable":true,"href":"https:\/\/www.europesays.com\/fr\/wp-json\/wp\/v2\/tags?post=226196"}],"curies":[{"name":"wp","href":"https:\/\/api.w.org\/{rel}","templated":true}]}}