{"id":226202,"date":"2025-07-04T17:59:15","date_gmt":"2025-07-04T17:59:15","guid":{"rendered":"https:\/\/www.europesays.com\/fr\/226202\/"},"modified":"2025-07-04T17:59:15","modified_gmt":"2025-07-04T17:59:15","slug":"grenoble-laura-laune-de-retour-sur-scene","status":"publish","type":"post","link":"https:\/\/www.europesays.com\/fr\/226202\/","title":{"rendered":"Grenoble. Laura Laune de retour sur sc\u00e8ne"},"content":{"rendered":"<p>Apr\u00e8s une premi\u00e8re tourn\u00e9e triomphale de plus de 500 repr\u00e9sentations \u00e0 guichets ferm\u00e9s, Laura Laune fait son grand retour sur sc\u00e8ne avec un nouveau spectacle plus attendu que jamais. La r\u00e9putation de l\u2019ange de l\u2019humour noir, r\u00e9v\u00e9l\u00e9 par l\u2019\u00e9mission \u201cLa France a un incroyable talent\u201d sur M6 , n\u2019est plus \u00e0 faire.<\/p>\n<p class=\"note\">Le 18\u00a0mars\u00a02026 \u00e0 20\u00a0h\u00a030 \u00e0 l\u2019Auditorium d\u2019Alpexpo \u00e0 Grenoble. 40\u00a0\u20ac.<\/p>\n","protected":false},"excerpt":{"rendered":"Apr\u00e8s une premi\u00e8re tourn\u00e9e triomphale de plus de 500 repr\u00e9sentations \u00e0 guichets ferm\u00e9s, Laura Laune fait son grand&hellip;\n","protected":false},"author":2,"featured_media":226203,"comment_status":"","ping_status":"","sticky":false,"template":"","format":"standard","meta":{"footnotes":""},"categories":[9566],"tags":[1111,11,2430,1687,112,1777,674,1011,27,2731,2732,108,12,25,3140],"class_list":{"0":"post-226202","1":"post","2":"type-post","3":"status-publish","4":"format-standard","5":"has-post-thumbnail","7":"category-grenoble","8":"tag-actu","9":"tag-actualites","10":"tag-auvergne-rhone-alpes","11":"tag-culture-loisirs","12":"tag-edition-grenoble-agglomeration","13":"tag-eu","14":"tag-europe","15":"tag-fr","16":"tag-france","17":"tag-grenoble","18":"tag-grenoble-bassin","19":"tag-isere","20":"tag-news","21":"tag-republique-francaise","22":"tag-spectacle"},"share_on_mastodon":{"url":"https:\/\/pubeurope.com\/@fr\/114796269762103207","error":""},"_links":{"self":[{"href":"https:\/\/www.europesays.com\/fr\/wp-json\/wp\/v2\/posts\/226202","targetHints":{"allow":["GET"]}}],"collection":[{"href":"https:\/\/www.europesays.com\/fr\/wp-json\/wp\/v2\/posts"}],"about":[{"href":"https:\/\/www.europesays.com\/fr\/wp-json\/wp\/v2\/types\/post"}],"author":[{"embeddable":true,"href":"https:\/\/www.europesays.com\/fr\/wp-json\/wp\/v2\/users\/2"}],"replies":[{"embeddable":true,"href":"https:\/\/www.europesays.com\/fr\/wp-json\/wp\/v2\/comments?post=226202"}],"version-history":[{"count":0,"href":"https:\/\/www.europesays.com\/fr\/wp-json\/wp\/v2\/posts\/226202\/revisions"}],"wp:featuredmedia":[{"embeddable":true,"href":"https:\/\/www.europesays.com\/fr\/wp-json\/wp\/v2\/media\/226203"}],"wp:attachment":[{"href":"https:\/\/www.europesays.com\/fr\/wp-json\/wp\/v2\/media?parent=226202"}],"wp:term":[{"taxonomy":"category","embeddable":true,"href":"https:\/\/www.europesays.com\/fr\/wp-json\/wp\/v2\/categories?post=226202"},{"taxonomy":"post_tag","embeddable":true,"href":"https:\/\/www.europesays.com\/fr\/wp-json\/wp\/v2\/tags?post=226202"}],"curies":[{"name":"wp","href":"https:\/\/api.w.org\/{rel}","templated":true}]}}