{"id":226204,"date":"2025-07-04T18:00:14","date_gmt":"2025-07-04T18:00:14","guid":{"rendered":"https:\/\/www.europesays.com\/fr\/226204\/"},"modified":"2025-07-04T18:00:14","modified_gmt":"2025-07-04T18:00:14","slug":"installations-illegales-de-gens-du-voyage-pres-de-rennes-le-maire-craint-le-camping-sauvage","status":"publish","type":"post","link":"https:\/\/www.europesays.com\/fr\/226204\/","title":{"rendered":"Installations ill\u00e9gales de gens du voyage\u00a0pr\u00e8s de Rennes, le maire craint le camping sauvage"},"content":{"rendered":"<p>\u00a0Nous ne sommes que d\u00e9but juillet, ma crainte c\u2019est que cela parte en camping sauvage tout l\u2019\u00e9t\u00e9\u00a0\u00bb,se pr\u00e9occupe le maire, S\u00e9bastien Gu\u00e9ret. En l\u2019espace de quinze jours, Noyal-Ch\u00e2tillon-sur-Seiche (Ille-et-Vilaine) a connu deux installations ill\u00e9gales de gens du voyage.<\/p>\n<p><strong>\u00ab\u00a0Mi-juin, un premier groupe de caravanes s\u2019est introduit, par effraction, au complexe sportif Raymond Perrin. Je suis all\u00e9 les voir et je leur ai dit qu\u2019il \u00e9tait impossible qu\u2019ils restent ici alors que la f\u00eate de l\u2019\u00e9cole, la f\u00eate de la musique et les 24 h basket approchaient. Nous avons trouv\u00e9 un compromis en leur proposant un autre terrain plus \u00e9loign\u00e9. Ils y sont toujours.\u00a0\u00bb<\/strong><\/p>\n<p>\u00ab\u00a0Une logique de n\u00e9gociation\u00a0\u00bb<\/p>\n<p>Deux semaines plus tard\u00a0: <strong>\u00ab\u00a0M\u00eame sc\u00e9nario, mais sur un autre terrain de la commune, avec l\u2019arriv\u00e9e de quatre caravanes. Ils m\u2019ont donn\u00e9 un engagement oral qu\u2019ils ne resteront pas plus d\u2019une semaine. Je leur ai demand\u00e9 un loyer pour l\u2019occupation du terrain et rappel\u00e9 qu\u2019ils devaient le laisser en bon \u00e9tat. Le dialogue a \u00e9t\u00e9 serein.\u00a0\u00bb<\/strong><\/p>\n<p>L\u2019\u00e9lu poursuit\u00a0: <strong>\u00ab\u00a0Nous sommes d\u2019abord dans une logique de n\u00e9gociation et de compromis. <\/strong> <strong>La confrontation est contre-productive. Quand on fait preuve de respect mutuel, les accords sont souvent respect\u00e9s.\u00a0\u00bb <\/strong>Mais l\u2019\u00e9lu pr\u00e9vient qu\u2019il n\u2019h\u00e9sitera pas \u00e0 lancer une proc\u00e9dure d\u2019expulsion aupr\u00e8s du tribunal administratif si les installations durent trop longtemps.<\/p>\n<p>\u00ab\u00a0Certains ne jouent pas le jeu\u00a0\u00bb<\/p>\n<p>Comme la loi l\u2019impose aux communes de 5\u00a0000\u00a0habitants, Noyal-Ch\u00e2tillon-sur-Seiche a fait construire une aire de 150\u00a0m\u00b2 <strong>\u00ab compos\u00e9e de huit emplacements\u00a0\u00bb<\/strong> pour l\u2019accueil des gens du voyage.<strong> \u00ab\u00a0Aujourd\u2019hui, malheureusement, toutes les villes ne jouent pas le jeu ou ont des projets en cours de r\u00e9flexion, ce qui provoque des tensions sur l\u2019accueil de cette communaut\u00e9\u00a0\u00bb,<\/strong> regrette S\u00e9bastien Gu\u00e9ret.<\/p>\n<p><a href=\"https:\/\/www.ille-et-vilaine.gouv.fr\/Actions-de-l-Etat\/Solidarite-hebergement-logement-et-populations-vulnerables\/Gens-du-voyage\/Le-schema-departemental-d-accueil-des-gens-du-voyage2\" target=\"_self\" rel=\"nofollow noopener\">Le Sch\u00e9ma d\u00e9partemental d\u2019accueil des gens du voyage<\/a> rappelle, tout de m\u00eame, que <strong>\u00ab\u00a0l\u2019Ille-et-Vilaine a atteint 96\u00a0% de ses objectifs de r\u00e9alisation d\u2019\u00e9quipements d\u2019accueil (aires permanentes d\u2019accueil). Les efforts vont \u00eatre poursuivis pour garantir le droit des gens du voyage \u00e0 l\u2019itin\u00e9rance avec la cr\u00e9ation d\u2019aires de petits et grands passages.\u00a0\u00bb<\/strong><\/p>\n<p><strong>Lire aussi\u00a0: <\/strong> <a href=\"https:\/\/rennes.maville.com\/actu\/actudet_-une-nouvelle-aire-d-accueil-des-gens-du-voyage-va-etre-amenagee-a-vezin-le-coquet-_7-6333068_actu.Htm\" target=\"_self\" rel=\"nofollow noopener\">Une nouvelle aire d\u2019accueil des gens du voyage va \u00eatre am\u00e9nag\u00e9e \u00e0 Vezin-le-Coquet.<\/a><\/p>\n<p>Rennes m\u00e9tropole concentre une grande partie de la capacit\u00e9 d\u2019accueil du d\u00e9partement\u00a0: 17\u00a0aires et 346\u00a0places de stationnement. Des projets sont en cours \u00e0 <a href=\"https:\/\/www.archipel-habitat.fr\/sites\/default\/files\/2024-06\/d%C3%A9lib%C3%A9rations%20du%20Bureau%20du%2029%2005%202024.pdf\" target=\"_self\" rel=\"nofollow noopener\">Laill\u00e9<\/a>, <a href=\"https:\/\/rennes.maville.com\/actu\/actudet_-la-zone-de-la-commune-dediee-aux-besoins-des-gens-du-voyage-fait-debat-a-orgeres-_7-6592329_actu.Htm\" target=\"_self\" rel=\"nofollow noopener\">Org\u00e8res<\/a> et <a href=\"https:\/\/rennes.maville.com\/actu\/actudet_-une-nouvelle-aire-d-accueil-des-gens-du-voyage-va-etre-amenagee-a-vezin-le-coquet-_7-6333068_actu.Htm\" target=\"_self\" rel=\"nofollow noopener\">Vezin<\/a>, les trois communes de plus de 5\u00a0000\u00a0habitants qui ne disposent pas encore de capacit\u00e9 d\u2019accueil comme l\u2019impose la loi.<\/p>\n<p>\u00a0<\/p>\n","protected":false},"excerpt":{"rendered":"\u00a0Nous ne sommes que d\u00e9but juillet, ma crainte c\u2019est que cela parte en camping sauvage tout l\u2019\u00e9t\u00e9\u00a0\u00bb,se pr\u00e9occupe&hellip;\n","protected":false},"author":2,"featured_media":226205,"comment_status":"","ping_status":"","sticky":false,"template":"","format":"standard","meta":{"footnotes":""},"categories":[2821],"tags":[1111,11,829,24692,7145,1777,674,1011,27,7397,36483,36482,5107,12,3762,3086,584,25,31937,586],"class_list":{"0":"post-226204","1":"post","2":"type-post","3":"status-publish","4":"format-standard","5":"has-post-thumbnail","7":"category-rennes","8":"tag-actu","9":"tag-actualites","10":"tag-bretagne","11":"tag-camping","12":"tag-craint","13":"tag-eu","14":"tag-europe","15":"tag-fr","16":"tag-france","17":"tag-gens","18":"tag-illegales","19":"tag-installations","20":"tag-maire","21":"tag-news","22":"tag-pres","23":"tag-redon","24":"tag-rennes","25":"tag-republique-francaise","26":"tag-sauvage","27":"tag-voyage"},"share_on_mastodon":{"url":"https:\/\/pubeurope.com\/@fr\/114796273609710691","error":""},"_links":{"self":[{"href":"https:\/\/www.europesays.com\/fr\/wp-json\/wp\/v2\/posts\/226204","targetHints":{"allow":["GET"]}}],"collection":[{"href":"https:\/\/www.europesays.com\/fr\/wp-json\/wp\/v2\/posts"}],"about":[{"href":"https:\/\/www.europesays.com\/fr\/wp-json\/wp\/v2\/types\/post"}],"author":[{"embeddable":true,"href":"https:\/\/www.europesays.com\/fr\/wp-json\/wp\/v2\/users\/2"}],"replies":[{"embeddable":true,"href":"https:\/\/www.europesays.com\/fr\/wp-json\/wp\/v2\/comments?post=226204"}],"version-history":[{"count":0,"href":"https:\/\/www.europesays.com\/fr\/wp-json\/wp\/v2\/posts\/226204\/revisions"}],"wp:featuredmedia":[{"embeddable":true,"href":"https:\/\/www.europesays.com\/fr\/wp-json\/wp\/v2\/media\/226205"}],"wp:attachment":[{"href":"https:\/\/www.europesays.com\/fr\/wp-json\/wp\/v2\/media?parent=226204"}],"wp:term":[{"taxonomy":"category","embeddable":true,"href":"https:\/\/www.europesays.com\/fr\/wp-json\/wp\/v2\/categories?post=226204"},{"taxonomy":"post_tag","embeddable":true,"href":"https:\/\/www.europesays.com\/fr\/wp-json\/wp\/v2\/tags?post=226204"}],"curies":[{"name":"wp","href":"https:\/\/api.w.org\/{rel}","templated":true}]}}