{"id":226210,"date":"2025-07-04T18:03:11","date_gmt":"2025-07-04T18:03:11","guid":{"rendered":"https:\/\/www.europesays.com\/fr\/226210\/"},"modified":"2025-07-04T18:03:11","modified_gmt":"2025-07-04T18:03:11","slug":"municipales-2026-a-strasbourg-les-oppositions-reagissent-a-la-candidature-de-jeanne-barseghian","status":"publish","type":"post","link":"https:\/\/www.europesays.com\/fr\/226210\/","title":{"rendered":"Municipales 2026. \u00c0 Strasbourg, les oppositions r\u00e9agissent \u00e0 la candidature de Jeanne Barseghian"},"content":{"rendered":"<p>  Jean-Philippe Vetter fustige \u00ab la maire d\u2019un seul camp \u00bb<\/p>\n<p><a href=\"https:\/\/www.dna.fr\/politique\/2025\/02\/28\/municipales-jean-philippe-vetter-(lr)-en-operation-seduction\" target=\"_blank\" rel=\"nofollow noopener\">Le pr\u00e9sident du groupe \u00ab\u00a0Union de la Droite et du Centre\u00a0\u00bb, Jean-Philippe Vetter<\/a>, juge que Strasbourg \u00ab\u00a0ne peut pas se permettre six ann\u00e9es suppl\u00e9mentaires avec une municipalit\u00e9 qui a divis\u00e9 les Strasbourgeois\u00a0\u00bb. \u00c9num\u00e9rant une longue liste de \u00ab\u00a0pol\u00e9miques\u00a0\u00bb, il estime que le mandat a aussi \u00e9t\u00e9 celui d\u2019\u00ab\u00a0une ville qui recule\u00a0\u00bb. Il d\u00e9nonce une \u00ab\u00a0gestion guid\u00e9e par l\u2019id\u00e9ologie\u00a0\u00bb et une \u00ab\u00a0absence d\u2019\u00e9coute\u00a0\u00bb. Pour lui, ce fut \u00ab\u00a0le mandat d\u2019une maire partiale et partisane. La maire d\u2019un seul camp\u00a0\u00bb. Il conclut\u00a0: \u00ab\u00a0Strasbourg a besoin d\u2019un nouveau souffle, pas d\u2019un nouveau recul.\u00a0\u00bb<\/p>\n<p>  LFI veut une ville \u00ab\u00a0r\u00e9ellement ancr\u00e9e \u00e0 gauche\u00a0\u00bb<\/p>\n<p><a href=\"https:\/\/www.dna.fr\/politique\/2025\/06\/03\/strasbourg-lfi-designe-ses-chefs-de-file\" target=\"_blank\" rel=\"nofollow noopener\">Pour Lisa Farault et Benjamin Kuntz de La France insoumise<\/a>, l\u2019annonce de la maire sortante \u00ab\u00a0n\u2019est en rien une surprise\u00a0\u00bb. Fustigeant un \u00ab\u00a0bilan dont les faiblesses apparaissent aux yeux de toutes et tous\u00a0\u00bb, ils actent le souhait de <a href=\"https:\/\/www.dna.fr\/p\/jeanne-barseghian\" target=\"_blank\" rel=\"nofollow noopener\">Jeanne Barseghian<\/a> de \u00ab\u00a0poursuivre le cap\u00a0\u00bb. Forts de leurs derniers r\u00e9sultats \u00e9lectoraux, les Insoumis affirment vouloir pr\u00e9parer une \u00e9ch\u00e9ance qui \u00ab\u00a0doit permettre que Strasbourg puisse \u00eatre r\u00e9ellement ancr\u00e9e \u00e0 gauche\u00a0\u00bb. Ils se d\u00e9clarent fid\u00e8les \u00e0 leur \u00ab\u00a0volont\u00e9 d\u2019union la plus large autour d\u2019un programme de rupture\u00a0\u00bb.<\/p>\n<p>  Un \u00ab\u00a0lourd passif\u00a0\u00bb pour Pierre Jakubowicz<\/p>\n<p><a href=\"https:\/\/www.dna.fr\/elections\/2025\/05\/28\/retrouver-le-rayonnement-de-strasbourg-la-strategie-centriste-pour-les-elections\" target=\"_blank\" rel=\"nofollow noopener\">Pierre Jakubowicz<\/a> se f\u00e9licite de l\u2019annonce \u00ab\u00a0pour la clart\u00e9 du d\u00e9bat d\u00e9mocratique\u00a0\u00bb, estimant que la maire sortante assume ainsi et porte \u00ab\u00a0elle-m\u00eame son lourd passif\u00a0\u00bb. Il critique un bilan qui \u00ab\u00a0aura d\u00e9grad\u00e9 le vivre ensemble, la qualit\u00e9 et le cadre de vie, la solidarit\u00e9 et la s\u00e9curit\u00e9\u00a0\u00bb. L\u2019\u00e9lu d\u2019opposition promet de tout faire \u00ab\u00a0pour \u00e9pargner \u00e0 Strasbourg un second mandat de d\u00e9clin, de d\u00e9ni et de m\u00e9pris\u00a0\u00bb et met en avant la construction, avec son collectif \u00ab\u00a0Strasbourg, on y croit\u00a0!\u00a0\u00bb, d\u2019une \u00ab\u00a0alternative cr\u00e9dible pour Strasbourg\u00a0\u00bb.<\/p>\n","protected":false},"excerpt":{"rendered":"Jean-Philippe Vetter fustige \u00ab la maire d\u2019un seul camp \u00bb Le pr\u00e9sident du groupe \u00ab\u00a0Union de la Droite&hellip;\n","protected":false},"author":2,"featured_media":226211,"comment_status":"","ping_status":"","sticky":false,"template":"","format":"standard","meta":{"footnotes":""},"categories":[2820],"tags":[1111,11,2880,5949,4188,1777,674,107,1011,27,775,12,316,25,640,2879],"class_list":{"0":"post-226210","1":"post","2":"type-post","3":"status-publish","4":"format-standard","5":"has-post-thumbnail","7":"category-strasbourg","8":"tag-actu","9":"tag-actualites","10":"tag-edition-strasbourg","11":"tag-elections","12":"tag-elections-municipales","13":"tag-eu","14":"tag-europe","15":"tag-fil-info","16":"tag-fr","17":"tag-france","18":"tag-grand-est","19":"tag-news","20":"tag-politique","21":"tag-republique-francaise","22":"tag-strasbourg","23":"tag-strasbourg-ville"},"share_on_mastodon":{"url":"https:\/\/pubeurope.com\/@fr\/114796285450786247","error":""},"_links":{"self":[{"href":"https:\/\/www.europesays.com\/fr\/wp-json\/wp\/v2\/posts\/226210","targetHints":{"allow":["GET"]}}],"collection":[{"href":"https:\/\/www.europesays.com\/fr\/wp-json\/wp\/v2\/posts"}],"about":[{"href":"https:\/\/www.europesays.com\/fr\/wp-json\/wp\/v2\/types\/post"}],"author":[{"embeddable":true,"href":"https:\/\/www.europesays.com\/fr\/wp-json\/wp\/v2\/users\/2"}],"replies":[{"embeddable":true,"href":"https:\/\/www.europesays.com\/fr\/wp-json\/wp\/v2\/comments?post=226210"}],"version-history":[{"count":0,"href":"https:\/\/www.europesays.com\/fr\/wp-json\/wp\/v2\/posts\/226210\/revisions"}],"wp:featuredmedia":[{"embeddable":true,"href":"https:\/\/www.europesays.com\/fr\/wp-json\/wp\/v2\/media\/226211"}],"wp:attachment":[{"href":"https:\/\/www.europesays.com\/fr\/wp-json\/wp\/v2\/media?parent=226210"}],"wp:term":[{"taxonomy":"category","embeddable":true,"href":"https:\/\/www.europesays.com\/fr\/wp-json\/wp\/v2\/categories?post=226210"},{"taxonomy":"post_tag","embeddable":true,"href":"https:\/\/www.europesays.com\/fr\/wp-json\/wp\/v2\/tags?post=226210"}],"curies":[{"name":"wp","href":"https:\/\/api.w.org\/{rel}","templated":true}]}}