{"id":226218,"date":"2025-07-04T18:07:13","date_gmt":"2025-07-04T18:07:13","guid":{"rendered":"https:\/\/www.europesays.com\/fr\/226218\/"},"modified":"2025-07-04T18:07:13","modified_gmt":"2025-07-04T18:07:13","slug":"marche-drag-queer-running-concerts-que-faire-a-nantes-ce-week-end-voici-nos-idees-sorties","status":"publish","type":"post","link":"https:\/\/www.europesays.com\/fr\/226218\/","title":{"rendered":"March\u00e9 Drag &#038; Queer, running, concerts&#8230; Que faire \u00e0 Nantes ce week-end ? Voici nos id\u00e9es sorties"},"content":{"rendered":"<p>            Par<br \/>\n        <strong><br \/>\n            <a href=\"https:\/\/actu.fr\/auteur\/clemence-pays02-actu-fr\" title=\"Consulter tous les articles de Cl\u00e9mence Pays\" rel=\"nofollow noopener\" target=\"_blank\">Cl\u00e9mence Pays<\/a><br \/>\n        <\/strong><\/p>\n<p>        Publi\u00e9 le<\/p>\n<p>            4 juil. 2025 \u00e0 19h16        <\/p>\n<p>\u00c7a y est, c\u2019est le week-end\u2009! Et bonne nouvelle, le beau temps (sans la canicule) est annonc\u00e9 par <a href=\"https:\/\/actu.fr\/tag\/meteo-france\" rel=\"nofollow noopener\" target=\"_blank\">M\u00e9t\u00e9o France<\/a>. Alors pour profiter, seul ou \u00e0 plusieurs, comme il se doit de vos quelques jours de repos, actu Nantes vous propose une <strong>s\u00e9lection d\u2019activit\u00e9s et d\u2019animations<\/strong> auxquelles participer du <strong>vendredi\u00a04 au\u00a0dimanche 6\u00a0juillet 2025.<\/strong> Le tout, sans casser sa tirelire.<\/p>\n<p>Une nuit 100\u2009% RnB<\/p>\n<p class=\" wall-content\">L\u2019association La Saveur d\u00e9barque chez Ohm Town pour \u00ab\u2009une nouvelle <strong>nuit 100\u2009% RnB<\/strong> et n\u00e9osoul\u2009\u00bb, ce vendredi soir.<\/p>\n<p class=\" wall-content\">Le collectif d\u2019artistes et de passionn\u00e9s r\u00e9unis \u00ab\u2009autour d\u2019une vision commune\u2009\u00bb souhaite mettre en lumi\u00e8re les multiples facettes du RnB et de la n\u00e9osoul, en invitant chacune et chacun \u00e0 <strong>danser au rythme des DJ sets.<\/strong><\/p>\n<blockquote class=\"ac-article-quote wall-content\">\n<p>Ici, pas de place pour les clich\u00e9s r\u00e9ducteurs mais une invitation \u00e0 d\u00e9couvrir ces musiques sous un nouvel angle : celui de la diversit\u00e9, du partage et de l\u2019authenticit\u00e9.<\/p>\n<p>    <strong>La Saveur<\/strong>\n            <\/p><\/blockquote>\n<p class=\" wall-content\"><a href=\"https:\/\/www.instagram.com\/p\/DLC9_BJtYRl\/embed\" title=\"Ouvrir le lien sur Instagram\" rel=\"nofollow noopener\" target=\"_blank\">Visualiser le contenu sur Instagram<\/a><\/p>\n<p>Vendredi 4\u00a0juillet, de 22h \u00e0 3h, La Saveur \u00e0 Ohm Town, 16-17, rue Jules-Launey, Nantes. Entr\u00e9e libre et gratuite.<\/p>\n<p>Un concert de musiques br\u00e9siliennes<\/p>\n<p class=\" wall-content\">La Cocotte solidaire organise un <strong>concert<\/strong> avec La Roda de Choro, \u00ab\u2009un rassemblement de musiciens autour d\u2019une table pour c\u00e9l\u00e9brer et<strong> jouer du Choro,<\/strong> une musique br\u00e9silienne, populaire, urbaine et instrumentale\u2009\u00bb.<\/p>\n<p class=\" wall-content\">Ce sera l\u2019occasion de d\u00e9couvrir des morceaux de <strong>grands compositeurs br\u00e9siliens<\/strong> comme Pixinguinha, Waldir Azevedo, Chiquinha Gonzaga, Jacob do Bandolim ou encore Ernesto de Nazareth.<\/p>\n<p class=\" wall-content\">Le concert d\u00e9butera \u00e0 14h dimanche. Il est possible de <strong>d\u00e9jeuner \u00e0 La Cocotte solidaire<\/strong> avant, sur r\u00e9servation.<\/p>\n<p class=\" wall-content\"><a href=\"https:\/\/www.instagram.com\/p\/DLkhdLbsai9\/embed\" title=\"Ouvrir le lien sur Instagram\" rel=\"nofollow noopener\" target=\"_blank\">Visualiser le contenu sur Instagram<\/a><\/p>\n<p>Dimanche, de 14h \u00e0 16h, concert La Roda de Choro, \u00e0 La Cocotte solidaire, 1 \u00eele de Versailles, Nantes.<br \/>\nPrix libre. R\u00e9servation sur le site internet, par e-mail (<a href=\"https:\/\/actu.fr\/cdn-cgi\/l\/email-protection\" class=\"__cf_email__\" data-cfemail=\"7915181a161a160d0d1c0a1615101d18100b1c391e14181015571a1614\" rel=\"nofollow noopener\" target=\"_blank\">[email\u00a0protected]<\/a>) ou par t\u00e9l\u00e9phone (06\u200951\u200949\u200920\u200982).Soir\u00e9e roller disco magmaa<\/p>\n<p class=\" wall-content\">L\u2019esprit des 70\u2019s va s\u2019emparer de Nantes, le temps d\u2019une journ\u00e9e. Samedi, le Magmaa va transformer sa terrasse couverte en piste de danse un peu particuli\u00e8re, \u00e0 l\u2019occasion d\u2019une <strong>Roller Disco,<\/strong> de 17\u2009h \u00e0 23\u2009h. Le foodhall a \u00e9galement fait appel \u00e0 un <strong>DJ<\/strong> pour assurer l\u2019ambiance.<\/p>\n<p class=\" wall-content\">Entre deux glissades, il sera \u00e9videmment possible de d\u00e9guster de bons petits plats concoct\u00e9s par les <strong>restaurateurs<\/strong> pr\u00e9sents sur place.<\/p>\n<p class=\" wall-content\">Toutes les informations sont \u00e0 retrouver dans <a href=\"https:\/\/actu.fr\/pays-de-la-loire\/nantes_44109\/sur-l-ile-de-nantes-une-soiree-roller-disco-organisee-dans-ce-restaurant_62822484.html\" rel=\"nofollow noopener\" target=\"_blank\">notre article d\u00e9di\u00e9<\/a>.<\/p>\n<p>Samedi 5\u00a0juillet 2025, de 17\u2009h \u00e0 23\u2009h, Roller Disco au Magmaa Foodhall, 15 rue La Noue Bras de Fer, Nantes. Entr\u00e9e gratuite.<\/p>\n<p>Un grand march\u00e9 drag<\/p>\n<p class=\" wall-content\">Le <strong>March\u00e9 Drag &amp; Queer<\/strong> revient \u00e0 Nantes pour une nouvelle \u00e9dition durant un week-end complet.<\/p>\n<p class=\" wall-content\">Une cinquantaine d\u2019exposants (e) s se retrouveront \u00ab\u2009pour <strong>c\u00e9l\u00e9brer la communaut\u00e9 LGBT et l\u2019art du drag<\/strong> autour de shows, de musique, de tables rondes et d\u2019ateliers au soleil\u2009\u00bb, au Little Atlantique Brewery.<\/p>\n<blockquote class=\"ac-article-quote wall-content\">\n<p>Artiste drag d\u00e9butant.e ? Expert.e ? Ou simple enthousiaste de cet art performatif ?<br \/>\nVenez approvisionner ou r\u00e9approvisionner votre placard drag, ou simplement fl\u00e2ner \u00e0 la recherche d&rsquo;un cadeau pour vous-m\u00eame ou un\u22c5e proche tout en soutenant la communaut\u00e9 LGBT !<\/p>\n<p>    <strong>March\u00e9 Drag &amp; Queer<\/strong>\n            <\/p><\/blockquote>\n<p class=\" wall-content\"><a href=\"https:\/\/www.instagram.com\/p\/DLSELHDC48S\/embed\" title=\"Ouvrir le lien sur Instagram\" rel=\"nofollow noopener\" target=\"_blank\">Visualiser le contenu sur Instagram<\/a><\/p>\n<p>Samedi\u00a05 et dimanche 6\u00a0juillet, de 12h \u00e0 22h, au Little Atlantique Brewery, 23 boulevard de Chantenay, Nantes. Entr\u00e9e libre et gratuite.<\/p>\n<p>Un footing en groupe<\/p>\n<p class=\" wall-content\">Un footing collectif est organis\u00e9 samedi, au d\u00e9part de l\u2019arr\u00eat Greneraie, \u00e0 <a href=\"https:\/\/actu.fr\/pays-de-la-loire\/saint-sebastien-sur-loire_44190\" rel=\"nofollow noopener\" target=\"_blank\">Saint-S\u00e9bastien-sur-Loire<\/a>. Durant ce \u00ab\u2009Blablarun\u2009\u00bb, les organisateurs proposent <strong>une boucle de 8 \u00e0 9\u00a0km,<\/strong> en partant de l\u2019arr\u00eat de bus vers les \u00eeles Forget et Pinette, o\u00f9 se trouve la Station Nuage.<\/p>\n<p class=\" wall-content\">\u00ab\u2009L\u2019allure du groupe sera<strong> adapt\u00e9e au niveau<\/strong> des participants\u2009\u00bb, pr\u00e9cise Campus Coach, organisateur de l\u2019\u00e9v\u00e9nement.<\/p>\n<p>Samedi 5\u00a0juillet, \u00e0 10\u2009h, Blablarun Nantes Station Nuage. Point de rendez-vous pr\u00e9cis <a href=\"https:\/\/www.facebook.com\/events\/1888032018658253\/?acontext=%7B%22event_action_history%22%3A%5B%7B%22mechanism%22%3A%22discovery_custom_tab%22%2C%22surface%22%3A%22bookmark%22%7D%5D%2C%22ref_notif_type%22%3Anull%7D\" rel=\"nofollow noopener\" target=\"_blank\">\u00e0 retrouver ici<\/a>.<\/p>\n<p class=\" wall-content\">Suivez toute l\u2019actualit\u00e9 de vos villes et m\u00e9dias favoris en vous inscrivant \u00e0 <a href=\"https:\/\/moncompte.actu.fr\" title=\"D\u00e9couvez Mon Actu\" rel=\"nofollow noopener\" data-trk=\"{&quot;cta&quot;:{&quot;action&quot;:&quot;https:\\\/\\\/moncompte.actu.fr&quot;,&quot;category&quot;:&quot;mon compte&quot;,&quot;from&quot;:&quot;article footer&quot;,&quot;name&quot;:&quot;Mon actu&quot;,&quot;type&quot;:&quot;cta&quot;}}\" target=\"_blank\">Mon Actu<\/a>.<\/p>\n<p>                    <script async src=\"\/\/www.instagram.com\/embed.js\"><\/script><\/p>\n","protected":false},"excerpt":{"rendered":"Par Cl\u00e9mence Pays Publi\u00e9 le 4 juil. 2025 \u00e0 19h16 \u00c7a y est, c\u2019est le week-end\u2009! Et bonne&hellip;\n","protected":false},"author":2,"featured_media":226219,"comment_status":"","ping_status":"","sticky":false,"template":"","format":"standard","meta":{"footnotes":""},"categories":[2818],"tags":[1111,11,1063,1697,1777,674,1011,27,1305,2089,766,12,2636,25],"class_list":{"0":"post-226218","1":"post","2":"type-post","3":"status-publish","4":"format-standard","5":"has-post-thumbnail","7":"category-nantes","8":"tag-actu","9":"tag-actualites","10":"tag-animations","11":"tag-concert","12":"tag-eu","13":"tag-europe","14":"tag-fr","15":"tag-france","16":"tag-lifestyle","17":"tag-marche","18":"tag-nantes","19":"tag-news","20":"tag-pays-de-la-loire","21":"tag-republique-francaise"},"share_on_mastodon":{"url":"https:\/\/pubeurope.com\/@fr\/114796301070777491","error":""},"_links":{"self":[{"href":"https:\/\/www.europesays.com\/fr\/wp-json\/wp\/v2\/posts\/226218","targetHints":{"allow":["GET"]}}],"collection":[{"href":"https:\/\/www.europesays.com\/fr\/wp-json\/wp\/v2\/posts"}],"about":[{"href":"https:\/\/www.europesays.com\/fr\/wp-json\/wp\/v2\/types\/post"}],"author":[{"embeddable":true,"href":"https:\/\/www.europesays.com\/fr\/wp-json\/wp\/v2\/users\/2"}],"replies":[{"embeddable":true,"href":"https:\/\/www.europesays.com\/fr\/wp-json\/wp\/v2\/comments?post=226218"}],"version-history":[{"count":0,"href":"https:\/\/www.europesays.com\/fr\/wp-json\/wp\/v2\/posts\/226218\/revisions"}],"wp:featuredmedia":[{"embeddable":true,"href":"https:\/\/www.europesays.com\/fr\/wp-json\/wp\/v2\/media\/226219"}],"wp:attachment":[{"href":"https:\/\/www.europesays.com\/fr\/wp-json\/wp\/v2\/media?parent=226218"}],"wp:term":[{"taxonomy":"category","embeddable":true,"href":"https:\/\/www.europesays.com\/fr\/wp-json\/wp\/v2\/categories?post=226218"},{"taxonomy":"post_tag","embeddable":true,"href":"https:\/\/www.europesays.com\/fr\/wp-json\/wp\/v2\/tags?post=226218"}],"curies":[{"name":"wp","href":"https:\/\/api.w.org\/{rel}","templated":true}]}}