{"id":22623,"date":"2025-04-13T16:40:10","date_gmt":"2025-04-13T16:40:10","guid":{"rendered":"https:\/\/www.europesays.com\/fr\/22623\/"},"modified":"2025-04-13T16:40:10","modified_gmt":"2025-04-13T16:40:10","slug":"volley-ball-play-offs-de-ligue-a-feminine-le-volley-mulhouse-alsace-na-plus-de-joker-ce-dimanche-face-a-nantes-lalsace","status":"publish","type":"post","link":"https:\/\/www.europesays.com\/fr\/22623\/","title":{"rendered":"Volley-ball. Play-offs de Ligue A f\u00e9minine : le Volley Mulhouse Alsace n\u2019a plus de joker ce dimanche face \u00e0 Nantes &#8211; L&#039;Alsace"},"content":{"rendered":"<ol>\n<li><a href=\"https:\/\/news.google.com\/rss\/articles\/CBMickFVX3lxTE1zLWl6ZXpsNGNjaVhaazhheXVxOUxZc2R4eWxhMHJWN0FEeGZCbTlqdVpISVA5bHpvRTdaSUhZWHpwLXVOYldXNTVLRnJoNTVtVVM2ZTVlYTBCTm9tX0JZa2pXUWNDMUlmaDZ2Qm1WaVd1dw?oc=5\" target=\"_blank\" rel=\"noopener\">Volley-ball. Play-offs de Ligue A f\u00e9minine : le Volley Mulhouse Alsace n\u2019a plus de joker ce dimanche face \u00e0 Nantes<\/a>&nbsp;&nbsp;L&rsquo;Alsace<\/li>\n<li><a href=\"https:\/\/news.google.com\/rss\/articles\/CBMi7wFBVV95cUxQV1YxOUhVNVRGTFgwbE5rNFY5WU51a1N6M1B6TkszZFFaSDJqRU8wVkxDQVVBWWtxMVhCQlFxUm5kSmZKVVBiNjNvYzhfTHpWczdTM2FFVk5Kc0VfbjZEUzREell2Q2szQTFBSzNCX3EtaXNKOGRNenhDVmk1ajBfUHRUTzdDa1gtVEtXcTBsazkzbkRlNktCYzFPMEs2aEVvM29HQUtjMmpCRFMzX254STBtOFlZWExjTm84enJpaUJsWkVoSVZCaDQzb3ZUWW1WeVRRd2ZwSE9XR3BpM3c5a281QmFEYkNCelJpQmF3VQ?oc=5\" target=\"_blank\" rel=\"noopener\">Volley-ball. Ligue AF (quarts de finale) : Nantes est \u00e0 une victoire des demi-finales<\/a>&nbsp;&nbsp;Ouest-France<\/li>\n<li><a href=\"https:\/\/news.google.com\/rss\/articles\/CBMi2AFBVV95cUxPa1BHclAwQjhQZXRSNGluZFd0dDRDVU1Lb3Y5ZENqUE5qWHpPdXBSWVJwV1UzUnhHbENhWkdCTXE0TVB0bi1hQzRGRHN5Z0NJaXYzWFo5ODdpNGNGb2lILUpRdWYyUDZGVlBhNlpmRHVHUGpzaXVUbmRuNjRRV09IbFNIdlZ2OE5RUWtRbXZ6ZVhwQ3h3YmRGaFg4U05WNVlTaGl2ZENRQVVLXy1SalFaTWZWVHN4Slo1YXhSZHM1Y2stcWxKQ1J2dC1WUi1NYldKQkVMSEhEckY?oc=5\" target=\"_blank\" rel=\"noopener\">Volley-ball. Ligue AF (quarts de finale) : Nantes est \u00e0 une victoire des demi-finales . Sport<\/a>&nbsp;&nbsp;Maville Nantes<\/li>\n<li><a href=\"https:\/\/news.google.com\/rss\/articles\/CBMic0FVX3lxTE1oZUtpV1ZQQ2Fnd2NodUNLbkxIZ08wdFJRcHgwWkE0SXVmTWV6TWppbWNMaktVN3NxSXhEN2Y0Y0NLSFRXUTBxRG52NURfZ2dkS1JXWEVuNk5wNXBmT0l5WTRXaU1HVElLYTZWUFR3TnI1NVk?oc=5\" target=\"_blank\" rel=\"noopener\">Volley-ball. Ligue A f\u00e9minine (quart de finale): Mulhouse a laiss\u00e9 passer sa chance<\/a>&nbsp;&nbsp;les Derni\u00e8res Nouvelles d&rsquo;Alsace<\/li>\n<li><a href=\"https:\/\/news.google.com\/rss\/articles\/CBMixgFBVV95cUxPZnVNT0dIMUYyOFZScEhBeTBvM3FUTV91bS1CNnRuek5UaUVYUHNCZllsTlNTa3BKOTRMMWp4aXRpRnNWUXRFNXJ6SjhCLUhPWEZuSktob3dtdTZzUHBicmhQNmRIMHpIdTlZWWdLYlczeEdJd0lwTWxaRXIxZzFCME0teFhKVFVodlhyZnZnZHpSRmt4VDBERTNMR1RaRGNLOHZWc2RadWVFazR3Vm1seTdpbTVtWEkwVFQwM0NkVXA4a3VaQ2c?oc=5\" target=\"_blank\" rel=\"noopener\">Volley Saforelle Power 6 : Nantes prend d\u00e9j\u00e0 sa revanche, le r\u00e9sume des matchs 1 des quarts de finale<\/a>&nbsp;&nbsp;Dicodusport<\/li>\n<\/ol>\n","protected":false},"excerpt":{"rendered":"Volley-ball. Play-offs de Ligue A f\u00e9minine : le Volley Mulhouse Alsace n\u2019a plus de joker ce dimanche face&hellip;\n","protected":false},"author":2,"featured_media":22624,"comment_status":"","ping_status":"","sticky":false,"template":"","format":"standard","meta":{"footnotes":""},"categories":[1417],"tags":[1636,107,1011,27,1634,1635,4604,517,60,1470,1633,1632,1469],"class_list":{"0":"post-22623","1":"post","2":"type-post","3":"status-publish","4":"format-standard","5":"has-post-thumbnail","7":"category-volley","8":"tag-edition-mulhouse-thann","9":"tag-fil-info","10":"tag-fr","11":"tag-france","12":"tag-mulhouse","13":"tag-secteur-de-mulhouse","14":"tag-selection-abonne","15":"tag-sport","16":"tag-sports","17":"tag-volley","18":"tag-volley-mulhouse-alsace","19":"tag-volley-ball","20":"tag-volleyball"},"share_on_mastodon":{"url":"https:\/\/pubeurope.com\/@fr\/114331649566930933","error":""},"_links":{"self":[{"href":"https:\/\/www.europesays.com\/fr\/wp-json\/wp\/v2\/posts\/22623","targetHints":{"allow":["GET"]}}],"collection":[{"href":"https:\/\/www.europesays.com\/fr\/wp-json\/wp\/v2\/posts"}],"about":[{"href":"https:\/\/www.europesays.com\/fr\/wp-json\/wp\/v2\/types\/post"}],"author":[{"embeddable":true,"href":"https:\/\/www.europesays.com\/fr\/wp-json\/wp\/v2\/users\/2"}],"replies":[{"embeddable":true,"href":"https:\/\/www.europesays.com\/fr\/wp-json\/wp\/v2\/comments?post=22623"}],"version-history":[{"count":0,"href":"https:\/\/www.europesays.com\/fr\/wp-json\/wp\/v2\/posts\/22623\/revisions"}],"wp:featuredmedia":[{"embeddable":true,"href":"https:\/\/www.europesays.com\/fr\/wp-json\/wp\/v2\/media\/22624"}],"wp:attachment":[{"href":"https:\/\/www.europesays.com\/fr\/wp-json\/wp\/v2\/media?parent=22623"}],"wp:term":[{"taxonomy":"category","embeddable":true,"href":"https:\/\/www.europesays.com\/fr\/wp-json\/wp\/v2\/categories?post=22623"},{"taxonomy":"post_tag","embeddable":true,"href":"https:\/\/www.europesays.com\/fr\/wp-json\/wp\/v2\/tags?post=22623"}],"curies":[{"name":"wp","href":"https:\/\/api.w.org\/{rel}","templated":true}]}}