{"id":226230,"date":"2025-07-04T18:13:13","date_gmt":"2025-07-04T18:13:13","guid":{"rendered":"https:\/\/www.europesays.com\/fr\/226230\/"},"modified":"2025-07-04T18:13:13","modified_gmt":"2025-07-04T18:13:13","slug":"tour-de-france-2025-de-lille-a-montmartre-10-tres-bonnes-raisons-de-suivre-la-grande-boucle-cette-annee","status":"publish","type":"post","link":"https:\/\/www.europesays.com\/fr\/226230\/","title":{"rendered":"Tour de France 2025\u00a0: de Lille \u00e0 Montmartre, 10 tr\u00e8s bonnes raisons de suivre la Grande Boucle cette ann\u00e9e"},"content":{"rendered":"<p class=\"paragraph text_align_left lp-f-body-02\">C\u2019est parti, sortez le bob, la glaci\u00e8re et\/ou allumez la t\u00e9l\u00e9 : c\u2019est l\u2019\u00e9t\u00e9, c\u2019est <a href=\"https:\/\/www.leparisien.fr\/sports\/cyclisme\/tour-de-france\/\" target=\"_blank\" rel=\"noreferrer nofollow noopener\">Tour de France<\/a> ! Du 5 au 27 juillet, le peloton va sillonner le pays entre Lille et Paris, pour une Grande Boucle qui promet beaucoup. Pas vraiment pour le suspense autour du maillot jaune, tant le Slov\u00e8ne <a href=\"https:\/\/www.leparisien.fr\/sports\/cyclisme\/tadej-pogacar\/\" target=\"_blank\" rel=\"noreferrer nofollow noopener\">Tadej Pogacar<\/a> part favori pour un 4e sacre. Mais plus pour le spectacle au bord des routes, les batailles pour les victoires d\u2019\u00e9tape et le maillot \u00e0 pois, et les paysages de ce Tour 2025 100 % hexagonal.<\/p>\n<p>1. La ferveur du Nord<\/p>\n<p class=\"paragraph text_align_left lp-f-body-02\">Le hors-d\u2019\u0153uvre de jeudi a d\u00e9j\u00e0 fil\u00e9 la chair de poule. Une mar\u00e9e jaune a envahi <a href=\"https:\/\/www.leparisien.fr\/sports\/cyclisme\/tour-de-france\/le-nord-est-beau-le-nord-est-fier-faites-la-fete-a-la-parade-des-coureurs-du-tour-de-france-cest-deja-le-feu-03-07-2025-5XF2WYOOFZH3PNMEHLSIBAPECY.php\" target=\"_blank\" rel=\"noreferrer nofollow noopener\">la Grand-Place de Lille<\/a> pour la pr\u00e9sentation des coureurs au public. La bi\u00e8re et la bonne humeur ont coul\u00e9 \u00e0 flots, le peuple Ch\u2019ti a fait la f\u00eate comme il sait si bien le faire. Et \u00e7a ne fait que commencer ! C\u2019est parti pour trois jours de folie, autour de Lille, puis de Lauwin-Planque \u00e0 Boulogne-sur-Mer et de Valenciennes \u00e0 Dunkerque. <a href=\"https:\/\/www.leparisien.fr\/sports\/cyclisme\/tour-de-france\/tour-de-france-2025-le-parcours-complet-etape-par-etape-03-07-2025-DZURBZIRZRDGTEQCHO2ALQVBJM.php\" target=\"_blank\" rel=\"noreferrer nofollow noopener\">S\u2019il faut s\u2019attendre \u00e0 au moins deux sprints massifs,<\/a> le spectacle sera surtout au bord des routes : fan-zones, baraques \u00e0 frites, d\u00e9guisements, d\u00e9fil\u00e9 de G\u00e9ants\u2026 Ambiance garantie !<\/p>\n<p>2. Alaphilippe, le retour du chouchou <\/p>\n<p class=\"paragraph text_align_left lp-f-body-02\">\u00c0 l\u2019applaudim\u00e8tre, c\u2019est encore lui le maillot jaune. <a href=\"https:\/\/www.leparisien.fr\/sports\/cyclisme\/julian-alaphilippe\/\" target=\"_blank\" rel=\"noreferrer nofollow noopener\">Julian Alaphilippe<\/a> revient cette ann\u00e9e sur le Tour, apr\u00e8s avoir s\u00e9ch\u00e9 la derni\u00e8re \u00e9dition pour pr\u00e9parer les JO. S\u2019il ne gagne plus autant qu\u2019avant, \u00ab Loulou \u00bb r\u00e9gale encore par son cyclisme offensif. <\/p>\n<p class=\"paragraph text_align_left lp-f-body-02\">Au sein de <a href=\"https:\/\/www.leparisien.fr\/sports\/cyclisme\/la-fracture-lefevere-la-cour-de-cancellara-les-jo-alaphilippe-chez-tudor-les-dessous-dun-transfert-choc-19-08-2024-76T63JGMHRDKJOTEKVG6XEAEEU.php\" target=\"_blank\" rel=\"noreferrer nofollow noopener\">sa nouvelle \u00e9quipe, Tudor<\/a>, le double champion du monde aura carte blanche pour r\u00e9veiller le peloton. \u00ab Dans ces journ\u00e9es non cadenass\u00e9es par les meilleurs, avec son exp\u00e9rience et son temp\u00e9rament, je pense que Julian sera opportuniste, il ira dans les \u00e9chapp\u00e9es \u00bb, affirme Laurent Jalabert, ambassadeur du Prix de la Combativit\u00e9 Century 21 et consultant RTL. Plusieurs \u00e9tapes correspondent \u00e0 son profil d\u2019attaquant. D\u00e8s dimanche, par exemple, dans les monts du Boulonnais. Avec un maillot jaune, qu\u2019il a d\u00e9j\u00e0 port\u00e9 18 jours, \u00e0 retrouver quatre ans apr\u00e8s le dernier ?<\/p>\n<p><img decoding=\"async\" class=\"image \" loading=\"lazy\" src=\"https:\/\/www.europesays.com\/fr\/wp-content\/uploads\/2025\/07\/FFHF7JOWGNACDOONDZMFEKYVLA.jpg\" alt=\"D\u00e9sormais chez Tudor, Julian Alaphilippe (ici lors de la pr\u00e9sentation des \u00e9quipes), est toujours le grand vainqueur du Tour \u00e0 l'applaudim\u00e8tre. Belga\/David Pintens\" align=\"\" data-rubrique-principale=\"\" data-article-type=\"\" fetchpriority=\"auto\"\/>D\u00e9sormais chez Tudor, Julian Alaphilippe (ici lors de la pr\u00e9sentation des \u00e9quipes), est toujours le grand vainqueur du Tour \u00e0 l&rsquo;applaudim\u00e8tre. Belga\/David Pintens 3. La Bretagne d\u2019Hinault<\/p>\n<p class=\"paragraph text_align_left lp-f-body-02\">En juillet, le pays s\u2019offre une pause et aime se retourner sur son pass\u00e9 cycliste. En particulier cette ann\u00e9e. 2025, <a href=\"https:\/\/www.leparisien.fr\/sports\/cyclisme\/tour-de-france\/40-ans-sans-vainqueur-francais-du-tour-de-fignon-a-bardet-pourquoi-ca-na-plus-marche-03-07-2025-HBKQADQEK5FJVPSFJHHIWAK4BE.php\" target=\"_blank\" rel=\"noreferrer nofollow noopener\">ce sont les 40 ans de la derni\u00e8re victoire fran\u00e7aise,<\/a> la 5e de Bernard Hinault en 1985. La 7e \u00e9tape, entre Saint-Malo et M\u00fbr-de-Bretagne, sera ainsi un v\u00e9ritable p\u00e8lerinage sur les terres du Blaireau, avec un passage de l\u2019idole dans sa commune de naissance et de r\u00e9sidence, comme un chef d\u2019\u00c9tat, pour un moment d\u2019\u00e9motion.<\/p>\n<p>4. Hommages et anniversaires en s\u00e9rie<\/p>\n<p class=\"paragraph text_align_left lp-f-body-02\">Le Tour partira le lendemain de Saint-M\u00e9en-le-Grand (Ille-et-Vilaine), village d\u2019un certain Louison Bobet, qui a gagn\u00e9 son 3e Tour il y a 70 ans. Dans la s\u00e9rie anniversaire, cela sera aussi les 50 ans de la premi\u00e8re victoire de Bernard Th\u00e9venet, et de la premi\u00e8re arriv\u00e9e sur les Champs-Elys\u00e9es. Le Tour y retournera en apoth\u00e9ose le 27 juillet, apr\u00e8s avoir d\u00e9laiss\u00e9 la plus belle avenue du monde pour Nice en 2024, JO obligent. Ils nous avaient manqu\u00e9.<\/p>\n<p>5. Van der Poel, Van Aert, les Fran\u00e7ais\u2026 Les puncheurs vont r\u00e9galer<\/p>\n<p class=\"paragraph text_align_left lp-f-body-02\">M\u00eame sans montagne avant la 10e \u00e9tape, l\u2019enc\u00e9phalogramme de ce d\u00e9but de Tour sera loin d\u2019\u00eatre plat. Bosse, mont, coup de cul, raidard\u2026 Peu importe comme on les appelle, des mines ont \u00e9t\u00e9 pos\u00e9es un peu partout pr\u00e8s des arriv\u00e9es, \u00e0 Boulogne, Rouen, Vire et au bien nomm\u00e9 M\u00fbr-de-Bretagne\u2026 <\/p>\n<p class=\"paragraph text_align_left lp-f-body-02\">Un r\u00e9gal pour les chasseurs de classiques, comme les rivaux de toujours Van Aert et <a href=\"https:\/\/www.leparisien.fr\/sports\/cyclisme\/mathieu-van-der-poel\/\" target=\"_blank\" rel=\"noreferrer nofollow noopener\">Van der Poel<\/a>, qui retrouvera M\u00fbr-de-Bretagne o\u00f9 il avait gagn\u00e9 <a href=\"https:\/\/www.leparisien.fr\/sports\/cyclisme\/tour-de-france-lexploit-de-van-der-poel-qui-arrache-la-deuxieme-etape-et-le-maillot-jaune-27-06-2021-JMUBCKLKJVFQJNWBA7TM2KE27E.php\" target=\"_blank\" rel=\"noreferrer nofollow noopener\">le maillot jaune en 2021<\/a>. Sans victoire sur le Tour depuis, le petit-fils de Poulidor a des fourmis dans les jambes. Il aura \u00e0 ses trousses des Fran\u00e7ais ambitieux du m\u00eame profil, les Alaphilippe, Vauquelin ou Gr\u00e9goire. \u00ab Que les Fran\u00e7ais osent une course offensive pour se cr\u00e9er des opportunit\u00e9s \u00bb, exhorte Jalabert. Et si un cannibale type Pogacar s\u2019en m\u00eale, cela promet un paquet d\u2019arriv\u00e9es spectaculaires\u2026<\/p>\n<p>6. Un 14 Juillet au Mont-Dore<\/p>\n<p class=\"paragraph text_align_left lp-f-body-02\">Ce jour-l\u00e0, il y a toujours du feu d\u2019artifice dans l\u2019air sur la route du Tour. Le lundi 14 juillet ne d\u00e9rogera pas \u00e0 la r\u00e8gle. Les organisateurs ont d\u00e9cal\u00e9 le traditionnel premier jour de repos au mardi, pour que la f\u00eate nationale soit c\u00e9l\u00e9br\u00e9e sur la route. <\/p>\n<p class=\"paragraph text_align_left lp-f-body-02\">Au menu : la toute premi\u00e8re \u00e9tape de montagne de cette \u00e9dition 2025, entre Ennezat et Le Mont-Dore &#8211; Puy de Sancy. 4 450 m de d\u00e9nivel\u00e9 positif, 7 cols tous plus casse-pattes les uns que les autres, et une arriv\u00e9e au sommet de la station de ski auvergnate. Une \u00e9tape qui pla\u00eet beaucoup \u00e0 <a href=\"https:\/\/www.leparisien.fr\/sports\/cyclisme\/il-sen-va-sans-regrets-car-il-a-fait-de-son-mieux-que-va-t-il-rester-de-romain-bardet-champion-si-reserve-08-06-2025-JNAHN6XLERFXPETLHOEM3C7G5Y.php\" target=\"_blank\" rel=\"noreferrer nofollow noopener\">Romain Bardet : le n\u00e9oretrait\u00e9 sera chez lui, <\/a>sur le bord de la route, pour voir ses anciens coll\u00e8gues se livrer la premi\u00e8re grande bataille en montagne.<\/p>\n<p>7. Martinez, \u00e0 la conqu\u00eate des pois et des c\u0153urs<\/p>\n<p class=\"paragraph text_align_left lp-f-body-02\">Quand les routes vont s\u2019\u00e9lever, attendez-vous \u00e0 voir un petit lutin \u00e0 la silhouette famili\u00e8re se dresser sur les p\u00e9dales. Lenny Martinez, qui f\u00eatera ses 22 ans vendredi 11 juillet, vise un succ\u00e8s de prestige en montagne. En forme (3 victoires \u00e0 Paris-Nice, au Tour de Romandie et au Dauphin\u00e9), le jeune Fran\u00e7ais de l\u2019\u00e9quipe Bahrain Victorious a aussi le maillot \u00e0 pois dans un coin de la t\u00eate. <\/p>\n<p><img decoding=\"async\" class=\"image \" loading=\"lazy\" src=\"https:\/\/www.europesays.com\/fr\/wp-content\/uploads\/2025\/07\/6XAQN7S3NRGXZMBT67HSBLVYTQ.jpg\" alt=\"Vainqueur d'\u00e9tape sur Paris-Nice et sur le Dauphin\u00e9, Lenny Martinez compte bien r\u00e9cidiver lors de cette Grande Boucle. Stefano Cavasino\/LiveMedia\" align=\"\" data-rubrique-principale=\"\" data-article-type=\"\" fetchpriority=\"auto\"\/>Vainqueur d&rsquo;\u00e9tape sur Paris-Nice et sur le Dauphin\u00e9, Lenny Martinez compte bien r\u00e9cidiver lors de cette Grande Boucle. Stefano Cavasino\/LiveMedia <\/p>\n<p class=\"paragraph text_align_left lp-f-body-02\">Celui que son grand-p\u00e8re, Mariano, a conquis en 1978. Lequel r\u00eave de voir le petit-fils l\u2019imiter. \u00ab S\u2019il a les coud\u00e9es franches et qu\u2019on lui laisse chasser des \u00e9tapes comme<a href=\"https:\/\/www.leparisien.fr\/sports\/cyclisme\/criterium-du-dauphine-une-victoire-detape-de-vieux-briscard-pour-lenny-martinez-le-general-pour-pogacar-15-06-2025-NEWW3VM4YJH6LFPV3URVEPYK6A.php\" target=\"_blank\" rel=\"noreferrer nofollow noopener\"> il a fait sur le Dauphin\u00e9<\/a>, il a le profil id\u00e9al \u00bb, abonde Jalabert.<\/p>\n<p>8. Incontournable Ventoux<\/p>\n<p class=\"paragraph text_align_left lp-f-body-02\">Lui aussi nous avait manqu\u00e9. Depuis <a href=\"https:\/\/www.leparisien.fr\/sports\/tour-de-france-la-plus-belle-victoire-de-ma-carriere-wout-van-aert-aux-anges-avoir-dompte-le-ventoux-07-07-2021-XGQL5APYIJG7VL5QE5HTJBL64E.php\" target=\"_blank\" rel=\"noreferrer nofollow noopener\">la victoire de Van Aert en 2021<\/a>, le Tour de France n\u2019avait plus gravi le G\u00e9ant de Provence. La derni\u00e8re ariv\u00e9e au sommet du Ventoux, son paysage lunaire et br\u00fblant, battu par les vents, remontait m\u00eame \u00e0 2016. Un des lieux mythiques de la Grande Boucle, que le peloton escalade cette ann\u00e9e par B\u00e9doin, son versant le plus difficile. Une mont\u00e9e s\u00e8che de 15,7 km o\u00f9 les favoris, Pogacar et <a href=\"https:\/\/www.leparisien.fr\/sports\/cyclisme\/jonas-vingegaard\/\" target=\"_blank\" rel=\"noreferrer nofollow noopener\">Vingegaard<\/a>, s\u2019\u00e9taient d\u00e9j\u00e0 livr\u00e9s une superbe bataille il y a quatre ans. On en salive d\u2019avance.<\/p>\n<p>9. Le col de la Loze, sommet du Tour<\/p>\n<p class=\"paragraph text_align_left lp-f-body-02\">Au bout d\u2019une interminable mont\u00e9e de 26,4 km, les rescap\u00e9s du peloton atteindront le col de la Loze, sur les hauteurs de Courchevel, terme de la 18e \u00e9tape dans les Alpes \u00e0 2 300 m d\u2019altitude. Le sommet, g\u00e9ographique et sportif, de ce Tour 2025, apr\u00e8s une \u00e9tape qui s\u2019annonce dantesque, avec les redoutables cols du Glandon et de la Madeleine en ap\u00e9ritif. Quelque chose nous dit que le maillot jaune au soir de ce 24 juillet aura toutes les chances de le garder trois jours plus tard \u00e0 Paris\u2026<\/p>\n<p>10. La rue Lepic, olympique et pol\u00e9mique<\/p>\n<p class=\"paragraph text_align_left lp-f-body-02\">L\u2019\u00e9tape 1 m\u00eame pas courue, on parlait d\u00e9j\u00e0 beaucoup, <a href=\"https:\/\/www.leparisien.fr\/sports\/cyclisme\/tour-de-france\/un-evenement-dans-levenement-comment-le-grand-depart-du-tour-de-france-est-devenu-un-grand-business-02-07-2025-A4EAUXTDRZCVLBEYHJWCSQEWCQ.php\" target=\"_blank\" rel=\"noreferrer nofollow noopener\">avant le Grand D\u00e9part \u00e0 Lille<\/a>, de l\u2019\u00e9tape 21. L\u2019ultime arriv\u00e9e, sur les Champs-\u00c9lys\u00e9es, a beau \u00eatre incontournable ou presque depuis 50 ans, elle est piment\u00e9e cette ann\u00e9e de la principale innovation de ce Tour 2025 : le fameux triple passage par la butte Montmartre. <\/p>\n<p class=\"paragraph text_align_left lp-f-body-02\">Un an apr\u00e8s les JO, le public parisien va go\u00fbter \u00e0 nouveau \u00e0 la folie olympique. Les coureurs, dont le m\u00e9daill\u00e9 d\u2019or <a href=\"https:\/\/www.leparisien.fr\/sports\/cyclisme\/remco-evenepoel\/\" target=\"_blank\" rel=\"noreferrer nofollow noopener\">Remco Evenepoel<\/a>, ne s\u2019avouent pourtant pas fans de cette ultime difficult\u00e9 apr\u00e8s 3 330 km d\u2019un Tour d\u00e9j\u00e0 \u00e9reintant. Nervosit\u00e9, risques de chute et de perte de temps\u2026 \u00c7a va batailler s\u00e9v\u00e8re sur les pav\u00e9s de la rue Lepic, avant d\u2019enfin souffler sur les Champs. Une apoth\u00e9ose \u00e0 la fois dramatique et grandiose.<\/p>\n","protected":false},"excerpt":{"rendered":"C\u2019est parti, sortez le bob, la glaci\u00e8re et\/ou allumez la t\u00e9l\u00e9 : c\u2019est l\u2019\u00e9t\u00e9, c\u2019est Tour de France&hellip;\n","protected":false},"author":2,"featured_media":226231,"comment_status":"","ping_status":"","sticky":false,"template":"","format":"standard","meta":{"footnotes":""},"categories":[2815],"tags":[1111,11,207,1777,674,1011,27,811,1307,12,25,60,210],"class_list":{"0":"post-226230","1":"post","2":"type-post","3":"status-publish","4":"format-standard","5":"has-post-thumbnail","7":"category-lille","8":"tag-actu","9":"tag-actualites","10":"tag-cyclisme","11":"tag-eu","12":"tag-europe","13":"tag-fr","14":"tag-france","15":"tag-hauts-de-france","16":"tag-lille","17":"tag-news","18":"tag-republique-francaise","19":"tag-sports","20":"tag-tour-de-france"},"share_on_mastodon":{"url":"https:\/\/pubeurope.com\/@fr\/114796324801978254","error":""},"_links":{"self":[{"href":"https:\/\/www.europesays.com\/fr\/wp-json\/wp\/v2\/posts\/226230","targetHints":{"allow":["GET"]}}],"collection":[{"href":"https:\/\/www.europesays.com\/fr\/wp-json\/wp\/v2\/posts"}],"about":[{"href":"https:\/\/www.europesays.com\/fr\/wp-json\/wp\/v2\/types\/post"}],"author":[{"embeddable":true,"href":"https:\/\/www.europesays.com\/fr\/wp-json\/wp\/v2\/users\/2"}],"replies":[{"embeddable":true,"href":"https:\/\/www.europesays.com\/fr\/wp-json\/wp\/v2\/comments?post=226230"}],"version-history":[{"count":0,"href":"https:\/\/www.europesays.com\/fr\/wp-json\/wp\/v2\/posts\/226230\/revisions"}],"wp:featuredmedia":[{"embeddable":true,"href":"https:\/\/www.europesays.com\/fr\/wp-json\/wp\/v2\/media\/226231"}],"wp:attachment":[{"href":"https:\/\/www.europesays.com\/fr\/wp-json\/wp\/v2\/media?parent=226230"}],"wp:term":[{"taxonomy":"category","embeddable":true,"href":"https:\/\/www.europesays.com\/fr\/wp-json\/wp\/v2\/categories?post=226230"},{"taxonomy":"post_tag","embeddable":true,"href":"https:\/\/www.europesays.com\/fr\/wp-json\/wp\/v2\/tags?post=226230"}],"curies":[{"name":"wp","href":"https:\/\/api.w.org\/{rel}","templated":true}]}}