{"id":226234,"date":"2025-07-04T18:15:13","date_gmt":"2025-07-04T18:15:13","guid":{"rendered":"https:\/\/www.europesays.com\/fr\/226234\/"},"modified":"2025-07-04T18:15:13","modified_gmt":"2025-07-04T18:15:13","slug":"les-candidatures-sont-ouvertes-pour-creer-la-nouvelle-cantine-de-lilot-velten-a-marseille","status":"publish","type":"post","link":"https:\/\/www.europesays.com\/fr\/226234\/","title":{"rendered":"Les candidatures sont ouvertes pour cr\u00e9er la nouvelle cantine de l&rsquo;\u00eelot Velten \u00e0 Marseille"},"content":{"rendered":"<p>\u00c7a se pr\u00e9cise du c\u00f4t\u00e9 de la rue Bernard du Bois. Le bailleur social de la Ville, <a href=\"https:\/\/www.laprovence.com\/actu\/en-direct\/6911762\/marseille-habitat-rachete-coco-velten.html\" target=\"_blank\" rel=\"noopener\">Marseille Habitat<\/a>, a rachet\u00e9 il y a deux ans les 4 000 m\u00b2 de l&rsquo;ancien Coco Velten, \u00e0 <a href=\"https:\/\/www.laprovence.com\/article\/region\/32523457667829\/sophie-camard-maire-des-1er-7e-a-marseille-il-faut-dupliquer-a-belsunce-ce-qui-a-marche-a-noailles\" target=\"_blank\" rel=\"noopener\">Belsunce<\/a>, pour r\u00e9nover les lieux et en faire un nouveau lieu de vie. Ce mardi, l&rsquo;appel \u00e0 projet pour reprendre la gestion de la cantine solidaire (297 m\u00b2) et de la salle polyvalente &#8211; un espace de 618 m\u00b2 en tout qui accueille toutes les activit\u00e9s culturelles et sociales &#8211; a \u00e9t\u00e9 publi\u00e9 par l&rsquo;organisme. Les porteurs de projet ont jusqu&rsquo;au 15 juillet pour se manifester et proposer un plan d&rsquo;avenir pour ce grand espace qui \u00e9tait le c\u0153ur de Coco Velten avant la <a href=\"https:\/\/www.laprovence.com\/article\/region\/29654386875402\/marseille-fin-de-laventure-pour-le-tiers-lieu-coco-velten-ses-residents-et-sa-quarantaine-d-associations\" target=\"_blank\" rel=\"noopener\">fermeture en 2023<\/a>. \u00ab\u00a0Nous avons \u00e0 c\u0153ur de garder que cela reste un lieu de rencontre et de mixit\u00e9, qui propose une alimentation de qualit\u00e9 et des moments de convivialit\u00e9 \u00e0 ceux qui viennent\u00a0\u00bb, liste <a href=\"https:\/\/www.laprovence.com\/article\/region\/59355927127804\/il-faut-envisager-que-les-voitures-noccupent-plus-la-rue-a-marseille-la-ville-reduit-les-places-de-stationnement\" target=\"_blank\" rel=\"noopener\">Audrey Gatian<\/a>, l&rsquo;adjointe (PS) \u00e0 la politique de la ville et pr\u00e9sidente de Marseille Habitat.\u00a0<\/p>\n<p>Un bail de neuf ans pour les futurs locataires<\/p>\n<p>En rendant les clefs il y a un an et demi, l&rsquo;association Yes we camp avait d\u00e9j\u00e0 fait part de son intention de candidater, et plusieurs organisations se sont d\u00e9j\u00e0 manifest\u00e9es aupr\u00e8s de l&rsquo;\u00e9lu. Une premi\u00e8re s\u00e9lection de trois dossiers sera retenue le 18 juillet, avant des auditions en septembre et une d\u00e9cision finale en octobre. Un bail de neuf ans sera accord\u00e9 dans la foul\u00e9e, mais puisque de lourds travaux de curage et de reconstruction sont en cours, la cantine n&rsquo;ouvrira ses portes qu&rsquo;\u00e0 la fin de l&rsquo;ann\u00e9e 2026. Afin de faciliter la t\u00e2che des futurs locataires, la cuisine sera d\u00e9j\u00e0 reli\u00e9e \u00e0 l&rsquo;eau et \u00e0 l&rsquo;\u00e9lectricit\u00e9, et am\u00e9nag\u00e9e avec un plan de travail, des \u00e9viers et un bar. \u00ab\u00a0Pour le reste, que ce soit sur les \u00e9quipements, le concept, le mod\u00e8le \u00e9conomique, nous sommes ouverts \u00e0 toutes les id\u00e9es, toutes les innovations pour recr\u00e9er du vivre ensemble \u00e0 Belsunce\u00a0\u00bb, ajoute Audrey Gatian.\u00a0<\/p>\n<p>Avant que les premiers repas soient pris dans la cantine solidaire (144 personnes pourront s&rsquo;y restaurer en m\u00eame temps), l&rsquo;\u00eelot Velten r\u00e9ouvrira progressivement \u00e0 partir de d\u00e9but 2026, avec l&rsquo;accueil de jour pour femmes g\u00e9r\u00e9 par le CCAS (Centre communal d&rsquo;action sociale de Marseille).\u00a0<\/p>\n<p>Au moins 14 logements sociaux, avec des T2, des T3 et un T5 pour accueillir au moins 80 personnes, sont aussi pr\u00e9vus dans le futur centre Velten.<\/p>\n","protected":false},"excerpt":{"rendered":"\u00c7a se pr\u00e9cise du c\u00f4t\u00e9 de la rue Bernard du Bois. Le bailleur social de la Ville, Marseille&hellip;\n","protected":false},"author":2,"featured_media":226235,"comment_status":"","ping_status":"","sticky":false,"template":"","format":"standard","meta":{"footnotes":""},"categories":[2814],"tags":[17,1111,11,1102,24324,1812,1777,674,1011,27,151,884,12,2043,18729,471,882,16,25,3333],"class_list":{"0":"post-226234","1":"post","2":"type-post","3":"status-publish","4":"format-standard","5":"has-post-thumbnail","7":"category-marseille","8":"tag-17","9":"tag-actu","10":"tag-actualites","11":"tag-breakingnews","12":"tag-candidatures","13":"tag-creer","14":"tag-eu","15":"tag-europe","16":"tag-fr","17":"tag-france","18":"tag-les","19":"tag-marseille","20":"tag-news","21":"tag-nouvelle","22":"tag-ouvertes","23":"tag-pour","24":"tag-provence-alpes-cote-dazur","25":"tag-region","26":"tag-republique-francaise","27":"tag-sont"},"share_on_mastodon":{"url":"https:\/\/pubeurope.com\/@fr\/114796332554044018","error":""},"_links":{"self":[{"href":"https:\/\/www.europesays.com\/fr\/wp-json\/wp\/v2\/posts\/226234","targetHints":{"allow":["GET"]}}],"collection":[{"href":"https:\/\/www.europesays.com\/fr\/wp-json\/wp\/v2\/posts"}],"about":[{"href":"https:\/\/www.europesays.com\/fr\/wp-json\/wp\/v2\/types\/post"}],"author":[{"embeddable":true,"href":"https:\/\/www.europesays.com\/fr\/wp-json\/wp\/v2\/users\/2"}],"replies":[{"embeddable":true,"href":"https:\/\/www.europesays.com\/fr\/wp-json\/wp\/v2\/comments?post=226234"}],"version-history":[{"count":0,"href":"https:\/\/www.europesays.com\/fr\/wp-json\/wp\/v2\/posts\/226234\/revisions"}],"wp:featuredmedia":[{"embeddable":true,"href":"https:\/\/www.europesays.com\/fr\/wp-json\/wp\/v2\/media\/226235"}],"wp:attachment":[{"href":"https:\/\/www.europesays.com\/fr\/wp-json\/wp\/v2\/media?parent=226234"}],"wp:term":[{"taxonomy":"category","embeddable":true,"href":"https:\/\/www.europesays.com\/fr\/wp-json\/wp\/v2\/categories?post=226234"},{"taxonomy":"post_tag","embeddable":true,"href":"https:\/\/www.europesays.com\/fr\/wp-json\/wp\/v2\/tags?post=226234"}],"curies":[{"name":"wp","href":"https:\/\/api.w.org\/{rel}","templated":true}]}}