{"id":226238,"date":"2025-07-04T18:17:10","date_gmt":"2025-07-04T18:17:10","guid":{"rendered":"https:\/\/www.europesays.com\/fr\/226238\/"},"modified":"2025-07-04T18:17:10","modified_gmt":"2025-07-04T18:17:10","slug":"metropole-de-lyon-un-service-de-velos-electriques-dans-quatre-communes-de-louest-lyonnais-en-2026-les-negociations-sont-en-cours","status":"publish","type":"post","link":"https:\/\/www.europesays.com\/fr\/226238\/","title":{"rendered":"M\u00e9tropole de Lyon. Un service de v\u00e9los \u00e9lectriques dans quatre communes de l\u2019Ouest lyonnais en 2026\u00a0? \u00ab\u00a0Les n\u00e9gociations sont en cours\u00a0\u00bb"},"content":{"rendered":"<p>\u00ab\u00a0Tous \u00e0 v\u00e9lo\u00a0!\u00a0\u00bb, lance avec enthousiasme Maryl\u00e8ne Millet, maire de Saint-Genis-Laval. Ce vendredi 4\u00a0juillet, elle recevait dans la salle du conseil municipal ses homologues de Charly, Irigny et Vernaison pour pr\u00e9senter un projet commun de mobilit\u00e9 douce\u00a0: la cr\u00e9ation d\u2019un service de v\u00e9los \u00e0 assistance \u00e9lectrique, pr\u00e9vu pour une phase d\u2019exp\u00e9rimentation d\u00e8s janvier\u00a02026.<\/p>\n<p class=\"txt\">Nous manquons de solutions de transport<\/p>\n<p> Maryl\u00e8ne Millet, maire de Saint-Genis-Laval <\/p>\n<p>Face aux probl\u00e8mes de circulation, au manque de transports en commun efficaces et \u00e0 l\u2019enclavement&#8230;<\/p>\n","protected":false},"excerpt":{"rendered":"\u00ab\u00a0Tous \u00e0 v\u00e9lo\u00a0!\u00a0\u00bb, lance avec enthousiasme Maryl\u00e8ne Millet, maire de Saint-Genis-Laval. Ce vendredi 4\u00a0juillet, elle recevait dans la&hellip;\n","protected":false},"author":2,"featured_media":226239,"comment_status":"","ping_status":"","sticky":false,"template":"","format":"standard","meta":{"footnotes":""},"categories":[1889],"tags":[1111,11,2430,3542,3154,1777,674,1011,27,2428,12,25,5151,5152,2803],"class_list":{"0":"post-226238","1":"post","2":"type-post","3":"status-publish","4":"format-standard","5":"has-post-thumbnail","7":"category-lyon","8":"tag-actu","9":"tag-actualites","10":"tag-auvergne-rhone-alpes","11":"tag-circulation","12":"tag-edition-sud-lyonnais","13":"tag-eu","14":"tag-europe","15":"tag-fr","16":"tag-france","17":"tag-lyon","18":"tag-news","19":"tag-republique-francaise","20":"tag-saint-genis-laval","21":"tag-saint-genis-laval-ville","22":"tag-transport"},"share_on_mastodon":{"url":"https:\/\/pubeurope.com\/@fr\/114796340464112905","error":""},"_links":{"self":[{"href":"https:\/\/www.europesays.com\/fr\/wp-json\/wp\/v2\/posts\/226238","targetHints":{"allow":["GET"]}}],"collection":[{"href":"https:\/\/www.europesays.com\/fr\/wp-json\/wp\/v2\/posts"}],"about":[{"href":"https:\/\/www.europesays.com\/fr\/wp-json\/wp\/v2\/types\/post"}],"author":[{"embeddable":true,"href":"https:\/\/www.europesays.com\/fr\/wp-json\/wp\/v2\/users\/2"}],"replies":[{"embeddable":true,"href":"https:\/\/www.europesays.com\/fr\/wp-json\/wp\/v2\/comments?post=226238"}],"version-history":[{"count":0,"href":"https:\/\/www.europesays.com\/fr\/wp-json\/wp\/v2\/posts\/226238\/revisions"}],"wp:featuredmedia":[{"embeddable":true,"href":"https:\/\/www.europesays.com\/fr\/wp-json\/wp\/v2\/media\/226239"}],"wp:attachment":[{"href":"https:\/\/www.europesays.com\/fr\/wp-json\/wp\/v2\/media?parent=226238"}],"wp:term":[{"taxonomy":"category","embeddable":true,"href":"https:\/\/www.europesays.com\/fr\/wp-json\/wp\/v2\/categories?post=226238"},{"taxonomy":"post_tag","embeddable":true,"href":"https:\/\/www.europesays.com\/fr\/wp-json\/wp\/v2\/tags?post=226238"}],"curies":[{"name":"wp","href":"https:\/\/api.w.org\/{rel}","templated":true}]}}