{"id":226244,"date":"2025-07-04T18:20:12","date_gmt":"2025-07-04T18:20:12","guid":{"rendered":"https:\/\/www.europesays.com\/fr\/226244\/"},"modified":"2025-07-04T18:20:12","modified_gmt":"2025-07-04T18:20:12","slug":"a-paris-une-jeune-fille-abandonne-son-chien-dans-la-rue-deux-jours-apres-lavoir-adopte","status":"publish","type":"post","link":"https:\/\/www.europesays.com\/fr\/226244\/","title":{"rendered":"\u00c0 Paris, une jeune fille abandonne son chien dans la rue deux jours apr\u00e8s l&rsquo;avoir adopt\u00e9"},"content":{"rendered":"<p>            Par<br \/>\n        <strong><br \/>\n            <a href=\"https:\/\/actu.fr\/auteur\/redaction-paris\" title=\"Consulter tous les articles de R\u00e9daction Paris\" target=\"_blank\" rel=\"noopener\">R\u00e9daction Paris<\/a><br \/>\n        <\/strong><\/p>\n<p>        Publi\u00e9 le<\/p>\n<p>            4 juil. 2025 \u00e0 17h06        <\/p>\n<p>Les associations de d\u00e9fense animale ne cessent de le r\u00e9p\u00e9ter\u2009: un chien n\u2019est <strong>pas un jouet<\/strong> et son adoption doit \u00eatre le fruit d\u2019une vraie r\u00e9flexion. Un message que n\u2019a visiblement jamais entendu la jeune mineure qui a abandonn\u00e9 son <a href=\"https:\/\/actu.fr\/tag\/animaux\" target=\"_blank\" rel=\"noopener\">animal<\/a> en l\u2019accrochant \u00e0 un poteau devant un h\u00f4pital \u00e0 Paris.<\/p>\n<p>\u00ab\u2009Je ne me suis pas rendu compte\u2026\u2009\u00bb<\/p>\n<p class=\" wall-content\">Sur <a href=\"https:\/\/actu.fr\/tag\/instagram\" target=\"_blank\" rel=\"noopener\">Instagram<\/a>, l\u2019association Action Protection Animale a ainsi racont\u00e9 la triste histoire de <strong>Louna<\/strong>, \u00e9pagneule de quatre ans qui a \u00e9t\u00e9 \u00ab\u2009volontairement abandonn\u00e9e sur la voie publique par sa jeune d\u00e9tentrice\u2009\u00bb. La jeune fille aurait fait l\u2019acquisition de la chienne \u00ab\u2009dans un contexte flou \u00e0 peine 48h auparavant\u2009\u00bb.<\/p>\n<p class=\" wall-content\">Ce sont des salari\u00e9s de l\u2019h\u00f4pital qui ont donn\u00e9 l\u2019alerte. Apr\u00e8s une br\u00e8ve enqu\u00eate, la propri\u00e9taire a pu \u00eatre retrouv\u00e9e. \u00ab\u2009Je ne me suis pas rendu compte que c\u2019\u00e9tait aussi <strong>contraignant<\/strong>\u2009\u00bb, aurait-elle expliqu\u00e9 aux forces de l\u2019ordre.<\/p>\n<p class=\" wall-content\"><a href=\"https:\/\/www.instagram.com\/p\/DLnG_Vxthhx\/embed\" title=\"Ouvrir le lien sur Instagram\" target=\"_blank\" rel=\"noopener\">Visualiser le contenu sur Instagram<\/a><\/p>\n<p>\u00abLes animaux ne demandent rien\u2009\u00bb<\/p>\n<p class=\" wall-content\">\u00ab\u2009Adorable, mignonne comme un c\u0153ur\u2009\u00bb, la chienne a \u00e9t\u00e9 prise en charge dans un refuge d\u2019Aix-les-Bains \u00ab\u2009o\u00f9 elle <strong>attend une famille<\/strong> comme de trop nombreux autres\u2009\u00bb, alerte Action Protection Animale.<\/p>\n<p class=\" wall-content\">Et de rappeler, une nouvelle fois, que \u00ab\u2009les animaux ne demandent RIEN. En acqu\u00e9rir est un choix et pas une obligation. Et <strong>quand on fait un choix, on l\u2019assume<\/strong>. En cette p\u00e9riode, mais plus g\u00e9n\u00e9ralement toute l\u2019ann\u00e9e, les animaux acquis par des irresponsables inondent les refuges. Alors pensez \u00e0 eux, qui attendent enfin une famille responsable.\u2009\u00bb<\/p>\n<p>Vid\u00e9os : en ce moment sur Actu<\/p>\n<p class=\" wall-content\">Selon un rapport du Centre National de R\u00e9f\u00e9rence pour le bien-\u00eatre animal, chaque ann\u00e9e en France,<strong> 200\u2009000 chiens et chats<\/strong> sont abandonn\u00e9s.<\/p>\n<p class=\" wall-content\">Suivez toute l\u2019actualit\u00e9 de vos villes et m\u00e9dias favoris en vous inscrivant \u00e0 <a href=\"https:\/\/moncompte.actu.fr\" title=\"D\u00e9couvez Mon Actu\" rel=\"nofollow noopener\" data-trk=\"{&quot;cta&quot;:{&quot;action&quot;:&quot;https:\\\/\\\/moncompte.actu.fr&quot;,&quot;category&quot;:&quot;mon compte&quot;,&quot;from&quot;:&quot;article footer&quot;,&quot;name&quot;:&quot;Mon actu&quot;,&quot;type&quot;:&quot;cta&quot;}}\" target=\"_blank\">Mon Actu<\/a>.<\/p>\n<p>                    <script async src=\"\/\/www.instagram.com\/embed.js\"><\/script><\/p>\n","protected":false},"excerpt":{"rendered":"Par R\u00e9daction Paris Publi\u00e9 le 4 juil. 2025 \u00e0 17h06 Les associations de d\u00e9fense animale ne cessent de&hellip;\n","protected":false},"author":2,"featured_media":226245,"comment_status":"","ping_status":"","sticky":false,"template":"","format":"standard","meta":{"footnotes":""},"categories":[1888],"tags":[1111,1928,11,1927,1867,4850,1777,674,1011,27,12,1926,626,1925,25,104],"class_list":{"0":"post-226244","1":"post","2":"type-post","3":"status-publish","4":"format-standard","5":"has-post-thumbnail","7":"category-paris","8":"tag-actu","9":"tag-actu-paris","10":"tag-actualites","11":"tag-actualites-paris","12":"tag-animaux","13":"tag-chien","14":"tag-eu","15":"tag-europe","16":"tag-fr","17":"tag-france","18":"tag-news","19":"tag-news-paris","20":"tag-paris","21":"tag-paris-news","22":"tag-republique-francaise","23":"tag-societe"},"share_on_mastodon":{"url":"https:\/\/pubeurope.com\/@fr\/114796352199615127","error":""},"_links":{"self":[{"href":"https:\/\/www.europesays.com\/fr\/wp-json\/wp\/v2\/posts\/226244","targetHints":{"allow":["GET"]}}],"collection":[{"href":"https:\/\/www.europesays.com\/fr\/wp-json\/wp\/v2\/posts"}],"about":[{"href":"https:\/\/www.europesays.com\/fr\/wp-json\/wp\/v2\/types\/post"}],"author":[{"embeddable":true,"href":"https:\/\/www.europesays.com\/fr\/wp-json\/wp\/v2\/users\/2"}],"replies":[{"embeddable":true,"href":"https:\/\/www.europesays.com\/fr\/wp-json\/wp\/v2\/comments?post=226244"}],"version-history":[{"count":0,"href":"https:\/\/www.europesays.com\/fr\/wp-json\/wp\/v2\/posts\/226244\/revisions"}],"wp:featuredmedia":[{"embeddable":true,"href":"https:\/\/www.europesays.com\/fr\/wp-json\/wp\/v2\/media\/226245"}],"wp:attachment":[{"href":"https:\/\/www.europesays.com\/fr\/wp-json\/wp\/v2\/media?parent=226244"}],"wp:term":[{"taxonomy":"category","embeddable":true,"href":"https:\/\/www.europesays.com\/fr\/wp-json\/wp\/v2\/categories?post=226244"},{"taxonomy":"post_tag","embeddable":true,"href":"https:\/\/www.europesays.com\/fr\/wp-json\/wp\/v2\/tags?post=226244"}],"curies":[{"name":"wp","href":"https:\/\/api.w.org\/{rel}","templated":true}]}}