{"id":22625,"date":"2025-04-13T16:41:09","date_gmt":"2025-04-13T16:41:09","guid":{"rendered":"https:\/\/www.europesays.com\/fr\/22625\/"},"modified":"2025-04-13T16:41:09","modified_gmt":"2025-04-13T16:41:09","slug":"cyril-cazeaux-poutre-du-pack-de-lubb-prolonge-jusquen-2029","status":"publish","type":"post","link":"https:\/\/www.europesays.com\/fr\/22625\/","title":{"rendered":"Cyril Cazeaux, poutre du pack de l\u2019UBB, prolonge jusqu\u2019en 2029"},"content":{"rendered":"<p>Le deuxi\u00e8me-ligne landais de 30 ans, cadre de Bordeaux-B\u00e8gles, \u00e9tait arriv\u00e9 au club en 2015.<\/p>\n<p class=\"fig-paragraph\">\u00c0 l\u2019issue de\u00a0<a href=\"http:\/\/www.lefigaro.fr\/sports\/rugby\/coupe-d-europe\/champions-cup-de-rugby-en-video-le-resume-de-la-victoire-de-l-ubb-sur-le-munster-qui-l-envoie-en-demi-finale-20250412\" data-fig-type=\"NewsFlash\" data-gtm-custom-categorie=\"navigation\" data-gtm-custom-action=\"crossclick\" data-gtm-custom-label=\"Contextuel\" data-gtm-event=\"customEventSPE\" data-fig-domain=\"LEFIGARO\" target=\"_blank\" rel=\"noopener\">la victoire de ce samedi sur le Munster<\/a>\u00a0en quarts de finale de la Champions Cup de rugby, l\u2019Union Bordeaux-B\u00e8gles a annonc\u00e9 la prolongation du contrat de son deuxi\u00e8me-ligne\u00a0<a href=\"http:\/\/www.lefigaro.fr\/sports\/rugby\/coupe-d-europe\/champions-cup-cyril-cadeaux-la-part-d-ombre-qui-permet-la-lumiere-a-l-ubb-20250412\" data-fig-type=\"NewsFlash\" data-gtm-custom-categorie=\"navigation\" data-gtm-custom-action=\"crossclick\" data-gtm-custom-label=\"Contextuel\" data-gtm-event=\"customEventSPE\" data-fig-domain=\"LEFIGARO\" target=\"_blank\" rel=\"noopener\">Cyril Cazeaux<\/a>\u00a0jusqu\u2019en 2029. Originaire de Saint-Paul-l\u00e8s-Dax dans les Landes, le joueur de l\u2019UBB \u00e2g\u00e9 de 30 ans, qui compte 4 sl\u00e9ections avec le Xv de France, compte d\u00e9sormais plus de 200 matche avec le club girondin. Ce samedi, Cyril Cazeaux a \u00e9cop\u00e9 d\u2019un carton rouge contre le Munster, pour deux cartons jaunes \u00e0 cause de plaquages hauts. Poutre du pack bordelais, le deuxi\u00e8me-ligne avait r\u00e9cemment confi\u00e9 \u00e0 Midi Olympique\u00a0: \u00abQuand tu vois la ligne de trois-quarts internationale qu\u2019on a, tu es oblig\u00e9 de parler d\u2019elle tout le temps. Mais je pense que les avants ne sont pas jug\u00e9s \u00e0 leur juste valeur. Nous sommes plus facilement critiqu\u00e9s.\u00bb\u00a0<\/p>\n<p>\u00a0\u00bb<br \/>\n        data-script=\u00a0\u00bbhttps:\/\/static.lefigaro.fr\/widget-video\/short-ttl\/video\/index.js\u00a0\u00bb<br \/>\n    &gt;<\/p>\n","protected":false},"excerpt":{"rendered":"Le deuxi\u00e8me-ligne landais de 30 ans, cadre de Bordeaux-B\u00e8gles, \u00e9tait arriv\u00e9 au club en 2015. \u00c0 l\u2019issue de\u00a0la&hellip;\n","protected":false},"author":2,"featured_media":22626,"comment_status":"","ping_status":"","sticky":false,"template":"","format":"standard","meta":{"footnotes":""},"categories":[1416],"tags":[525,4590,1981,2313,814,1011,27,955,4589,2311,1980,479,1468,2259,60,478,2310,2312,4364,7974],"class_list":{"0":"post-22625","1":"post","2":"type-post","3":"status-publish","4":"format-standard","5":"has-post-thumbnail","7":"category-rugby","8":"tag-calendrier","9":"tag-championnat-france","10":"tag-classement","11":"tag-clermont","12":"tag-direct","13":"tag-fr","14":"tag-france","15":"tag-match","16":"tag-phase-finale","17":"tag-racing","18":"tag-resultats","19":"tag-rugby","20":"tag-rugby-football","21":"tag-score","22":"tag-sports","23":"tag-top-14","24":"tag-toulon","25":"tag-toulouse","26":"tag-ubb","27":"tag-union-bordeaux-begles"},"share_on_mastodon":{"url":"https:\/\/pubeurope.com\/@fr\/114331653460976782","error":""},"_links":{"self":[{"href":"https:\/\/www.europesays.com\/fr\/wp-json\/wp\/v2\/posts\/22625","targetHints":{"allow":["GET"]}}],"collection":[{"href":"https:\/\/www.europesays.com\/fr\/wp-json\/wp\/v2\/posts"}],"about":[{"href":"https:\/\/www.europesays.com\/fr\/wp-json\/wp\/v2\/types\/post"}],"author":[{"embeddable":true,"href":"https:\/\/www.europesays.com\/fr\/wp-json\/wp\/v2\/users\/2"}],"replies":[{"embeddable":true,"href":"https:\/\/www.europesays.com\/fr\/wp-json\/wp\/v2\/comments?post=22625"}],"version-history":[{"count":0,"href":"https:\/\/www.europesays.com\/fr\/wp-json\/wp\/v2\/posts\/22625\/revisions"}],"wp:featuredmedia":[{"embeddable":true,"href":"https:\/\/www.europesays.com\/fr\/wp-json\/wp\/v2\/media\/22626"}],"wp:attachment":[{"href":"https:\/\/www.europesays.com\/fr\/wp-json\/wp\/v2\/media?parent=22625"}],"wp:term":[{"taxonomy":"category","embeddable":true,"href":"https:\/\/www.europesays.com\/fr\/wp-json\/wp\/v2\/categories?post=22625"},{"taxonomy":"post_tag","embeddable":true,"href":"https:\/\/www.europesays.com\/fr\/wp-json\/wp\/v2\/tags?post=22625"}],"curies":[{"name":"wp","href":"https:\/\/api.w.org\/{rel}","templated":true}]}}