{"id":226252,"date":"2025-07-04T18:24:10","date_gmt":"2025-07-04T18:24:10","guid":{"rendered":"https:\/\/www.europesays.com\/fr\/226252\/"},"modified":"2025-07-04T18:24:10","modified_gmt":"2025-07-04T18:24:10","slug":"une-nuit-blanche-et-brutale-lukraine-a-subi-lattaque-de-drones-russes-la-plus-massive-depuis-le-debut-de-la-guerre","status":"publish","type":"post","link":"https:\/\/www.europesays.com\/fr\/226252\/","title":{"rendered":"\u00ab\u00a0Une nuit blanche et brutale\u00a0\u00bb\u00a0: l\u2019Ukraine a subi l\u2019attaque de drones russes la plus massive depuis le d\u00e9but de la guerre"},"content":{"rendered":"<p>Dans la nuit du jeudi 3 au vendredi 4 juillet 2025, 550 drones russes ont \u00e9t\u00e9 lanc\u00e9s sur l\u2019Ukraine dont 539 drones et des missiles, y compris balistiques.<\/p>\n<p>La capitale, Kiev, a notamment \u00e9t\u00e9 vis\u00e9e, ainsi que les r\u00e9gions de Dnipro (centre), Soumy (nord), Kharkiv (nord-est) et Tcherniguiv (nord).<\/p>\n<p>\u00ab La nuit a \u00e9t\u00e9 blanche et brutale. La capitale \u00e9tait la cible principale de cette attaque russe \u00bb, a d\u00e9plor\u00e9 Volodymyr Zelensky, faisant \u00e9tat d\u2019au moins 23 bless\u00e9s.<\/p>\n<p>Selon le porte-parole de l\u2019arm\u00e9e ukrainienne, Iouri Ignat, il s\u2019agissait du \u00ab plus grand nombre \u00bb de drones jamais utilis\u00e9 en une seule attaque par la Russie depuis le d\u00e9but de son invasion en f\u00e9vrier 2022.<\/p>\n<p>L\u2019Ukraine a revendiqu\u00e9 avoir abattu 270 engins, tandis que 208 ont \u00e9t\u00e9 neutralis\u00e9s par brouillage \u00e9lectronique, sur les 550 tir\u00e9s par la Russie.<\/p>\n<p>Selon les autorit\u00e9s, des dizaines d\u2019incendies se sont d\u00e9clar\u00e9s \u00e0 la suite de ces frappes, notamment \u00e0 Kiev.<\/p>\n<p>\u00ab M\u00e9pris total envers les \u00c9tats-Unis \u00bb\ufeff<\/p>\n<p>Le ministre ukrainien des Affaires \u00e9trang\u00e8res, Andri\u00ef Sybiga, a, lui, estim\u00e9 que cette attaque russe montre le \u00ab m\u00e9pris total envers les \u00c9tats-Unis \u00bb de Vladimir Poutine.<\/p>\n<p>Selon Kiev, les frappes ont, en effet, commenc\u00e9 \u00ab juste apr\u00e8s \u00bb l\u2019appel avec Donald Trump, jeudi. Au sortir de <a href=\"https:\/\/www.letelegramme.fr\/monde\/guerre-ukraine-russie\/la-russie-ne-renoncera-pas-a-ses-objectifs-en-ukraine-declare-vladimir-poutine-a-donald-trump-6848798.php\" target=\"_blank\" rel=\"noopener\">cet entretien t\u00e9l\u00e9phonique avec le chef d\u2019\u00c9tat russe, le pr\u00e9sident am\u00e9ricain<\/a> avait d\u00e9plor\u00e9, dans un rare aveu d\u2019impuissance, n\u2019avoir fait \u00ab aucun progr\u00e8s \u00bb pour mettre fin \u00e0 l\u2019invasion russe de l\u2019Ukraine, alors que le dirigeant russe a r\u00e9p\u00e9t\u00e9 que Moscou \u00ab ne renoncerait pas \u00e0 ses objectifs \u00bb.<\/p>\n","protected":false},"excerpt":{"rendered":"Dans la nuit du jeudi 3 au vendredi 4 juillet 2025, 550 drones russes ont \u00e9t\u00e9 lanc\u00e9s sur&hellip;\n","protected":false},"author":2,"featured_media":226253,"comment_status":"","ping_status":"","sticky":false,"template":"","format":"standard","meta":{"footnotes":""},"categories":[1591],"tags":[11,765,1887,131,2069,74,12,1885,1886,132,135,134],"class_list":{"0":"post-226252","1":"post","2":"type-post","3":"status-publish","4":"format-standard","5":"has-post-thumbnail","7":"category-russie","8":"tag-actualites","9":"tag-en-continu","10":"tag-federation-de-russie","11":"tag-guerre-en-ukraine","12":"tag-guerre-ukraine-russie","13":"tag-monde","14":"tag-news","15":"tag-russia","16":"tag-russian-federation","17":"tag-russie","18":"tag-vladimir-poutine","19":"tag-volodymyr-zelensky"},"share_on_mastodon":{"url":"https:\/\/pubeurope.com\/@fr\/114796368715514741","error":""},"_links":{"self":[{"href":"https:\/\/www.europesays.com\/fr\/wp-json\/wp\/v2\/posts\/226252","targetHints":{"allow":["GET"]}}],"collection":[{"href":"https:\/\/www.europesays.com\/fr\/wp-json\/wp\/v2\/posts"}],"about":[{"href":"https:\/\/www.europesays.com\/fr\/wp-json\/wp\/v2\/types\/post"}],"author":[{"embeddable":true,"href":"https:\/\/www.europesays.com\/fr\/wp-json\/wp\/v2\/users\/2"}],"replies":[{"embeddable":true,"href":"https:\/\/www.europesays.com\/fr\/wp-json\/wp\/v2\/comments?post=226252"}],"version-history":[{"count":0,"href":"https:\/\/www.europesays.com\/fr\/wp-json\/wp\/v2\/posts\/226252\/revisions"}],"wp:featuredmedia":[{"embeddable":true,"href":"https:\/\/www.europesays.com\/fr\/wp-json\/wp\/v2\/media\/226253"}],"wp:attachment":[{"href":"https:\/\/www.europesays.com\/fr\/wp-json\/wp\/v2\/media?parent=226252"}],"wp:term":[{"taxonomy":"category","embeddable":true,"href":"https:\/\/www.europesays.com\/fr\/wp-json\/wp\/v2\/categories?post=226252"},{"taxonomy":"post_tag","embeddable":true,"href":"https:\/\/www.europesays.com\/fr\/wp-json\/wp\/v2\/tags?post=226252"}],"curies":[{"name":"wp","href":"https:\/\/api.w.org\/{rel}","templated":true}]}}