{"id":226257,"date":"2025-07-04T18:27:09","date_gmt":"2025-07-04T18:27:09","guid":{"rendered":"https:\/\/www.europesays.com\/fr\/226257\/"},"modified":"2025-07-04T18:27:09","modified_gmt":"2025-07-04T18:27:09","slug":"des-policiers-francais-crevent-un-bateau-pneumatique-le-royaume-uni-les-felicite-2","status":"publish","type":"post","link":"https:\/\/www.europesays.com\/fr\/226257\/","title":{"rendered":"Des policiers fran\u00e7ais cr\u00e8vent un bateau pneumatique, le Royaume-Uni les f\u00e9licite"},"content":{"rendered":"<p><strong>Immigration clandestine &#8211; Downing Street s\u2019est f\u00e9licit\u00e9 de ce qu\u2019il consid\u00e8re comme un \u00ab durcissement \u00bb des pratiques des forces de l\u2019ordre fran\u00e7aises pour intercepter les migrants qui essayent de rejoindre l\u2019Angleterre par la mer<\/strong><\/p>\n<p>Des images diffus\u00e9es sur la <a href=\"https:\/\/www.20minutes.fr\/dossier\/bbc?at_medium=RSS%20feed&amp;at_campaign=ynews&amp;utm_source=yahoo&amp;utm_medium=rss&amp;utm_campaign=news_feed&amp;utm_content=in_article_link\" rel=\"nofollow noopener\" target=\"_blank\" data-ylk=\"slk:BBC;elm:context_link;itc:0;sec:content-canvas\" class=\"link \">BBC<\/a>, tourn\u00e9es sur une plage, montrent des membres des forces de l\u2019ordre fran\u00e7aises aller dans l\u2019eau peu profonde jusqu\u2019\u00e0 un bateau pneumatique charg\u00e9 de <a href=\"https:\/\/www.20minutes.fr\/dossier\/migrants?at_medium=RSS%20feed&amp;at_campaign=ynews&amp;utm_source=yahoo&amp;utm_medium=rss&amp;utm_campaign=news_feed&amp;utm_content=in_article_link\" rel=\"nofollow noopener\" target=\"_blank\" data-ylk=\"slk:migrants;elm:context_link;itc:0;sec:content-canvas\" class=\"link \">migrants<\/a>, parmi lesquels des enfants, et le crever \u00e0 coups de couteau.<\/p>\n<p>Downing Street s\u2019est f\u00e9licit\u00e9 vendredi d\u2019un \u00ab durcissement \u00bb dans les pratiques des forces de l\u2019ordre fran\u00e7aises pour intercepter les migrants embarquant sur des bateaux dans le nord de la France pour rejoindre <a href=\"https:\/\/www.20minutes.fr\/dossier\/angleterre?at_medium=RSS%20feed&amp;at_campaign=ynews&amp;utm_source=yahoo&amp;utm_medium=rss&amp;utm_campaign=news_feed&amp;utm_content=in_article_link\" rel=\"nofollow noopener\" target=\"_blank\" data-ylk=\"slk:l\u2019Angleterre;elm:context_link;itc:0;sec:content-canvas\" class=\"link \">l\u2019Angleterre<\/a>.<\/p>\n<p>\u00ab Ce que nous avons vu ce matin \u00e9tait un moment important \u00bb, a r\u00e9agi un porte-parole du Premier ministre britannique <a href=\"https:\/\/www.20minutes.fr\/monde\/keir-starmer\/?at_medium=RSS%20feed&amp;at_campaign=ynews&amp;utm_source=yahoo&amp;utm_medium=rss&amp;utm_campaign=news_feed&amp;utm_content=in_article_link\" rel=\"nofollow noopener\" target=\"_blank\" data-ylk=\"slk:Keir Starmer;elm:context_link;itc:0;sec:content-canvas\" class=\"link \">Keir Starmer<\/a>. \u00ab Nous saluons l\u2019action des forces de l\u2019ordre fran\u00e7aises pour intervenir dans les eaux peu profondes, et ce que vous avez vu ces derni\u00e8res semaines est un durcissement de leur approche \u00bb, a ajout\u00e9 cette source.<\/p>\n<p>La r\u00e8gle des 300 m\u00e8tres<\/p>\n<p>\u00ab Nous voyons de nouvelles tactiques utilis\u00e9es pour perturber ces bateaux avant qu\u2019ils ne commencent leur voyage \u00bb, a poursuivi le porte-parole. \u00ab Avec tous les autres leviers que le gouvernement active, nous pensons que cela peut avoir un impact majeur pour mettre fin aux tactiques utilis\u00e9es par ces gangs \u00bb de passeurs, a-t-il poursuivi.<\/p>\n<p>Le <a href=\"https:\/\/www.20minutes.fr\/monde\/royaume-uni\/?at_medium=RSS%20feed&amp;at_campaign=ynews&amp;utm_source=yahoo&amp;utm_medium=rss&amp;utm_campaign=news_feed&amp;utm_content=in_article_link\" rel=\"nofollow noopener\" target=\"_blank\" data-ylk=\"slk:Royaume-Uni;elm:context_link;itc:0;sec:content-canvas\" class=\"link \">Royaume-Uni<\/a> fait pression sur la France pour que celle-ci modifie la \u00ab doctrine \u00bb d\u2019intervention des policiers et gendarmes en mer afin de pouvoir intercepter jusqu\u2019\u00e0 300 m\u00e8tres des c\u00f4tes les taxi-boats. Ces derniers embarquent des migrants directement dans la mer pour \u00e9viter les contr\u00f4les sur les plages.<\/p>\n<p>Confor(&#8230;)<\/p>\n<p><a href=\"https:\/\/www.20minutes.fr\/monde\/royaume-uni\/4162034-20250704-migrants-traversant-manche-policiers-francais-crevent-bateau-pneumatique-royaume-uni-felicite?at_medium=RSS%20feed&amp;at_campaign=ynews&amp;utm_source=yahoo&amp;utm_medium=rss&amp;utm_campaign=news_feed&amp;utm_content=read_more_link\" rel=\"nofollow noopener\" target=\"_blank\" data-ylk=\"slk:Lire la suite sur 20minutes;elm:context_link;itc:0;sec:content-canvas\" class=\"link \">Lire la suite sur 20minutes<\/a><\/p>\n<p>\u00c0 lire aussi :<br \/><a href=\"https:\/\/www.20minutes.fr\/monde\/royaume-uni\/4161361-20250701-pres-20-000-migrants-deja-reussi-traverser-manche-annee-record?at_medium=RSS%20feed&amp;at_campaign=ynews&amp;utm_source=yahoo&amp;utm_medium=rss&amp;utm_campaign=news_feed&amp;utm_content=related_content_link\" rel=\"nofollow noopener\" target=\"_blank\" data-ylk=\"slk:Pr\u00e8s de 20.000 migrants ont d\u00e9j\u00e0 r\u00e9ussi \u00e0 traverser la Manche cette ann\u00e9e\u2026 Un record;elm:context_link;itc:0;sec:content-canvas\" class=\"link \">Pr\u00e8s de 20.000 migrants ont d\u00e9j\u00e0 r\u00e9ussi \u00e0 traverser la Manche cette ann\u00e9e\u2026 Un record<\/a><br \/><a href=\"https:\/\/www.20minutes.fr\/justice\/4161096-20250630-immigration-neuf-passeurs-condamnes-7-8-ans-prison-naufrage-mortel-manche?at_medium=RSS%20feed&amp;at_campaign=ynews&amp;utm_source=yahoo&amp;utm_medium=rss&amp;utm_campaign=news_feed&amp;utm_content=related_content_link\" rel=\"nofollow noopener\" target=\"_blank\" data-ylk=\"slk:Immigration : Neuf passeurs condamn\u00e9s \u00e0 sept et huit ans de prison pour un naufrage mortel dans la Manche;elm:context_link;itc:0;sec:content-canvas\" class=\"link \">Immigration : Neuf passeurs condamn\u00e9s \u00e0 sept et huit ans de prison pour un naufrage mortel dans la Manche<\/a><\/p>\n","protected":false},"excerpt":{"rendered":"Immigration clandestine &#8211; Downing Street s\u2019est f\u00e9licit\u00e9 de ce qu\u2019il consid\u00e8re comme un \u00ab durcissement \u00bb des pratiques&hellip;\n","protected":false},"author":2,"featured_media":226258,"comment_status":"","ping_status":"","sticky":false,"template":"","format":"standard","meta":{"footnotes":""},"categories":[1588],"tags":[11,2579,1777,674,3160,6734,36486,12,36485,473,1853,1851,1850,1852],"class_list":{"0":"post-226257","1":"post","2":"type-post","3":"status-publish","4":"format-standard","5":"has-post-thumbnail","7":"category-royaume-uni","8":"tag-actualites","9":"tag-downing-street","10":"tag-eu","11":"tag-europe","12":"tag-forces-de-lordre","13":"tag-immigration-clandestine","14":"tag-la-mer","15":"tag-news","16":"tag-nord-de-la-france","17":"tag-royaume-uni","18":"tag-royaume-uni-de-grande-bretagne-et-dirlande-du-nord","19":"tag-uk","20":"tag-united-kingdom","21":"tag-united-kingdom-of-great-britain-and-northern-ireland"},"share_on_mastodon":{"url":"https:\/\/pubeurope.com\/@fr\/114796379773887904","error":""},"_links":{"self":[{"href":"https:\/\/www.europesays.com\/fr\/wp-json\/wp\/v2\/posts\/226257","targetHints":{"allow":["GET"]}}],"collection":[{"href":"https:\/\/www.europesays.com\/fr\/wp-json\/wp\/v2\/posts"}],"about":[{"href":"https:\/\/www.europesays.com\/fr\/wp-json\/wp\/v2\/types\/post"}],"author":[{"embeddable":true,"href":"https:\/\/www.europesays.com\/fr\/wp-json\/wp\/v2\/users\/2"}],"replies":[{"embeddable":true,"href":"https:\/\/www.europesays.com\/fr\/wp-json\/wp\/v2\/comments?post=226257"}],"version-history":[{"count":0,"href":"https:\/\/www.europesays.com\/fr\/wp-json\/wp\/v2\/posts\/226257\/revisions"}],"wp:featuredmedia":[{"embeddable":true,"href":"https:\/\/www.europesays.com\/fr\/wp-json\/wp\/v2\/media\/226258"}],"wp:attachment":[{"href":"https:\/\/www.europesays.com\/fr\/wp-json\/wp\/v2\/media?parent=226257"}],"wp:term":[{"taxonomy":"category","embeddable":true,"href":"https:\/\/www.europesays.com\/fr\/wp-json\/wp\/v2\/categories?post=226257"},{"taxonomy":"post_tag","embeddable":true,"href":"https:\/\/www.europesays.com\/fr\/wp-json\/wp\/v2\/tags?post=226257"}],"curies":[{"name":"wp","href":"https:\/\/api.w.org\/{rel}","templated":true}]}}