{"id":226259,"date":"2025-07-04T18:28:12","date_gmt":"2025-07-04T18:28:12","guid":{"rendered":"https:\/\/www.europesays.com\/fr\/226259\/"},"modified":"2025-07-04T18:28:12","modified_gmt":"2025-07-04T18:28:12","slug":"ukraine-face-a-la-reculade-de-trump-lallemagne-envisage-dacheter-des-systemes-patriot-aux-etats-unis-pour-aider-kiev-04-07-2025-a-1508","status":"publish","type":"post","link":"https:\/\/www.europesays.com\/fr\/226259\/","title":{"rendered":"Ukraine : face \u00e0 la reculade de Trump, l&rsquo;Allemagne envisage d&rsquo;acheter des syst\u00e8mes Patriot aux Etats-Unis pour aider Kiev &#8211; 04\/07\/2025 \u00e0 15:08"},"content":{"rendered":"<p> L&rsquo;administration Trump a coup\u00e9 l&rsquo;approvisionnement en mat\u00e9riel de d\u00e9fense anti-a\u00e9rienne, cruciale pour l&rsquo;Ukraine face aux agressions russes. Face \u00e0 cette carence, Berlin consid\u00e8re les mani\u00e8res de combler le \u00ab\u00a0manque\u00a0\u00bb.<\/p>\n<p>        <img fetchpriority=\"high\" decoding=\"async\" src=\"https:\/\/www.europesays.com\/fr\/wp-content\/uploads\/2025\/07\/5a02a0b473077b77fc6184003fd60895-760x514.jpg\" alt=\"Un syst\u00e8me Patriot de l'arm\u00e9e allemande (illustration) ( AFP \/ INA FASSBENDER )\" loading=\"eager\" width=\"760\" height=\"514\" style=\"max-width: 100%!important; height: auto;\"\/><\/p>\n<p class=\"c-image-news__legend\">Un syst\u00e8me Patriot de l&rsquo;arm\u00e9e allemande (illustration) ( AFP \/ INA FASSBENDER )<\/p>\n<p>\n Que faire face au d\u00e9sengagement am\u00e9ricain en Ukraine? Le gouvernement allemand a d\u00e9clar\u00e9 vendredi envisager l&rsquo;achat aupr\u00e8s des Am\u00e9ricains de syst\u00e8mes de d\u00e9fense antia\u00e9rienne Patriot pour Liev apr\u00e8s l&rsquo;annonce par les Etats-Unis de la suspension de livraison de certaines armes. Interrog\u00e9 sur l&rsquo;hypoth\u00e8se d&rsquo;acheter des Patriot aux USA pour les donner \u00e0 l&rsquo;Ukraine, le porte-parole du gouvernement allemand a estim\u00e9 qu\u00a0\u00bbil \u00ab\u00a0y a plusieurs fa\u00e7ons de combler ce manque de &lsquo;Patriot'\u00a0\u00bb.<br \/>\n <strong><br \/>\n  \u00ab\u00a0Vous venez d&rsquo;en citer une. Je peux vous dire qu&rsquo;effectivement d&rsquo;intenses discussions ont lieu \u00e0 ce sujet\u00a0\u00bb,<br \/>\n <\/strong><br \/>\n d\u00e9velopp\u00e9 Stefan Korneluis, vendredi 4 juillet.\n<\/p>\n<p> La balle dans le camp du Pentagone, selon<\/p>\n<p>\n \u00ab\u00a0Le probl\u00e8me est urgent et la nuit de jeudi \u00e0 vendredi l&rsquo;a encore aggrav\u00e9\u00a0\u00bb, a poursuivi le porte-parole du gouvernement allemand,<br \/>\n <a href=\"https:\/\/www.boursorama.com\/actualite-economique\/actualites\/zelensky-et-trump-parlent-defense-antiaerienne-apres-une-attaque-russe-de-drones-record-a38db6df80faa3a6fd90cef8d4d5f6ac\" title=\"Zelensky et Trump parlent d\u00e9fense antia\u00e9rienne apr\u00e8s une attaque russe de drones record\" rel=\"nofollow noopener\" target=\"_blank\"><br \/>\n  alors que l&rsquo;Ukraine a \u00e9t\u00e9 la cible d&rsquo;un nombre record de drones russes,<br \/>\n <\/a><br \/>\n qui ont fait au moins 23 bless\u00e9s, juste apr\u00e8s un entretien t\u00e9l\u00e9phonique sans r\u00e9sultats entre Vladimir Poutine et Donald Trump. M. Kornelius n&rsquo;a pas voulu donner de d\u00e9tails sur l&rsquo;avanc\u00e9e des discussions.\n<\/p>\n<p>\n Le ministre allemand de la D\u00e9fense, Boris Pistorius, se rendra mi-juillet \u00e0 Washington \u00ab\u00a0et naturellement ces sujets seront abord\u00e9s\u00a0\u00bb avec son homologue am\u00e9ricain, a pr\u00e9cis\u00e9 un porte-parole du minist\u00e8re de la D\u00e9fense. Selon le quotidien allemand<\/p>\n<p>  Bild<\/p>\n<p> , Berlin a fait<br \/>\n <strong><br \/>\n  une proposition aux Am\u00e9ricains portant sur deux syst\u00e8mes Patriot et attend une r\u00e9ponse du secr\u00e9taire am\u00e9ricain \u00e0 la D\u00e9fense, Pete Hegseth<br \/>\n <\/strong><br \/>\n .\n<\/p>\n<p>\n Kiev tente aussi, en vain jusqu&rsquo;ici d&rsquo;acqu\u00e9rir, des Patriot am\u00e9ricains. A la mi-avril, le pr\u00e9sident ukrainien Volodymyr Zelensky avait dit \u00eatre pr\u00eat \u00e0 acheter \u00ab\u00a0au moins\u00a0\u00bb 10 de ces syst\u00e8mes de d\u00e9fense.\n<\/p>\n<p> Tr\u00e8s chers Patriot<\/p>\n<p>\n Les \u00c9tats-Unis, qui sont le principal soutien militaire de l&rsquo;Ukraine depuis le d\u00e9but de l&rsquo;invasion \u00e0 grande \u00e9chelle de la Russie, ont annonc\u00e9 mardi qu&rsquo;ils suspendaient certaines livraisons d&rsquo;armes essentielles \u00e0 l&rsquo;Ukraine. Selon les m\u00e9dias am\u00e9ricains, parmi les \u00e9quipements concern\u00e9s figurent les syst\u00e8mes antimissiles Patriot, que l&rsquo;Ukraine d\u00e9ploie pour se prot\u00e9ger des attaques russes.\n<\/p>\n<p>\n Selon les analystes, une batterie Patriot peut co\u00fbter jusqu&rsquo;\u00e0 2,5 milliards de dollars (2,2 milliards d&rsquo;euros) \u00e0 l&rsquo;export et chacun de ses missiles co\u00fbte jusqu&rsquo;\u00e0 10 millions de dollars \u00e0 l&rsquo;export. L&rsquo;Ukraine a d\u00e9j\u00e0 re\u00e7u ces trois derni\u00e8res ann\u00e9es plusieurs batteries Patriot fournies par les Etats-Unis, l&rsquo;Allemagne, les Pays-Bas et la Roumanie.<\/p>\n","protected":false},"excerpt":{"rendered":"L&rsquo;administration Trump a coup\u00e9 l&rsquo;approvisionnement en mat\u00e9riel de d\u00e9fense anti-a\u00e9rienne, cruciale pour l&rsquo;Ukraine face aux agressions russes. Face&hellip;\n","protected":false},"author":2,"featured_media":226260,"comment_status":"","ping_status":"","sticky":false,"template":"","format":"standard","meta":{"footnotes":""},"categories":[1587],"tags":[400,11,672,398,408,1804,405,1805,1803,1777,674,1801,403,402,399,404,12,1802,401,406,407],"class_list":{"0":"post-226259","1":"post","2":"type-post","3":"status-publish","4":"format-standard","5":"has-post-thumbnail","7":"category-allemagne","8":"tag-action-cac-40","9":"tag-actualites","10":"tag-allemagne","11":"tag-bourse-de-paris","12":"tag-boursorama","13":"tag-bundesrepublik-deutschland","14":"tag-cotations","15":"tag-de","16":"tag-deutschland","17":"tag-eu","18":"tag-europe","19":"tag-germany","20":"tag-indices-devises","21":"tag-investir","22":"tag-investissement","23":"tag-marche-boursier","24":"tag-news","25":"tag-republique-federale-dallemagne","26":"tag-sicav","27":"tag-trackers","28":"tag-warrants"},"share_on_mastodon":{"url":"https:\/\/pubeurope.com\/@fr\/114796383727751065","error":""},"_links":{"self":[{"href":"https:\/\/www.europesays.com\/fr\/wp-json\/wp\/v2\/posts\/226259","targetHints":{"allow":["GET"]}}],"collection":[{"href":"https:\/\/www.europesays.com\/fr\/wp-json\/wp\/v2\/posts"}],"about":[{"href":"https:\/\/www.europesays.com\/fr\/wp-json\/wp\/v2\/types\/post"}],"author":[{"embeddable":true,"href":"https:\/\/www.europesays.com\/fr\/wp-json\/wp\/v2\/users\/2"}],"replies":[{"embeddable":true,"href":"https:\/\/www.europesays.com\/fr\/wp-json\/wp\/v2\/comments?post=226259"}],"version-history":[{"count":0,"href":"https:\/\/www.europesays.com\/fr\/wp-json\/wp\/v2\/posts\/226259\/revisions"}],"wp:featuredmedia":[{"embeddable":true,"href":"https:\/\/www.europesays.com\/fr\/wp-json\/wp\/v2\/media\/226260"}],"wp:attachment":[{"href":"https:\/\/www.europesays.com\/fr\/wp-json\/wp\/v2\/media?parent=226259"}],"wp:term":[{"taxonomy":"category","embeddable":true,"href":"https:\/\/www.europesays.com\/fr\/wp-json\/wp\/v2\/categories?post=226259"},{"taxonomy":"post_tag","embeddable":true,"href":"https:\/\/www.europesays.com\/fr\/wp-json\/wp\/v2\/tags?post=226259"}],"curies":[{"name":"wp","href":"https:\/\/api.w.org\/{rel}","templated":true}]}}