{"id":226261,"date":"2025-07-04T18:29:10","date_gmt":"2025-07-04T18:29:10","guid":{"rendered":"https:\/\/www.europesays.com\/fr\/226261\/"},"modified":"2025-07-04T18:29:10","modified_gmt":"2025-07-04T18:29:10","slug":"le-gouverneur-de-la-banque-de-france-degaine-une-casquette-make-europe-great-again-lors-des-rencontres-daix","status":"publish","type":"post","link":"https:\/\/www.europesays.com\/fr\/226261\/","title":{"rendered":"Le gouverneur de la banque de France d\u00e9gaine une casquette \u00abMake Europe Great Again\u00bb lors des rencontres d\u2019Aix"},"content":{"rendered":"<p>\u00c0 l\u2019occasion d\u2019un d\u00e9bat consacr\u00e9 \u00e0 la souverainet\u00e9 europ\u00e9enne \u00e0 Aix-en-Provence, Fran\u00e7ois Villeroy de Galhau a adress\u00e9 un clin d\u2019\u0153il \u00e0 la casquette rouge \u00abMake America Great Again\u00bb de Donald Trump.<\/p>\n<p class=\"fig-paragraph\">Le gouverneur de la Banque de France,\u00a0<a href=\"http:\/\/www.lefigaro.fr\/conjoncture\/deficit-public-le-gouverneur-de-la-banque-de-france-appelle-a-un-effort-de-tous-a-commencer-par-les-plus-favorises-20250611\" data-fig-type=\"NewsFlash\" data-gtm-custom-categorie=\"navigation\" data-gtm-custom-action=\"crossclick\" data-gtm-custom-label=\"Contextuel\" data-gtm-event=\"customEventSPE\" data-fig-domain=\"LEFIGARO\" target=\"_blank\" rel=\"noopener\">Fran\u00e7ois Villeroy de Galhau<\/a>, a enfil\u00e9 une casquette verte portant le message \u00abMake Europe Great Again\u00bb, d\u00e9tournement du slogan de Donald Trump, vendredi lors d&rsquo;un d\u00e9bat consacr\u00e9 \u00e0 la souverainet\u00e9 europ\u00e9enne \u00e0 Aix-en-Provence. \u00abIl s&rsquo;agit de mettre l&rsquo;Europe en t\u00eate, et je vais m\u00eame dire l&rsquo;Europe sur la t\u00eate. Alors je vais prendre une tenue peu gouvernatoriale, je vous pr\u00e9viens par avance\u00bb, a-t-il dit.<\/p>\n<p class=\"fig-paragraph\">Il a ensuite coiff\u00e9 la casquette, un clin d&rsquo;\u0153il au couvre-chef rouge souvent arbor\u00e9 par le pr\u00e9sident am\u00e9ricain Donald Trump et libell\u00e9 de son slogan \u00abMake America Great Again\u00bb (\u00abRendre sa grandeur \u00e0 l&rsquo;Am\u00e9rique\u00bb). \u00abJ&rsquo;ai promis de la porter, je ne promets pas de la garder parce qu&rsquo;il fait un peu chaud, mais vous allez voir le message\u00bb, a-t-il ajout\u00e9 \u00e0 propos de la casquette pr\u00eat\u00e9e par un \u00abami\u00bb, sous les applaudissements, lors des Rencontres \u00e9conomiques organis\u00e9es jusqu&rsquo;\u00e0 samedi.<\/p>\n<p>                                    <a class=\"fig-a11y-skip a11y-hidden\" href=\"#fig-a11y-skip-main-inarticle\"><br \/>\n        Passer la publicit\u00e9<br \/>\n    <\/a><\/p>\n<p class=\"fig-paragraph\">Politique industrielle fragment\u00e9e, co\u00fbts \u00e9lev\u00e9s de l&rsquo;\u00e9nergie,\u00a0<a href=\"http:\/\/www.lefigaro.fr\/conjoncture\/macron-et-merz-a-l-unisson-pour-eliminer-les-normes-europeennes-20250521\" data-fig-type=\"Article\" data-gtm-custom-categorie=\"navigation\" data-gtm-custom-action=\"crossclick\" data-gtm-custom-label=\"Contextuel\" data-gtm-event=\"customEventSPE\" data-fig-domain=\"LEFIGARO\" target=\"_blank\" rel=\"noopener\">lourdeurs bureaucratiques<\/a>, retard dans les technologies num\u00e9riques&#8230; L&rsquo;Union europ\u00e9enne subit un d\u00e9crochage par rapport aux Etats-Unis, dont la d\u00e9cision d&rsquo;augmenter les droits de douane affecte \u00e9galement ses perspectives \u00e9conomiques. \u00abTrump, c&rsquo;est \u00e9videmment quelque chose de tr\u00e8s adverse pour l&rsquo;\u00e9conomie mondiale, am\u00e9ricaine, europ\u00e9enne, mais c&rsquo;est le r\u00e9veil pour nous\u00bb, a assur\u00e9 le gouverneur de la Banque de France.<\/p>\n<p>\u00abRenforcer notre march\u00e9 financier interne\u00bb<\/p>\n<p class=\"fig-paragraph\">\u00abLa chance, avec ce qui se passe avec la nouvelle administration am\u00e9ricaine, il y a une attente d&rsquo;Europe mon\u00e9taire et une possibilit\u00e9 d&rsquo;un r\u00f4le international de l&rsquo;euro accru\u00bb, a-t-il poursuivi. \u00abCela sera une diversification progressive, cela peut se faire par plus de dette europ\u00e9enne, notamment pour financer la d\u00e9fense, \u00e7a peut peut-\u00eatre se faire par mutualisation des dettes nationales existantes. Aucune solution n&rsquo;est \u00e9vidente\u00bb, selon lui.<\/p>\n<p class=\"fig-paragraph\">\u00abIl faut transposer ce que nous avons r\u00e9ussi en termes de souverainet\u00e9 mon\u00e9taire, il y a 25 ans, avec l&rsquo;euro, vers la souverainet\u00e9 \u00e9conomique et la souverainet\u00e9 financi\u00e8re\u00bb, a insist\u00e9 le banquier central. Il a \u00e9galement d\u00e9fendu une\u00a0<a href=\"http:\/\/www.lefigaro.fr\/societes\/epargne-europeenne-macron-veut-lancer-l-union-des-marches-de-capitaux-dans-les-douze-mois-20240425\" data-fig-type=\"Article\" data-gtm-custom-categorie=\"navigation\" data-gtm-custom-action=\"crossclick\" data-gtm-custom-label=\"Contextuel\" data-gtm-event=\"customEventSPE\" data-fig-domain=\"LEFIGARO\" target=\"_blank\" rel=\"noopener\">int\u00e9gration accrue du march\u00e9 des capitaux<\/a>. \u00abTout ce qu&rsquo;on pourra faire pour renforcer notre march\u00e9 financier interne, cette Union de l&rsquo;\u00e9pargne et de l&rsquo;investissement, contribuera aussi \u00e0 l&rsquo;attraction externe, parce que plus on aura une Europe financi\u00e8re int\u00e9gr\u00e9e, plus des capitaux ext\u00e9rieurs y viendront\u00bb, a-t-il ajout\u00e9.<\/p>\n","protected":false},"excerpt":{"rendered":"\u00c0 l\u2019occasion d\u2019un d\u00e9bat consacr\u00e9 \u00e0 la souverainet\u00e9 europ\u00e9enne \u00e0 Aix-en-Provence, Fran\u00e7ois Villeroy de Galhau a adress\u00e9 un&hellip;\n","protected":false},"author":2,"featured_media":226262,"comment_status":"","ping_status":"","sticky":false,"template":"","format":"standard","meta":{"footnotes":""},"categories":[1586],"tags":[11,1777,674,1011,27,36487,12,25],"class_list":{"0":"post-226261","1":"post","2":"type-post","3":"status-publish","4":"format-standard","5":"has-post-thumbnail","7":"category-europe","8":"tag-actualites","9":"tag-eu","10":"tag-europe","11":"tag-fr","12":"tag-france","13":"tag-francois-villeroy-de-galhau","14":"tag-news","15":"tag-republique-francaise"},"share_on_mastodon":{"url":"https:\/\/pubeurope.com\/@fr\/114796387725942326","error":""},"_links":{"self":[{"href":"https:\/\/www.europesays.com\/fr\/wp-json\/wp\/v2\/posts\/226261","targetHints":{"allow":["GET"]}}],"collection":[{"href":"https:\/\/www.europesays.com\/fr\/wp-json\/wp\/v2\/posts"}],"about":[{"href":"https:\/\/www.europesays.com\/fr\/wp-json\/wp\/v2\/types\/post"}],"author":[{"embeddable":true,"href":"https:\/\/www.europesays.com\/fr\/wp-json\/wp\/v2\/users\/2"}],"replies":[{"embeddable":true,"href":"https:\/\/www.europesays.com\/fr\/wp-json\/wp\/v2\/comments?post=226261"}],"version-history":[{"count":0,"href":"https:\/\/www.europesays.com\/fr\/wp-json\/wp\/v2\/posts\/226261\/revisions"}],"wp:featuredmedia":[{"embeddable":true,"href":"https:\/\/www.europesays.com\/fr\/wp-json\/wp\/v2\/media\/226262"}],"wp:attachment":[{"href":"https:\/\/www.europesays.com\/fr\/wp-json\/wp\/v2\/media?parent=226261"}],"wp:term":[{"taxonomy":"category","embeddable":true,"href":"https:\/\/www.europesays.com\/fr\/wp-json\/wp\/v2\/categories?post=226261"},{"taxonomy":"post_tag","embeddable":true,"href":"https:\/\/www.europesays.com\/fr\/wp-json\/wp\/v2\/tags?post=226261"}],"curies":[{"name":"wp","href":"https:\/\/api.w.org\/{rel}","templated":true}]}}