{"id":226263,"date":"2025-07-04T18:30:32","date_gmt":"2025-07-04T18:30:32","guid":{"rendered":"https:\/\/www.europesays.com\/fr\/226263\/"},"modified":"2025-07-04T18:30:32","modified_gmt":"2025-07-04T18:30:32","slug":"elodie-gossuin-soulagee-ses-aines-ont-eu-le-bac-avec-mention-decouvrez-laquelle","status":"publish","type":"post","link":"https:\/\/www.europesays.com\/fr\/226263\/","title":{"rendered":"\u00c9lodie Gossuin soulag\u00e9e, ses a\u00een\u00e9s ont eu le bac avec mention, d\u00e9couvrez laquelle !"},"content":{"rendered":"<p>                                        <img decoding=\"async\" src=\"https:\/\/www.europesays.com\/fr\/wp-content\/uploads\/2025\/07\/63f3a8ff2c766d656763c21a90039796b597d5358c709d4b0f0724515b92c86b.jpg\" alt=\"GALA VID\u00c9O - Elodie Gossuin\u00a0: ce qu'il faut conna\u00eetre\" class=\"a11y-hidden\"\/><\/p>\n<p class=\"fig-standfirst\">Ce vendredi 4 juillet, les r\u00e9sultats du bac de plusieurs acad\u00e9mies ont \u00e9t\u00e9 publi\u00e9s. Un \u00e9v\u00e9nement qu\u2019\u00c9lodie Gossuin a c\u00e9l\u00e9br\u00e9 sur Instagram, notamment gr\u00e2ce \u00e0 la r\u00e9ussite de ses jumeaux, Jules et Rose.<\/p>\n<p class=\"fig-paragraph\">En couple avec\u00a0<a href=\"http:\/\/www.gala.fr\/l_actu\/news_de_stars\/elodie-gossuin-son-mari-bertrand-lacherie-lui-declare-sa-flamme-le-jour-ou-je-t-ai-rencontre-j-ai-su-que-c-etait-toi-20250309\" data-fig-type=\"Article\" data-gtm-custom-categorie=\"navigation\" data-gtm-custom-action=\"crossclick\" data-gtm-custom-label=\"Contextuel\" data-gtm-event=\"customEventSPE\" data-fig-domain=\"GALA\" target=\"_blank\" rel=\"noopener\">le mannequin Bertrand Lacherie\u00a0<\/a>depuis de nombreuses ann\u00e9es, \u00c9lodie Gossuin a donn\u00e9 naissance \u00e0\u00a0<a href=\"https:\/\/www.gala.fr\/l_actu\/news_de_stars\/photo-elodie-gossuin-avant-la-rentree-elle-soffre-un-beau-moment-de-tendresse-avec-ses-jumeaux-leonard-et-josephine_551057\" data-fig-type=\"Article\" data-gtm-custom-categorie=\"navigation\" data-gtm-custom-action=\"crossclick\" data-gtm-custom-label=\"Contextuel\" data-gtm-event=\"customEventSPE\" data-fig-domain=\"GALA\" target=\"_blank\" rel=\"noopener\">deux paires de jumeaux\u00a0<\/a>: Jules et Rose, le 21 d\u00e9cembre 2007, puis L\u00e9onard et Jos\u00e9phine, le 9 octobre 2013. Et le moins que l\u2019on puisse dire, c\u2019est que ses a\u00een\u00e9s ont bien grandi. La preuve\u00a0? Ce vendredi 4 juillet, Jules et Rose ont re\u00e7u les r\u00e9sultats du bac. Un dipl\u00f4me qu\u2019ils ont obtenu avec une mention, comme l\u2019a r\u00e9v\u00e9l\u00e9\u00a0<a href=\"https:\/\/www.gala.fr\/l_actu\/news_de_stars\/photo-mention-speciale-elodie-gossuin-fiere-de-ses-jumeaux-jules-et-rose-qui-franchissent-une-importante-etape_547561\" data-fig-type=\"Article\" data-gtm-custom-categorie=\"navigation\" data-gtm-custom-action=\"crossclick\" data-gtm-custom-label=\"Contextuel\" data-gtm-event=\"customEventSPE\" data-fig-domain=\"GALA\" target=\"_blank\" rel=\"noopener\">l\u2019heureuse m\u00e8re de famille<\/a>\u00a0dans un post publi\u00e9 sur Instagram. \u00ab Lib\u00e9ration. Mes b\u00e9b\u00e9s sont bacheliers. Mention bien pour les deux. Si fi\u00e8re de vous\u00a0\u00bb, a-t-elle \u00e9crit en l\u00e9gende d\u2019une vid\u00e9o sur laquelle elle est en train de danser sur la musique We are the champions de Queen.<\/p>\n<p class=\"fig-paragraph\">Si \u00c9lodie Gossuin semble plus euphorique que jamais, l\u2019obtention du baccalaur\u00e9at pour ses deux enfants marque le d\u00e9but d\u2019un nouveau chapitre dans sa vie de famille. Dans une interview r\u00e9cemment accord\u00e9e \u00e0 Gala,\u00a0<a href=\"http:\/\/www.gala.fr\/l_actu\/news_de_stars\/elodie-gossuin-n-assistera-pas-a-l-election-de-miss-france-2025-et-elle-a-une-tres-bonne-raison-20241213\" data-fig-type=\"Article\" data-gtm-custom-categorie=\"navigation\" data-gtm-custom-action=\"crossclick\" data-gtm-custom-label=\"Contextuel\" data-gtm-event=\"customEventSPE\" data-fig-domain=\"GALA\" target=\"_blank\" rel=\"noopener\">l\u2019ancienne reine de beaut\u00e9<\/a>\u00a0a en effet expliqu\u00e9 que ses deux a\u00een\u00e9s allaient quitter le cocon familial pour poursuivre leurs \u00e9tudes. \u00ab Rose a \u00e9t\u00e9 accept\u00e9e en STAPS en banlieue parisienne et Jules va en \u00e9cole de commerce \u00e0 Reims\u00a0\u00bb, a-t-elle annonc\u00e9, pr\u00e9cisant qu\u2019elle redoutait le d\u00e9part de ses jumeaux, \u00e0 la rentr\u00e9e prochaine. \u00ab M\u00eame si j\u2019ai d\u00e9j\u00e0 boucl\u00e9 leurs inscriptions et r\u00e9serv\u00e9 une chambre dans un campus, je ne veux pas en entendre parler\u00a0\u00bb, a-t-elle ajout\u00e9, avant de poursuivre\u00a0: \u00ab Je n\u2019arrive pas \u00e0 m\u2019imaginer comment on va faire pour se reconstruire \u00e0 quatre.\u00a0\u00bb Une vraie maman protectrice.<\/p>\n<p>    Elodie Gossuin sur Instagram<br \/>\n                Instagram @Elodiegossuin<\/p>\n<p>    <a href=\"#slideshow-header\"><\/p>\n<p class=\"fig-slideshow__title\">\n                    PHOTOS &#8211; Elodie Gossuin et Bertrand Lacherie\u00a0: leur histoire d&rsquo;amour en images\n                <\/p>\n<p>    <\/a><\/p>\n<p>                                    <a class=\"fig-a11y-skip a11y-hidden\" href=\"#fig-a11y-skip-main-inarticle\"><br \/>\n        Passer la publicit\u00e9<br \/>\n    <\/a><\/p>\n<p>\u00c9lodie Gossuin, ses confidences sur son mois de juin tr\u00e8s stressant\u00a0: \u00ab J\u2019ai surv\u00e9cu\u00a0\u00bb<\/p>\n<p class=\"fig-paragraph\">Malgr\u00e9 ses doutes et ses appr\u00e9hensions pour la rentr\u00e9e prochaine, \u00c9lodie Gossuin va enfin pouvoir se reposer pendant la p\u00e9riode estivale. Sur Instagram, la m\u00e8re de famille a r\u00e9cemment expliqu\u00e9 que<a href=\"http:\/\/www.gala.fr\/l_actu\/news_de_stars\/elodie-gossuin-ironise-apres-le-mois-le-plus-cauchemardesque-de-tous-les-parents-de-famille-nombreuse-j-ai-survecu-20250702\" data-fig-type=\"Article\" data-gtm-custom-categorie=\"navigation\" data-gtm-custom-action=\"crossclick\" data-gtm-custom-label=\"Contextuel\" data-gtm-event=\"customEventSPE\" data-fig-domain=\"GALA\" target=\"_blank\" rel=\"noopener\">\u00a0le mois de juin avait \u00e9t\u00e9 particuli\u00e8rement \u00e9prouvant<\/a>\u00a0pour elle sur le plan psychologique. \u00ab Merci juin pour toutes tes kermesses, ton Parcoursup, ton Bac, brevet, les galas, les pi\u00e8ces de th\u00e9\u00e2tre\u2026\u00a0\u00bb, a-t-elle \u00e9crit avec gratitude, avant de conclure avec humour\u00a0: \u00ab J\u2019ai surv\u00e9cu\u00a0! Hello juillet (sois cool s\u2019il te pla\u00eet, je suis HS).\u00a0\u00bb Celle qui a remport\u00e9 l\u2019\u00e9lection Miss France en 2001 va donc pouvoir profiter de sa famille, avec qui elle devrait d\u2019ailleurs partir en vacances dans les Landes.<\/p>\n<p class=\"fig-paragraph\">Article \u00e9crit en collaboration avec 6Medias.\u00a0<\/p>\n","protected":false},"excerpt":{"rendered":"Ce vendredi 4 juillet, les r\u00e9sultats du bac de plusieurs acad\u00e9mies ont \u00e9t\u00e9 publi\u00e9s. Un \u00e9v\u00e9nement qu\u2019\u00c9lodie Gossuin&hellip;\n","protected":false},"author":2,"featured_media":226264,"comment_status":"","ping_status":"","sticky":false,"template":"","format":"standard","meta":{"footnotes":""},"categories":[1586],"tags":[11,3050,19603,16861,1719,1777,674,1779,652,1011,27,2440,31971,12,25,1778,364],"class_list":{"0":"post-226263","1":"post","2":"type-post","3":"status-publish","4":"format-standard","5":"has-post-thumbnail","7":"category-europe","8":"tag-actualites","9":"tag-bac","10":"tag-diplome","11":"tag-elodie-gossuin","12":"tag-enfants","13":"tag-eu","14":"tag-europe","15":"tag-european-union","16":"tag-famille","17":"tag-fr","18":"tag-france","19":"tag-instagram","20":"tag-jumeaux","21":"tag-news","22":"tag-republique-francaise","23":"tag-ue","24":"tag-union-europeenne"},"share_on_mastodon":{"url":"https:\/\/pubeurope.com\/@fr\/114796391589663931","error":""},"_links":{"self":[{"href":"https:\/\/www.europesays.com\/fr\/wp-json\/wp\/v2\/posts\/226263","targetHints":{"allow":["GET"]}}],"collection":[{"href":"https:\/\/www.europesays.com\/fr\/wp-json\/wp\/v2\/posts"}],"about":[{"href":"https:\/\/www.europesays.com\/fr\/wp-json\/wp\/v2\/types\/post"}],"author":[{"embeddable":true,"href":"https:\/\/www.europesays.com\/fr\/wp-json\/wp\/v2\/users\/2"}],"replies":[{"embeddable":true,"href":"https:\/\/www.europesays.com\/fr\/wp-json\/wp\/v2\/comments?post=226263"}],"version-history":[{"count":0,"href":"https:\/\/www.europesays.com\/fr\/wp-json\/wp\/v2\/posts\/226263\/revisions"}],"wp:featuredmedia":[{"embeddable":true,"href":"https:\/\/www.europesays.com\/fr\/wp-json\/wp\/v2\/media\/226264"}],"wp:attachment":[{"href":"https:\/\/www.europesays.com\/fr\/wp-json\/wp\/v2\/media?parent=226263"}],"wp:term":[{"taxonomy":"category","embeddable":true,"href":"https:\/\/www.europesays.com\/fr\/wp-json\/wp\/v2\/categories?post=226263"},{"taxonomy":"post_tag","embeddable":true,"href":"https:\/\/www.europesays.com\/fr\/wp-json\/wp\/v2\/tags?post=226263"}],"curies":[{"name":"wp","href":"https:\/\/api.w.org\/{rel}","templated":true}]}}