{"id":22627,"date":"2025-04-13T16:42:09","date_gmt":"2025-04-13T16:42:09","guid":{"rendered":"https:\/\/www.europesays.com\/fr\/22627\/"},"modified":"2025-04-13T16:42:09","modified_gmt":"2025-04-13T16:42:09","slug":"atp-la-grosse-annonce-de-roger-federer-deux-ans-et-demi-apres-sa-retraite-rafael-nadal-est-prevenu-jaimerais-recommencer-a-jouer-deux-ou-trois-fois-par-semaine-et-avec-un-peu-de-chance-retou","status":"publish","type":"post","link":"https:\/\/www.europesays.com\/fr\/22627\/","title":{"rendered":"ATP > La grosse annonce de Roger Federer, deux ans et demi apr\u00e8s sa retraite, Rafael Nadal est pr\u00e9venu : \u00ab\u00a0J&rsquo;aimerais recommencer \u00e0 jouer deux ou trois fois par semaine et, avec un peu de chance, retourner sur un court d&rsquo;exhibition, remplir des stades du monde entier\u00a0\u00bb"},"content":{"rendered":"<p>Apr\u00e8s avoir <a href=\"https:\/\/www.welovetennis.fr\/atp\/roger-federer-je-plaisante-toujours-en-disant-que-jaurais-du-arreter-ma-carriere-plus-tot-comme-ca-jaurais-eu-plus-de-temps-car-je-suis-tellement-heureux-a-la-retraite\" data-wpel-link=\"internal\" rel=\"nofollow noopener\" target=\"_blank\">donn\u00e9 de ses nouvelles en \u00e9voquant son emploi du temps tr\u00e8s charg\u00e9<\/a> depuis sa retraite en septembre 2022, Roger Federer, dans une r\u00e9cente inter\u00adview accord\u00e9e \u00e0 l\u2019un de ses spon\u00adsors, a fait une annonce qui devrait ravir ses\u00a0fans.<\/p>\n<p>En effet, le Suisse a mani\u00adfes\u00adte\u00adment bien l\u2019in\u00adten\u00adtion de revenir r\u00e9gu\u00adli\u00e8\u00adre\u00adment sur les courts afin de disputer des matchs exhi\u00adbi\u00adtions. Rafael Nadal est pr\u00e9venu.\u00a0<\/p>\n<p><strong>\u00ab\u202fJ\u2019aimerais recom\u00admencer \u00e0 jouer deux ou trois fois par semaine et, avec un peu de chance, retourner sur un court d\u2019ex\u00adhi\u00adbi\u00adtion, remplir des stades du monde entier. Je n\u2019ai pas encore de projets, mais l\u2019en\u00adtra\u00ee\u00adne\u00adment me manque un peu. Je n\u2019ai pas beau\u00adcoup jou\u00e9 depuis ma retraite parce que mon corps avait besoin d\u2019une pause, et peut\u2010\u00eatre mon esprit aussi. J\u2019ai jou\u00e9 avec mes enfants, mais j\u2019ai\u00adme\u00adrais vrai\u00adment m\u2019en\u00adtra\u00eener \u00e0 nouveau seul. Je le ferai en voya\u00adgeant et j\u2019es\u00adp\u00e8re que vous me verrez bient\u00f4t jouer une exhibition.\u202f\u00bb<\/strong><\/p>\n<p class=\"post-published-date\" style=\"color: silver; font-size: 75%; text-align: left;\">Publi\u00e9 le dimanche 13 avril 2025 \u00e0 08:42<\/p>\n","protected":false},"excerpt":{"rendered":"Apr\u00e8s avoir donn\u00e9 de ses nouvelles en \u00e9voquant son emploi du temps tr\u00e8s charg\u00e9 depuis sa retraite en&hellip;\n","protected":false},"author":2,"featured_media":22628,"comment_status":"","ping_status":"","sticky":false,"template":"","format":"standard","meta":{"footnotes":""},"categories":[1415],"tags":[2199,1011,27,1960,60,1467],"class_list":{"0":"post-22627","1":"post","2":"type-post","3":"status-publish","4":"format-standard","5":"has-post-thumbnail","7":"category-tennis","8":"tag-federer","9":"tag-fr","10":"tag-france","11":"tag-nadal","12":"tag-sports","13":"tag-tennis"},"share_on_mastodon":{"url":"https:\/\/pubeurope.com\/@fr\/114331657371421401","error":""},"_links":{"self":[{"href":"https:\/\/www.europesays.com\/fr\/wp-json\/wp\/v2\/posts\/22627","targetHints":{"allow":["GET"]}}],"collection":[{"href":"https:\/\/www.europesays.com\/fr\/wp-json\/wp\/v2\/posts"}],"about":[{"href":"https:\/\/www.europesays.com\/fr\/wp-json\/wp\/v2\/types\/post"}],"author":[{"embeddable":true,"href":"https:\/\/www.europesays.com\/fr\/wp-json\/wp\/v2\/users\/2"}],"replies":[{"embeddable":true,"href":"https:\/\/www.europesays.com\/fr\/wp-json\/wp\/v2\/comments?post=22627"}],"version-history":[{"count":0,"href":"https:\/\/www.europesays.com\/fr\/wp-json\/wp\/v2\/posts\/22627\/revisions"}],"wp:featuredmedia":[{"embeddable":true,"href":"https:\/\/www.europesays.com\/fr\/wp-json\/wp\/v2\/media\/22628"}],"wp:attachment":[{"href":"https:\/\/www.europesays.com\/fr\/wp-json\/wp\/v2\/media?parent=22627"}],"wp:term":[{"taxonomy":"category","embeddable":true,"href":"https:\/\/www.europesays.com\/fr\/wp-json\/wp\/v2\/categories?post=22627"},{"taxonomy":"post_tag","embeddable":true,"href":"https:\/\/www.europesays.com\/fr\/wp-json\/wp\/v2\/tags?post=22627"}],"curies":[{"name":"wp","href":"https:\/\/api.w.org\/{rel}","templated":true}]}}