{"id":226273,"date":"2025-07-04T18:36:11","date_gmt":"2025-07-04T18:36:11","guid":{"rendered":"https:\/\/www.europesays.com\/fr\/226273\/"},"modified":"2025-07-04T18:36:11","modified_gmt":"2025-07-04T18:36:11","slug":"tournee-en-nouvelle-zelande-jaime-le-travail-de-lombre-tyler-duguid-se-livre-avant-le-premier-match-face-aux-blacks","status":"publish","type":"post","link":"https:\/\/www.europesays.com\/fr\/226273\/","title":{"rendered":"Tourn\u00e9e en Nouvelle-Z\u00e9lande &#8211; \u00ab\u00a0J\u2019aime le travail de l\u2019ombre\u00a0\u00bb Tyler Duguid se livre avant le premier match face aux Blacks"},"content":{"rendered":"<p>\n                Mardi midi, \u00e0 l\u2019h\u00f4tel Pullman o\u00f9 logent les Tricolores \u00e0 Auckland, on a pass\u00e9 un long moment avec le \u00ab\u00a0Canuck\u00a0\u00bb des Bleus : il a parl\u00e9 d\u2019Edmonton, de lutte gr\u00e9co-romaine, de football am\u00e9ricain et de Scott Barrett, le leader d\u2019en-face. C\u2019est \u00e0 vous, Tyler !\n            <\/p>\n<p><strong>Si on vous avait dit, en d\u00e9but de saison, que vous affronteriez les All Blacks cet \u00e9t\u00e9, l\u2019auriez-vous cru ?<\/strong><\/p>\n<p>(Il sourit) Oui, je l\u2019aurais cru. Je travaille en tout cas en ce sens depuis tr\u00e8s longtemps et je consid\u00e8re cette tourn\u00e9e comme une immense opportunit\u00e9.<\/p>\n<p><strong>Quand avez-vous commenc\u00e9 \u00e0 y croire vraiment, au juste ?<\/strong><\/p>\n<p>Quelques jours apr\u00e8s un match contre Lyon, Fabien Galthi\u00e9 est venu \u00e0 l\u2019entra\u00eenement du MHR. Il m\u2019a dit : \u00ab\u00a0Tu as r\u00e9alis\u00e9 une bonne partie, tu fais de gros progr\u00e8s et ton profil nous int\u00e9resse. Tiens-toi pr\u00eat.\u00a0\u00bb<\/p>\n<p><strong>Comment avez-vous r\u00e9agi ?<\/strong><\/p>\n<p>Je vivais un r\u00eave \u00e9veill\u00e9 mais j\u2019ai aussit\u00f4t pens\u00e9 qu\u2019il faudrait, peut-\u00eatre, que j\u2019apprenne enfin par c\u0153ur la Marseillaise ! (rires) J\u2019ai boss\u00e9 les paroles dans ma chambre, tout seul, jusqu\u2019\u00e0 ce que \u00e7a rentre. Derri\u00e8re \u00e7a, il s\u2019est pass\u00e9 du temps sans que j\u2019aie de nouvelles du staff.<\/p>\n<p><strong>Alors ?<\/strong><\/p>\n<p>Au soir du dernier match de la phase r\u00e9guli\u00e8re du Top 14, j\u2019\u00e9tais chez moi, tranquille. Je regardais Toulon &#8211; Bordeaux \u00e0 la t\u00e9l\u00e9. Le match s\u2019est termin\u00e9 \u00e0 23 heures et vers 1 heure du matin, Laurent Semp\u00e9r\u00e9 (le coach des avants tricolores, N.D.L.R.) m\u2019a appel\u00e9 pour me dire que j\u2019\u00e9tais pris pour le match contre l\u2019Angleterre, \u00e0 Twickenham. Je n\u2019ai pas su quoi lui dire. Alors, j\u2019ai r\u00e9pondu \u00e0 trois ou quatre reprises : \u00ab\u00a0Merci. Merci beaucoup.\u00a0\u00bb Derri\u00e8re \u00e7a, je n\u2019ai \u00e9videmment pas ferm\u00e9 l\u2019\u0153il de la nuit. J\u2019\u00e9tais tellement heureux !<\/p>\n<p><strong>Qu\u2019allez-vous amener \u00e0 cette \u00e9quipe de France ?<\/strong><\/p>\n<p>J\u2019aime le travail de l\u2019ombre, le boulot dans les group\u00e9s p\u00e9n\u00e9trants, le combat collectif. En ce sens, j\u2019aime beaucoup le style de jeu de l\u2019\u00e9quipe de France parce qu\u2019il est direct, frontal et performant sur les mauls p\u00e9n\u00e9trants. J\u2019adore cette phase de jeu, je ne m\u2019en cache pas : le combat de huit avants contre huit autres, je trouve \u00e7a beau.<\/p>\n<p><strong>\u00cates-vous un combattant, vous-m\u00eame ?<\/strong><\/p>\n<p>J\u2019ai longtemps fait de la lutte gr\u00e9co-romaine, dans la cat\u00e9gorie poids lourds. J\u2019ai aussi pratiqu\u00e9 le football am\u00e9ricain. Pour tout vous dire, si j\u2019ai d\u00e9marr\u00e9 le rugby \u00e0 Edmonton (Canada), c\u2019\u00e9tait justement pour \u00eatre aff\u00fbt\u00e9 avant que la saison de foot US ne commence, chez moi. Mais d\u00e8s que j\u2019ai go\u00fbt\u00e9 au rugby, je me suis dit que ce sport \u00e9tait fait pour moi.<\/p>\n<p><strong>\u00c0 quoi ressemble votre ville d\u2019origine, Edmonton ?<\/strong><\/p>\n<p>C\u2019est une grosse ville de 2 millions d\u2019habitants, la capitale de la r\u00e9gion d\u2019Alberta. Comme vous pouvez l\u2019imaginer, le rugby est encore tout petit l\u00e0-bas. Il y a cinq grands clubs au Canada, en somme. Mais dans ma famille, le terreau \u00e9tait plus favorable. Mes oncles, John et Luke Tait, \u00e9taient tous deux internationaux canadiens.<\/p>\n<p><strong>O\u00f9 jouaient-ils ?<\/strong><\/p>\n<p>\u00c0 Cardiff, pendant tr\u00e8s longtemps. John a aussi d\u00e9fendu les couleurs de Brive \u00e0 une \u00e9poque (2003-2005).<\/p>\n<p><strong>Solides, les oncles ?<\/strong><\/p>\n<p>Ils sont encore plus grands et plus larges que moi, oui ! (rires)<\/p>\n<p><strong>Comment \u00eates-vous arriv\u00e9 en France ?<\/strong><\/p>\n<p>\u00c0 17 ans, j\u2019avais particip\u00e9 \u00e0 une comp\u00e9tition en Roumanie avec la s\u00e9lection des jeunes du Canada. L\u00e0-bas, j\u2019ai \u00e9t\u00e9 rep\u00e9r\u00e9 par un agent, qui m\u2019a dit que je pouvais peut-\u00eatre tenter l\u2019aventure en Europe. Le club de Narbonne, qui \u00e9voluait \u00e0 l\u2019\u00e9poque en F\u00e9d\u00e9rale 1, m\u2019a ouvert les portes de son centre de formation. \u00c0 18 ans, je me suis donc retrouv\u00e9 seul, \u00e0 des milliers de kilom\u00e8tres de ma famille et de mon pays. J\u2019avais beau adorer le rugby, la situation n\u2019\u00e9tait pas facile. Quelques mois plus tard, Montpellier m\u2019a contact\u00e9. J\u2019y suis depuis maintenant cinq saisons.<\/p>\n<p><strong>Vous souvenez-vous de vos premiers matchs en Top 14, avec le MHR ?<\/strong><\/p>\n<p>Oui, j\u2019ai eu l\u2019impression de passer dans une machine \u00e0 laver, tellement \u00e7a allait vite sur le terrain\u2026 \u00c0 l\u2019\u00e9poque de la pand\u00e9mie, il est arriv\u00e9 qu\u2019on joue plusieurs matchs en un mois. J\u2019ai donc disput\u00e9 ma premi\u00e8re rencontre en professionnel contre Bath, en demi-finale du Challenge europ\u00e9en. Derri\u00e8re \u00e7a, j\u2019ai encha\u00een\u00e9, encha\u00een\u00e9, encha\u00een\u00e9 : neuf apparitions en un peu plus d\u2019un mois, je crois ! C\u2019\u00e9tait physique, oui.<\/p>\n<p><strong>Pourquoi avez-vous choisi de d\u00e9fendre les couleurs de la France ? Vous auriez pu devenir international canadien bien plus t\u00f4t\u2026<\/strong><\/p>\n<p>C\u2019est la France qui m\u2019a appris le rugby. C\u2019est la France qui m\u2019a fait grandir. Je veux donc redonner \u00e0 ce pays ce qu\u2019il m\u2019a donn\u00e9. Je me dis, aussi, que si je veux faire un jour partie des meilleurs joueurs \u00e0 mon poste, je dois me confronter aux plus forts : les All Blacks, les Anglais et les Springboks.<\/p>\n<p><strong>On est nombreux \u00e0 vous promettre l\u2019enfer, au fil de cette tourn\u00e9e. Comment l\u2019appr\u00e9hendez-vous ?<\/strong><\/p>\n<p>Le rugby a de la profondeur. Beaucoup de joueurs de Top 14 ont les capacit\u00e9s pour \u00e9voluer \u00e0 ce niveau. Je suis curieux de voir ce que cela pourra donner, samedi. Et puis, ce match a aussi une port\u00e9e symbolique pour moi : \u00e0 17 ans, j\u2019ai pass\u00e9 deux mois \u00e0 Christchurch, pour un stage. Des tribunes, j\u2019observais d\u00e9j\u00e0 Scott Barrett et ses fr\u00e8res\u2026<\/p>\n","protected":false},"excerpt":{"rendered":"Mardi midi, \u00e0 l\u2019h\u00f4tel Pullman o\u00f9 logent les Tricolores \u00e0 Auckland, on a pass\u00e9 un long moment avec&hellip;\n","protected":false},"author":2,"featured_media":226274,"comment_status":"","ping_status":"","sticky":false,"template":"","format":"standard","meta":{"footnotes":""},"categories":[1416],"tags":[1011,27,479,1468,60],"class_list":{"0":"post-226273","1":"post","2":"type-post","3":"status-publish","4":"format-standard","5":"has-post-thumbnail","7":"category-rugby","8":"tag-fr","9":"tag-france","10":"tag-rugby","11":"tag-rugby-football","12":"tag-sports"},"share_on_mastodon":{"url":"https:\/\/pubeurope.com\/@fr\/114796415137572160","error":""},"_links":{"self":[{"href":"https:\/\/www.europesays.com\/fr\/wp-json\/wp\/v2\/posts\/226273","targetHints":{"allow":["GET"]}}],"collection":[{"href":"https:\/\/www.europesays.com\/fr\/wp-json\/wp\/v2\/posts"}],"about":[{"href":"https:\/\/www.europesays.com\/fr\/wp-json\/wp\/v2\/types\/post"}],"author":[{"embeddable":true,"href":"https:\/\/www.europesays.com\/fr\/wp-json\/wp\/v2\/users\/2"}],"replies":[{"embeddable":true,"href":"https:\/\/www.europesays.com\/fr\/wp-json\/wp\/v2\/comments?post=226273"}],"version-history":[{"count":0,"href":"https:\/\/www.europesays.com\/fr\/wp-json\/wp\/v2\/posts\/226273\/revisions"}],"wp:featuredmedia":[{"embeddable":true,"href":"https:\/\/www.europesays.com\/fr\/wp-json\/wp\/v2\/media\/226274"}],"wp:attachment":[{"href":"https:\/\/www.europesays.com\/fr\/wp-json\/wp\/v2\/media?parent=226273"}],"wp:term":[{"taxonomy":"category","embeddable":true,"href":"https:\/\/www.europesays.com\/fr\/wp-json\/wp\/v2\/categories?post=226273"},{"taxonomy":"post_tag","embeddable":true,"href":"https:\/\/www.europesays.com\/fr\/wp-json\/wp\/v2\/tags?post=226273"}],"curies":[{"name":"wp","href":"https:\/\/api.w.org\/{rel}","templated":true}]}}