{"id":226275,"date":"2025-07-04T18:37:10","date_gmt":"2025-07-04T18:37:10","guid":{"rendered":"https:\/\/www.europesays.com\/fr\/226275\/"},"modified":"2025-07-04T18:37:10","modified_gmt":"2025-07-04T18:37:10","slug":"wimbledon-navratilova-change-davis-sur-sabalenka-et-designe-la-nouvelle-favorite-du-tournoi-cest-celle-qui-a-obtenu-les-meilleurs-resultats-ici-par-le-passe","status":"publish","type":"post","link":"https:\/\/www.europesays.com\/fr\/226275\/","title":{"rendered":"Wimbledon > Navratilova change d&rsquo;avis sur Sabalenka et d\u00e9signe la nouvelle favorite du tournoi : \u00ab\u00a0C&rsquo;est celle qui a obtenu les meilleurs r\u00e9sultats ici par le pass\u00e9\u00a0\u00bb"},"content":{"rendered":"<p>Quelques jours apr\u00e8s avoir <a href=\"https:\/\/www.welovetennis.fr\/wta\/martina-navratilova-devoile-sa-grande-favorite-pour-wimbledon-difficile-de-lui-trouver-une-faiblesse\" data-wpel-link=\"internal\" rel=\"nofollow noopener\" target=\"_blank\">d\u00e9sign\u00e9 Aryna Sabalenka comme la grande favo\u00adrite pour remporter Wimbledon<\/a>, Martina Navratilova a fina\u00adle\u00adment chang\u00e9 d\u2019avis suite au nombre tr\u00e8s impor\u00adtant de joueuses t\u00eates de s\u00e9ries d\u00e9j\u00e0 \u00e9limin\u00e9es.<\/p>\n<p>Selon la nonuple laur\u00e9ate du tournoi, c\u2019est d\u00e9sor\u00admais Elena Rybakina qui a les meilleures chances de soulever le fameux plateau dor\u00e9, ce qui serait son deuxi\u00e8me apr\u00e8s\u00a02022.\u00a0<\/p>\n<p><strong>\u00ab\u202fM\u00eame si vous ne faites pas atten\u00adtion au tableau et que vous ne voulez pas regarder, vous savez forc\u00e9\u00adment que vous \u00eates dans la moiti\u00e9 sup\u00e9\u00adrieure ou inf\u00e9\u00adrieure selon le moment o\u00f9 vous jouez. Toutes ces joueuses savent donc que les t\u00eates de s\u00e9rie 2 (Gauff), 3 (Pegula), 4 (Paolini) et 5 (Zheng) ne sont plus l\u00e0. Elles sont donc conscientes qu\u2019il y a une \u00e9norme oppor\u00adtu\u00adnit\u00e9 \u00e0 saisir. Il y a un grand trou dans le tableau. Toute la moiti\u00e9 inf\u00e9\u00adrieure est tr\u00e8s ouverte et je pense que Rybakina est la favo\u00adrite main\u00adte\u00adnant, m\u00eame si elle n\u2019est que t\u00eate de s\u00e9rie 11. C\u2019est celle qui a obtenu les meilleurs r\u00e9sul\u00adtats ici par le\u00a0pass\u00e9.\u202f\u00bb<\/strong><\/p>\n<p class=\"post-published-date\" style=\"color: silver; font-size: 75%; text-align: left;\">Publi\u00e9 le vendredi 4 juillet 2025 \u00e0 18:35<\/p>\n","protected":false},"excerpt":{"rendered":"Quelques jours apr\u00e8s avoir d\u00e9sign\u00e9 Aryna Sabalenka comme la grande favo\u00adrite pour remporter Wimbledon, Martina Navratilova a fina\u00adle\u00adment&hellip;\n","protected":false},"author":2,"featured_media":770,"comment_status":"","ping_status":"","sticky":false,"template":"","format":"standard","meta":{"footnotes":""},"categories":[1415],"tags":[7615,6903,1011,27,2126,60,1467],"class_list":{"0":"post-226275","1":"post","2":"type-post","3":"status-publish","4":"format-standard","5":"has-post-thumbnail","7":"category-tennis","8":"tag-aryna-sabalenka","9":"tag-elena-rybakina","10":"tag-fr","11":"tag-france","12":"tag-paolini","13":"tag-sports","14":"tag-tennis"},"share_on_mastodon":{"url":"https:\/\/pubeurope.com\/@fr\/114796419002229640","error":""},"_links":{"self":[{"href":"https:\/\/www.europesays.com\/fr\/wp-json\/wp\/v2\/posts\/226275","targetHints":{"allow":["GET"]}}],"collection":[{"href":"https:\/\/www.europesays.com\/fr\/wp-json\/wp\/v2\/posts"}],"about":[{"href":"https:\/\/www.europesays.com\/fr\/wp-json\/wp\/v2\/types\/post"}],"author":[{"embeddable":true,"href":"https:\/\/www.europesays.com\/fr\/wp-json\/wp\/v2\/users\/2"}],"replies":[{"embeddable":true,"href":"https:\/\/www.europesays.com\/fr\/wp-json\/wp\/v2\/comments?post=226275"}],"version-history":[{"count":0,"href":"https:\/\/www.europesays.com\/fr\/wp-json\/wp\/v2\/posts\/226275\/revisions"}],"wp:featuredmedia":[{"embeddable":true,"href":"https:\/\/www.europesays.com\/fr\/wp-json\/wp\/v2\/media\/770"}],"wp:attachment":[{"href":"https:\/\/www.europesays.com\/fr\/wp-json\/wp\/v2\/media?parent=226275"}],"wp:term":[{"taxonomy":"category","embeddable":true,"href":"https:\/\/www.europesays.com\/fr\/wp-json\/wp\/v2\/categories?post=226275"},{"taxonomy":"post_tag","embeddable":true,"href":"https:\/\/www.europesays.com\/fr\/wp-json\/wp\/v2\/tags?post=226275"}],"curies":[{"name":"wp","href":"https:\/\/api.w.org\/{rel}","templated":true}]}}