{"id":226280,"date":"2025-07-04T18:41:09","date_gmt":"2025-07-04T18:41:09","guid":{"rendered":"https:\/\/www.europesays.com\/fr\/226280\/"},"modified":"2025-07-04T18:41:09","modified_gmt":"2025-07-04T18:41:09","slug":"cyclisme-transfert-une-formation-francaise-en-pole-position-pour-recruter-groenewegen","status":"publish","type":"post","link":"https:\/\/www.europesays.com\/fr\/226280\/","title":{"rendered":"Cyclisme. Transfert &#8211; Une formation fran\u00e7aise en pole position pour recruter Groenewegen ?"},"content":{"rendered":"<p>Bien pr\u00e9sent ce samedi avec la formation <strong><a href=\"https:\/\/www.cyclismactu.net\/..\/news-tour-de-france-route-jayco-alula-fait-confiance-dylan-groenewegen-et-ben-o-connor-88632.html\" target=\"_blank\" rel=\"nofollow noopener\">Jayco AlUla<\/a><\/strong> pour le Grand D\u00e9part de la 112e \u00e9dition du <strong><a href=\"https:\/\/www.cyclismactu.net\/..\/news-tdf-route-tour-de-france-parcours-favoris-1ere-etape-de-ce-tour-de-france-2025-88707.html\" target=\"_blank\" rel=\"nofollow noopener\">Tour de France<\/a><\/strong>, le sprinteur n\u00e9erlandais <strong>Dylan Groenewegen<\/strong> semble avoir des envies de partir dans une autre \u00e9quipe l&rsquo;ann\u00e9e prochaine. En effet, selon le journaliste britannique <strong>Daniel Benson<\/strong>, le lion d&rsquo;Amsterdam pourrait bien signer dans la formation fran\u00e7aise <strong>Unibet Tietema Rockets<\/strong>. Sur le <strong>Tour de France<\/strong>, <strong>Groenewegen<\/strong> tentera de remporter une septi\u00e8me victoire d&rsquo;\u00e9tape avec l&rsquo;\u00e9quipe australienne <strong>Jayco AlUla<\/strong>.<\/p>\n<p>Vid\u00e9o &#8211; Dylan Groenewegen, vainqueur d&rsquo;\u00e9tape sur le Tour de Slov\u00e9nie Lire la suite de l&rsquo;article&#13;<br \/>\n&#13;<br \/>\n<strong>Unibet Tietema Rockets en pole position ?<\/strong>&#13;<\/p>\n<p>Selon le c\u00e9l\u00e8bre journaliste <strong>Daniel Benson<\/strong>, l&rsquo;\u00e9quipe fran\u00e7aise <strong>Unibet Tietema Rockets<\/strong> est d\u00e9sormais en pole position pour signer le sextuple vainqueur d&rsquo;\u00e9tape sur la Grande Boucle, <strong>Dylan Groenewegen<\/strong>. Si la formation fran\u00e7aise semble en premi\u00e8re position pour s\u2019attacher les services du sprinteur n\u00e9erlandais, une \u00e9quipe comme <strong>XDS Astana<\/strong> est, elle aussi, tr\u00e8s bien plac\u00e9e pour signer le vainqueur du <strong>Tour des Flandres Espoirs<\/strong> en 2014. Une affaire qui sera \u00e0 suivre de tr\u00e8s pr\u00e8s !<\/p>\n","protected":false},"excerpt":{"rendered":"Bien pr\u00e9sent ce samedi avec la formation Jayco AlUla pour le Grand D\u00e9part de la 112e \u00e9dition du&hellip;\n","protected":false},"author":2,"featured_media":226281,"comment_status":"","ping_status":"","sticky":false,"template":"","format":"standard","meta":{"footnotes":""},"categories":[1411],"tags":[1154,207,211,1011,27,209,60,210,969,212,208,213],"class_list":{"0":"post-226280","1":"post","2":"type-post","3":"status-publish","4":"format-standard","5":"has-post-thumbnail","7":"category-cyclisme","8":"tag-cycling","9":"tag-cyclisme","10":"tag-ffc","11":"tag-fr","12":"tag-france","13":"tag-route","14":"tag-sports","15":"tag-tour-de-france","16":"tag-transfert","17":"tag-uci","18":"tag-velo","19":"tag-world-tour"},"share_on_mastodon":{"url":"https:\/\/pubeurope.com\/@fr\/114796434778149783","error":""},"_links":{"self":[{"href":"https:\/\/www.europesays.com\/fr\/wp-json\/wp\/v2\/posts\/226280","targetHints":{"allow":["GET"]}}],"collection":[{"href":"https:\/\/www.europesays.com\/fr\/wp-json\/wp\/v2\/posts"}],"about":[{"href":"https:\/\/www.europesays.com\/fr\/wp-json\/wp\/v2\/types\/post"}],"author":[{"embeddable":true,"href":"https:\/\/www.europesays.com\/fr\/wp-json\/wp\/v2\/users\/2"}],"replies":[{"embeddable":true,"href":"https:\/\/www.europesays.com\/fr\/wp-json\/wp\/v2\/comments?post=226280"}],"version-history":[{"count":0,"href":"https:\/\/www.europesays.com\/fr\/wp-json\/wp\/v2\/posts\/226280\/revisions"}],"wp:featuredmedia":[{"embeddable":true,"href":"https:\/\/www.europesays.com\/fr\/wp-json\/wp\/v2\/media\/226281"}],"wp:attachment":[{"href":"https:\/\/www.europesays.com\/fr\/wp-json\/wp\/v2\/media?parent=226280"}],"wp:term":[{"taxonomy":"category","embeddable":true,"href":"https:\/\/www.europesays.com\/fr\/wp-json\/wp\/v2\/categories?post=226280"},{"taxonomy":"post_tag","embeddable":true,"href":"https:\/\/www.europesays.com\/fr\/wp-json\/wp\/v2\/tags?post=226280"}],"curies":[{"name":"wp","href":"https:\/\/api.w.org\/{rel}","templated":true}]}}