{"id":226286,"date":"2025-07-04T18:44:21","date_gmt":"2025-07-04T18:44:21","guid":{"rendered":"https:\/\/www.europesays.com\/fr\/226286\/"},"modified":"2025-07-04T18:44:21","modified_gmt":"2025-07-04T18:44:21","slug":"meconnue-a-saint-maurice-de-lignon-vera-braun-au-coeur-dune-exposition-exceptionnelle-cet-ete","status":"publish","type":"post","link":"https:\/\/www.europesays.com\/fr\/226286\/","title":{"rendered":"M\u00e9connue \u00e0 Saint-Maurice-de-Lignon, Vera Braun au coeur d&rsquo;une exposition exceptionnelle cet \u00e9t\u00e9"},"content":{"rendered":"<p>\t\t\t\t\t\t\t\t\t\t\t\t\t\t\t\t\t\t\t\t\t\t\t\t\t\t\t\t\t\t\t\t\t\t\t\t\t\t\t\t\t\t\t\t\t\t<img decoding=\"async\" src=\"https:\/\/www.europesays.com\/fr\/wp-content\/uploads\/2025\/07\/carre_copy_copy.gif\" alt=\"Fraisse David carr\u00e9 2024\"\/><\/p>\n<p><strong>Vera Braun (1902-1997), n\u00e9e \u00e0 Budapest et morte \u00e0 Saint-Maurice-de-Lignon a laiss\u00e9 derri\u00e8re elle une riche collection de peintures, gravures, dessins. Une partie a \u00e9t\u00e9 s\u00e9lectionn\u00e9e et fait l&rsquo;objet d&rsquo;une premi\u00e8re exposition exceptionnelle \u00e0 la mairie de Saint-Maurice, \u00e0 l&rsquo;heureuse initiative des Amis de Maubourg.<\/strong><\/p>\n<p>Elle a quitt\u00e9 sa Hongrie natale pour Vienne, puis l&rsquo;Allemagne et enfin la France en 1928. Inspir\u00e9e par les diff\u00e9rents courants culturels de son \u00e9poque, elle a su faire \u00e9voluer ses techniques, d&rsquo;abord avec un dessin simple et tendu, puis avec des illustrations d&rsquo;\u00e9ditions pour la jeunesse sous l&rsquo;Occupation en prenant le nom de Victorine Leblond (elle \u00e9tait juive), enfin et surtout dans l&rsquo;abstraction lyrique dans la France d&rsquo;apr\u00e8s-guerre.<\/p>\n<p><strong>Dans la sph\u00e8re de Fernand L\u00e9ger, Andr\u00e9 Lhote&#8230;<\/strong><\/p>\n<p>Form\u00e9e \u00e0 la peinture, la gravure, \u00e0 la cr\u00e9ation de d\u00e9cors et costumes pour le th\u00e9\u00e2tre dont elle assurait aussi la mise en sc\u00e8ne, c&rsquo;est sous l\u2019influence de Fernand L\u00e9ger et Andr\u00e9 Lhote qu&rsquo;elle s\u2019est adonn\u00e9e principalement \u00e0 la peinture. En marge de sa vie professionnelle elle partage son existence dans une relation intime avec Eug\u00e8ne Dabit, auteur du roman \u00ab\u00a0H\u00f4tel du Nord\u00a0\u00bb dont s\u2019inspirera Marcel Carn\u00e9 pour la r\u00e9alisation du film \u00e9ponyme.<\/p>\n<p><strong>Une m\u00e9c\u00e8ne suisse en guise d&rsquo;ange gardien<\/strong><\/p>\n<p>Au d\u00e9but des ann\u00e9es 70, elle s&rsquo;installe \u00e0 \u00ab\u00a0Maubourg\u00a0\u00bb \u00e0 Saint-Maurice-de-Lignon gr\u00e2ce \u00e0 une riche h\u00e9riti\u00e8re suisse, sa m\u00e9c\u00e8ne qui l&rsquo;accompagnera jusqu&rsquo;au bout quand elle rejoindra l&rsquo;Ehpad de Saint-Maurice (l&rsquo;\u00e9tablissement conserve d&rsquo;ailleurs quelques-unes de ses cr\u00e9ations). Vera \u00e9change beaucoup de ses \u0153uvres contre des services et vit simplement dans un corps de ferme qui est devenu aujourd&rsquo;hui un g\u00eete touristique \u00ab\u00a0L&rsquo;Atelier du peintre\u00a0\u00bb.<\/p>\n<p><strong>Un fonds \u00e0 valoriser<\/strong><\/p>\n<p>Apr\u00e8s sa mort, le fonds a \u00e9t\u00e9 l\u00e9gu\u00e9 aux Petits Fr\u00e8res des pauvres puis 150 tableaux ont \u00e9t\u00e9 remis aux Amis de Maubourg qui les ont pr\u00e9cieusement conserv\u00e9s. Les \u0153uvres les plus int\u00e9ressantes, une quarantaine, ont \u00e9t\u00e9 restaur\u00e9es et encadr\u00e9es. Dix-huit sont pr\u00e9sent\u00e9es \u00e0 partir de ce premier week-end de juillet gr\u00e2ce \u00e0 une exposition dont le commissaire est Christian Bernard, cr\u00e9ateur et directeur du Mus\u00e9e d\u2019Art de Gen\u00e8ve.<\/p>\n<p>Samedi, pour le vernissage, \u00e0 10 heures, la chercheuse In\u00e8s Da Cunha sera pr\u00e9sente. Elle vient d&rsquo;achever un m\u00e9moire \u00ab\u00a0\u00e9poustouflant\u00a0\u00bb sur la vie de Vera Braun selon Christian Bernard.<\/p>\n<p>Des conservateurs sont invit\u00e9s, l&rsquo;objectif est de confier \u00e0 des mus\u00e9es des toiles de l&rsquo;artiste pour permettre de prot\u00e9ger l&rsquo;\u0153uvre et plus largement de la rendre accessible au public.<\/p>\n<p><strong>Jusqu&rsquo;au 30 ao\u00fbt<\/strong><\/p>\n<p>Exposition visible du 8 juillet au 30 ao\u00fbt, aux horaires d&rsquo;ouverture de la mairie, ainsi que trois samedis apr\u00e8s-midi, les 19 juillet, 2 et 16 ao\u00fbt. Entr\u00e9e libre<\/p>\n","protected":false},"excerpt":{"rendered":"Vera Braun (1902-1997), n\u00e9e \u00e0 Budapest et morte \u00e0 Saint-Maurice-de-Lignon a laiss\u00e9 derri\u00e8re elle une riche collection de&hellip;\n","protected":false},"author":2,"featured_media":226287,"comment_status":"","ping_status":"","sticky":false,"template":"","format":"standard","meta":{"footnotes":""},"categories":[1358],"tags":[2281,1348,1384,1385,1386,58,59,2282,1011,27,2280,2284,2285,2283],"class_list":{"0":"post-226286","1":"post","2":"type-post","3":"status-publish","4":"format-standard","5":"has-post-thumbnail","7":"category-arts-et-design","8":"tag-actualite-43","9":"tag-arts","10":"tag-arts-and-design","11":"tag-arts-et-design","12":"tag-design","13":"tag-divertissement","14":"tag-entertainment","15":"tag-faits-divers-auvergne","16":"tag-fr","17":"tag-france","18":"tag-information-haute-loire","19":"tag-infos-43","20":"tag-journal-haute-loire","21":"tag-la-commere-43"},"share_on_mastodon":{"url":"https:\/\/pubeurope.com\/@fr\/114796446876790337","error":""},"_links":{"self":[{"href":"https:\/\/www.europesays.com\/fr\/wp-json\/wp\/v2\/posts\/226286","targetHints":{"allow":["GET"]}}],"collection":[{"href":"https:\/\/www.europesays.com\/fr\/wp-json\/wp\/v2\/posts"}],"about":[{"href":"https:\/\/www.europesays.com\/fr\/wp-json\/wp\/v2\/types\/post"}],"author":[{"embeddable":true,"href":"https:\/\/www.europesays.com\/fr\/wp-json\/wp\/v2\/users\/2"}],"replies":[{"embeddable":true,"href":"https:\/\/www.europesays.com\/fr\/wp-json\/wp\/v2\/comments?post=226286"}],"version-history":[{"count":0,"href":"https:\/\/www.europesays.com\/fr\/wp-json\/wp\/v2\/posts\/226286\/revisions"}],"wp:featuredmedia":[{"embeddable":true,"href":"https:\/\/www.europesays.com\/fr\/wp-json\/wp\/v2\/media\/226287"}],"wp:attachment":[{"href":"https:\/\/www.europesays.com\/fr\/wp-json\/wp\/v2\/media?parent=226286"}],"wp:term":[{"taxonomy":"category","embeddable":true,"href":"https:\/\/www.europesays.com\/fr\/wp-json\/wp\/v2\/categories?post=226286"},{"taxonomy":"post_tag","embeddable":true,"href":"https:\/\/www.europesays.com\/fr\/wp-json\/wp\/v2\/tags?post=226286"}],"curies":[{"name":"wp","href":"https:\/\/api.w.org\/{rel}","templated":true}]}}