{"id":226306,"date":"2025-07-04T18:55:10","date_gmt":"2025-07-04T18:55:10","guid":{"rendered":"https:\/\/www.europesays.com\/fr\/226306\/"},"modified":"2025-07-04T18:55:10","modified_gmt":"2025-07-04T18:55:10","slug":"une-nouvelle-vague-de-chaleur-arrive-tres-bientot-en-france-alors-que-la-canicule-actuelle-nest-meme-pas-terminee","status":"publish","type":"post","link":"https:\/\/www.europesays.com\/fr\/226306\/","title":{"rendered":"Une nouvelle vague de chaleur arrive (tr\u00e8s) bient\u00f4t en France alors que la canicule actuelle n&rsquo;est m\u00eame pas termin\u00e9e"},"content":{"rendered":"<p>Voil\u00e0 une information qui risque d&rsquo;en d\u00e9primer plus d&rsquo;un.\u00a0<\/p>\n<p>Une <strong>nouvelle vague de chaleur<\/strong> pourrait d\u00e9buter \u00ab\u00a0d\u00e8s le jeudi 10 juillet\u00a0\u00bb avec des temp\u00e9ratures \u00ab\u00a0sup\u00e9rieures \u00e0 30-35\u00b0C possibles sur la majorit\u00e9 du pays\u00a0\u00bb, indique <a href=\"https:\/\/actualite.lachainemeteo.com\/actualite-meteo\/2025-07-02\/canicule-les-fortes-chaleurs-pourraient-revenir-pour-le-week-end-du-14-juillet-79403\" target=\"_blank\" rel=\"noopener\">La Cha\u00eene M\u00e9t\u00e9o<\/a>.\u00a0<\/p>\n<p>Si les mod\u00e8les peuvent encore \u00e9voluer d&rsquo;ici l\u00e0, plusieurs m\u00e9t\u00e9orologues tablent sur cette \u00ab\u00a0hausse notable\u00a0\u00bb des valeurs \u00e0 l&rsquo;approche du <strong>week-end du 14 juillet<\/strong>, synonyme de d\u00e9part en vacances.\u00a0<\/p>\n<p>\u00ab\u00a0Est-ce que tout le monde est pr\u00eat pour la seconde vague de chaleur de l&rsquo;\u00e9t\u00e9?\u00a0\u00bb, \u00e9crit sur le r\u00e9seau social Bluesky Fran\u00e7ois Jobard, pr\u00e9visionniste chez M\u00e9t\u00e9o-France, en partageant une mod\u00e9lisation des temp\u00e9ratures \u00e9lev\u00e9es le dimanche 13 juillet.<\/p>\n<blockquote class=\"bluesky-embed\" data-bluesky-uri=\"at:\/\/did:plc:g6fv4huq3d3yqfmti6endjtz\/app.bsky.feed.post\/3lsyo4jwoms27\" data-bluesky-cid=\"bafyreifnhet5dcurf2nhk7a3p3bc4mr4rqm52ckb6hjjjmla7q7rwt7rbm\" data-bluesky-embed-color-mode=\"system\">\n<p lang=\"fr\">\ud83c\udf21Est-ce que tout le monde est pr\u00eat pour la seconde vague de chaleur de l&rsquo;\u00e9t\u00e9 pour le week-end du #14juillet ? \ud83c\uddeb\ud83c\uddf7&#13;<br \/>\n&#13;<br \/>\n(La premi\u00e8re vague n&rsquo;est pas encore termin\u00e9e mais elle avait \u00e9t\u00e9 vue pr\u00e8s de 2 semaines \u00e0 l&rsquo;avance par le mod\u00e8le par IA AIFS de @ecmwf.int )<\/p>\n<p><a href=\"https:\/\/bsky.app\/profile\/did:plc:g6fv4huq3d3yqfmti6endjtz\/post\/3lsyo4jwoms27?ref_src=embed\" target=\"_blank\" rel=\"noopener\">[image or embed]<\/a><\/p>\n<p>\u2014 Francois Jobard (<a href=\"https:\/\/bsky.app\/profile\/did:plc:g6fv4huq3d3yqfmti6endjtz?ref_src=embed\" target=\"_blank\" rel=\"noopener\">@francoisjobard.bsky.social<\/a>) <a href=\"https:\/\/bsky.app\/profile\/did:plc:g6fv4huq3d3yqfmti6endjtz\/post\/3lsyo4jwoms27?ref_src=embed\" target=\"_blank\" rel=\"noopener\">2 juillet 2025 \u00e0 18:47<\/a><\/p><\/blockquote>\n<p>                                <strong>Encore 38\u00b0C dans le Var ce week-end<\/strong><\/p>\n<p>Cette projection intervient alors que la canicule d\u00e9marr\u00e9e fin juin n&rsquo;est toujours pas termin\u00e9e dans le sud-est de la France. Il fera <a href=\"https:\/\/www.varmatin.com\/meteo\/la-vigilance-canicule-retrogradee-mais-jusqu-a-38c-voici-la-meteo-qui-vous-attend-ce-week-end-dans-le-var-992987\" target=\"_blank\" rel=\"noopener\">jusqu&rsquo;\u00e0 38\u00b0C ce week-end dans le Var<\/a>, qui repassera en vigilance jaune d\u00e8s 6h ce samedi, tout comme <a href=\"https:\/\/www.nicematin.com\/meteo\/vers-la-fin-de-la-canicule-mais-des-orages-la-meteo-s-annonce-compliquee-ce-week-end-dans-les-alpes-maritimes-992983\" target=\"_blank\" rel=\"noopener\">les Alpes-Maritimes<\/a>.\u00a0<\/p>\n<p>\u00ab\u00a0La tendance ult\u00e9rieure est une poursuite de la r\u00e9gression de la canicule, surtout \u00e0 partir de dimanche, et l&rsquo;ensemble des d\u00e9partements devraient revenir en vert \u00e0 partir de lundi 6h au plus tard\u00a0\u00bb, pr\u00e9cise M\u00e9t\u00e9o-France ce vendredi 4 juillet 2025 dans son dernier bulletin.<\/p>\n<p>La France vient de vivre\u00a0<strong>deux semaines<\/strong> d&rsquo;une vague de chaleur nationale, \u00ab\u00a0remarquable par sa dur\u00e9e\u00a0\u00bb et sa pr\u00e9cocit\u00e9, selon l&rsquo;organisme public.<\/p>\n<p>Cette canicule sur l&rsquo;ensemble de la m\u00e9tropole est la 50e depuis 1947, dont 33 ont eu lieu au XXIe si\u00e8cle, illustrant l&rsquo;augmentation de la fr\u00e9quence des fortes chaleurs \u00e0 cause de la combustion des \u00e9nergies fossiles dans le monde.<\/p>\n<p>Juin 2025 est le <a href=\"https:\/\/www.nicematin.com\/a\/992803\" target=\"_blank\" rel=\"noopener\">deuxi\u00e8me mois de juin le plus chaud depuis 1900<\/a>, derri\u00e8re juin 2003 dont l&rsquo;\u00e9t\u00e9 caniculaire est rest\u00e9 dans les m\u00e9moires, avec 15.000 d\u00e9c\u00e8s pr\u00e9matur\u00e9s attribu\u00e9s aux chaleurs extr\u00eames.<\/p>\n","protected":false},"excerpt":{"rendered":"Voil\u00e0 une information qui risque d&rsquo;en d\u00e9primer plus d&rsquo;un.\u00a0 Une nouvelle vague de chaleur pourrait d\u00e9buter \u00ab\u00a0d\u00e8s le&hellip;\n","protected":false},"author":2,"featured_media":226307,"comment_status":"","ping_status":"","sticky":false,"template":"","format":"standard","meta":{"footnotes":""},"categories":[4],"tags":[11,1129,1011,27,2487,12,25],"class_list":{"0":"post-226306","1":"post","2":"type-post","3":"status-publish","4":"format-standard","5":"has-post-thumbnail","7":"category-france","8":"tag-actualites","9":"tag-climat","10":"tag-fr","11":"tag-france","12":"tag-meteo","13":"tag-news","14":"tag-republique-francaise"},"share_on_mastodon":{"url":"https:\/\/pubeurope.com\/@fr\/114796489858094601","error":""},"_links":{"self":[{"href":"https:\/\/www.europesays.com\/fr\/wp-json\/wp\/v2\/posts\/226306","targetHints":{"allow":["GET"]}}],"collection":[{"href":"https:\/\/www.europesays.com\/fr\/wp-json\/wp\/v2\/posts"}],"about":[{"href":"https:\/\/www.europesays.com\/fr\/wp-json\/wp\/v2\/types\/post"}],"author":[{"embeddable":true,"href":"https:\/\/www.europesays.com\/fr\/wp-json\/wp\/v2\/users\/2"}],"replies":[{"embeddable":true,"href":"https:\/\/www.europesays.com\/fr\/wp-json\/wp\/v2\/comments?post=226306"}],"version-history":[{"count":0,"href":"https:\/\/www.europesays.com\/fr\/wp-json\/wp\/v2\/posts\/226306\/revisions"}],"wp:featuredmedia":[{"embeddable":true,"href":"https:\/\/www.europesays.com\/fr\/wp-json\/wp\/v2\/media\/226307"}],"wp:attachment":[{"href":"https:\/\/www.europesays.com\/fr\/wp-json\/wp\/v2\/media?parent=226306"}],"wp:term":[{"taxonomy":"category","embeddable":true,"href":"https:\/\/www.europesays.com\/fr\/wp-json\/wp\/v2\/categories?post=226306"},{"taxonomy":"post_tag","embeddable":true,"href":"https:\/\/www.europesays.com\/fr\/wp-json\/wp\/v2\/tags?post=226306"}],"curies":[{"name":"wp","href":"https:\/\/api.w.org\/{rel}","templated":true}]}}