{"id":226310,"date":"2025-07-04T18:57:14","date_gmt":"2025-07-04T18:57:14","guid":{"rendered":"https:\/\/www.europesays.com\/fr\/226310\/"},"modified":"2025-07-04T18:57:14","modified_gmt":"2025-07-04T18:57:14","slug":"ce-qui-vous-attend-pour-la-fete-du-livre","status":"publish","type":"post","link":"https:\/\/www.europesays.com\/fr\/226310\/","title":{"rendered":"ce qui vous attend pour la F\u00eate du livre"},"content":{"rendered":"<p>Avec 50\u00a0000 visiteurs attendus, la F\u00eate du livre revient dans les rues de Saint-\u00c9tienne du 10 au 12\u00a0octobre. D\u00e9dicaces, battle BD, dessins en direct sur les vitrines de commer\u00e7ants, bouquinistes, la formule reste la m\u00eame pour cette 39e \u00e9dition.<\/p>\n<p>  Une affiche entre hommage et actualit\u00e9<\/p>\n<p>L\u2019affiche de l\u2019\u00e9v\u00e8nement a \u00e9t\u00e9 d\u00e9voil\u00e9e ce vendredi 4\u00a0juillet.\u00a0Apr\u00e8s Deloupy et \u00c9ric Bourgier, c\u2019est au tour d\u2019un autre artiste local de proposer sa vision\u00a0: <a href=\"https:\/\/www.leprogres.fr\/culture-loisirs\/2025\/01\/07\/romain-lubiere-en-dedicace-aux-madeleines-de-proust-samedi\" target=\"_blank\" rel=\"noopener\">Romain Lubi\u00e8re<\/a>.<\/p>\n<p>Dans une illustration aux tons rouges et verts, une silhouette tient un livre. \u00c0 la place de sa t\u00eate se trouve un n\u00e9nuphar. \u00ab\u00a0C\u2019est l\u2019image de\u00a0la lecture qui nous permet de nous \u00e9panouir\u00a0\u00bb, explique l\u2019artiste.\u00a0Une affiche hommage \u00e0 la fois personnelle et li\u00e9e \u00e0 l\u2019histoire de la F\u00eate. \u00ab\u00a0J\u2019ai voulu faire un hommage \u00e0 Luk\u00e1\u0161 K\u00e1ndl, qui a fait les premi\u00e8res affiches de la F\u00eate du livre, d\u00e9taille Romain Lubi\u00e8re. Quand j\u2019\u00e9tais enfant, je les voyais dans les rues de Saint-\u00c9tienne et elles me fascinaient par leur design surr\u00e9aliste. Je pense qu\u2019il fait partie de ceux qui m\u2019ont inspir\u00e9 pour devenir dessinateur.\u00a0\u00bb<\/p>\n<p>Peut-\u00eatre donnera-t-il lui aussi envie \u00e0 des enfants st\u00e9phanois de se lancer dans une carri\u00e8re d\u2019illustrateur\u00a0? \u00ab\u00a0Ce serait chouette, je fais beaucoup d\u2019ateliers dans les \u00e9coles et dans chaque classe, il y a des enfants qui ont le go\u00fbt du dessin\u00a0\u00bb, assure Romain Lubi\u00e8re.<\/p>\n<p>  Place aux contes<\/p>\n<p>Cette ann\u00e9e, la marraine de l\u2019\u00e9v\u00e8nement est Agn\u00e8s Ledig, la romanci\u00e8re fran\u00e7aise. Apr\u00e8s une premi\u00e8re carri\u00e8re comme sage-femme, elle est devenue une autrice \u00e0 succ\u00e8s.<\/p>\n<p>Elle viendra pr\u00e9senter son dernier roman R\u00e9pondre \u00e0 la nuit, paru en janvier. \u00ab\u00a0Une ode \u00e0 la protection de la nature\u00a0\u00bb, met en avant Anna Jouchoux, la commissaire de la F\u00eate du livre.<\/p>\n<p>  100 b\u00e9n\u00e9voles mobilis\u00e9s<\/p>\n<p>De son c\u00f4t\u00e9, Benjamin Lacombe est le parrain des Mots en sc\u00e8ne, un festival dans la F\u00eate du livre, o\u00f9 sont transpos\u00e9es sur sc\u00e8ne les \u0153uvres litt\u00e9raires, en pr\u00e9sence des auteurs.<\/p>\n<p>Benjamin Lacombe est un illustrateur et auteur de bandes dessin\u00e9es, qui a travaill\u00e9 sur plusieurs ouvrages autour des contes. Son style peut faire penser \u00e0 l\u2019univers <a href=\"https:\/\/www.leprogres.fr\/culture-loisirs\/2024\/09\/06\/je-n-avais-jamais-vecu-ca-decourage-du-cinema-tim-burton-s-est-remotive-grace-au-festival-lumiere\" target=\"_blank\" rel=\"noopener\">du cin\u00e9aste Tim Burton<\/a> : des personnages avec de grands yeux et un dessin \u00e0 la fois mignon et inqui\u00e9tant. Une exposition de son travail sera organis\u00e9e dans le hall de l\u2019h\u00f4tel de ville, d\u00e8s le 8\u00a0octobre.<\/p>\n<p>Le choix de ce parrain correspond \u00e0 l\u2019axe de cette F\u00eate du livre\u00a0: la modernisation des contes. \u00ab\u00a0On avait envie de rendre hommage \u00e0 nos traditions, tout en s&rsquo;interrogeant\u00a0: est-ce que les messages port\u00e9s par les contes sont toujours d\u2019actualit\u00e9\u00a0?\u00a0\u00bb, d\u00e9taille Anna Jouchoux.<\/p>\n<p>Pour cette 39e \u00e9dition, la F\u00eate du livre comptera 180 auteurs, 10\u00a0maisons d\u2019\u00e9dition et 100 b\u00e9n\u00e9voles mobilis\u00e9s.<\/p>\n","protected":false},"excerpt":{"rendered":"Avec 50\u00a0000 visiteurs attendus, la F\u00eate du livre revient dans les rues de Saint-\u00c9tienne du 10 au 12\u00a0octobre.&hellip;\n","protected":false},"author":2,"featured_media":226311,"comment_status":"","ping_status":"","sticky":false,"template":"","format":"standard","meta":{"footnotes":""},"categories":[9653],"tags":[1111,11,2430,6211,1687,7539,1777,674,3326,1685,1011,27,2410,12,5486,25,4001,7538],"class_list":{"0":"post-226310","1":"post","2":"type-post","3":"status-publish","4":"format-standard","5":"has-post-thumbnail","7":"category-saint-etienne","8":"tag-actu","9":"tag-actualites","10":"tag-auvergne-rhone-alpes","11":"tag-conference","12":"tag-culture-loisirs","13":"tag-edition-loire-sud","14":"tag-eu","15":"tag-europe","16":"tag-fete-locale","17":"tag-foire-et-salon","18":"tag-fr","19":"tag-france","20":"tag-livres-bd","21":"tag-news","22":"tag-rencontre","23":"tag-republique-francaise","24":"tag-saint-etienne","25":"tag-saint-etienne-ville"},"share_on_mastodon":{"url":"https:\/\/pubeurope.com\/@fr\/114796497728080001","error":""},"_links":{"self":[{"href":"https:\/\/www.europesays.com\/fr\/wp-json\/wp\/v2\/posts\/226310","targetHints":{"allow":["GET"]}}],"collection":[{"href":"https:\/\/www.europesays.com\/fr\/wp-json\/wp\/v2\/posts"}],"about":[{"href":"https:\/\/www.europesays.com\/fr\/wp-json\/wp\/v2\/types\/post"}],"author":[{"embeddable":true,"href":"https:\/\/www.europesays.com\/fr\/wp-json\/wp\/v2\/users\/2"}],"replies":[{"embeddable":true,"href":"https:\/\/www.europesays.com\/fr\/wp-json\/wp\/v2\/comments?post=226310"}],"version-history":[{"count":0,"href":"https:\/\/www.europesays.com\/fr\/wp-json\/wp\/v2\/posts\/226310\/revisions"}],"wp:featuredmedia":[{"embeddable":true,"href":"https:\/\/www.europesays.com\/fr\/wp-json\/wp\/v2\/media\/226311"}],"wp:attachment":[{"href":"https:\/\/www.europesays.com\/fr\/wp-json\/wp\/v2\/media?parent=226310"}],"wp:term":[{"taxonomy":"category","embeddable":true,"href":"https:\/\/www.europesays.com\/fr\/wp-json\/wp\/v2\/categories?post=226310"},{"taxonomy":"post_tag","embeddable":true,"href":"https:\/\/www.europesays.com\/fr\/wp-json\/wp\/v2\/tags?post=226310"}],"curies":[{"name":"wp","href":"https:\/\/api.w.org\/{rel}","templated":true}]}}