{"id":226312,"date":"2025-07-04T18:58:11","date_gmt":"2025-07-04T18:58:11","guid":{"rendered":"https:\/\/www.europesays.com\/fr\/226312\/"},"modified":"2025-07-04T18:58:11","modified_gmt":"2025-07-04T18:58:11","slug":"saint-etienne-une-brouette-a-voir-a-la-biennale-design","status":"publish","type":"post","link":"https:\/\/www.europesays.com\/fr\/226312\/","title":{"rendered":"Saint-\u00c9tienne. Une brouette \u00e0 voir \u00e0 la Biennale design"},"content":{"rendered":"<p>Elle a roul\u00e9 dans les rues de la ville. De la rue de l\u2019Apprentissage, o\u00f9 elle a \u00e9t\u00e9 con\u00e7ue, jusqu\u2019\u00e0 la Cit\u00e9 du design, une brouette en bois plus vraie que nature s\u2019est ensuite install\u00e9e au c\u0153ur de l\u2019exposition Le Droit de r\u00eaver.<\/p>\n<p>Elle est le fruit d\u2019un travail commun entre quatre \u00e9l\u00e8ves en menuiserie du CFA BTP Loire et deux en master ACDC espace de l\u2019Esad, l\u2019\u00c9cole sup\u00e9rieure d\u2019Art et Design. Et, auparavant, de la rencontre entre leurs professeures, Marion Zelnik et \u00c9milie Perotto.<\/p>\n<p>\u00ab\u00a0Nous avons d\u00e9cid\u00e9 de travailler ensemble sur&#8230;<\/p>\n","protected":false},"excerpt":{"rendered":"Elle a roul\u00e9 dans les rues de la ville. De la rue de l\u2019Apprentissage, o\u00f9 elle a \u00e9t\u00e9&hellip;\n","protected":false},"author":2,"featured_media":226313,"comment_status":"","ping_status":"","sticky":false,"template":"","format":"standard","meta":{"footnotes":""},"categories":[9653],"tags":[1111,11,2430,1687,7539,1777,674,2271,1011,27,12,25,4001,7538],"class_list":{"0":"post-226312","1":"post","2":"type-post","3":"status-publish","4":"format-standard","5":"has-post-thumbnail","7":"category-saint-etienne","8":"tag-actu","9":"tag-actualites","10":"tag-auvergne-rhone-alpes","11":"tag-culture-loisirs","12":"tag-edition-loire-sud","13":"tag-eu","14":"tag-europe","15":"tag-exposition-arts-plastiques","16":"tag-fr","17":"tag-france","18":"tag-news","19":"tag-republique-francaise","20":"tag-saint-etienne","21":"tag-saint-etienne-ville"},"share_on_mastodon":{"url":"https:\/\/pubeurope.com\/@fr\/114796501742853582","error":""},"_links":{"self":[{"href":"https:\/\/www.europesays.com\/fr\/wp-json\/wp\/v2\/posts\/226312","targetHints":{"allow":["GET"]}}],"collection":[{"href":"https:\/\/www.europesays.com\/fr\/wp-json\/wp\/v2\/posts"}],"about":[{"href":"https:\/\/www.europesays.com\/fr\/wp-json\/wp\/v2\/types\/post"}],"author":[{"embeddable":true,"href":"https:\/\/www.europesays.com\/fr\/wp-json\/wp\/v2\/users\/2"}],"replies":[{"embeddable":true,"href":"https:\/\/www.europesays.com\/fr\/wp-json\/wp\/v2\/comments?post=226312"}],"version-history":[{"count":0,"href":"https:\/\/www.europesays.com\/fr\/wp-json\/wp\/v2\/posts\/226312\/revisions"}],"wp:featuredmedia":[{"embeddable":true,"href":"https:\/\/www.europesays.com\/fr\/wp-json\/wp\/v2\/media\/226313"}],"wp:attachment":[{"href":"https:\/\/www.europesays.com\/fr\/wp-json\/wp\/v2\/media?parent=226312"}],"wp:term":[{"taxonomy":"category","embeddable":true,"href":"https:\/\/www.europesays.com\/fr\/wp-json\/wp\/v2\/categories?post=226312"},{"taxonomy":"post_tag","embeddable":true,"href":"https:\/\/www.europesays.com\/fr\/wp-json\/wp\/v2\/tags?post=226312"}],"curies":[{"name":"wp","href":"https:\/\/api.w.org\/{rel}","templated":true}]}}