{"id":226314,"date":"2025-07-04T18:59:11","date_gmt":"2025-07-04T18:59:11","guid":{"rendered":"https:\/\/www.europesays.com\/fr\/226314\/"},"modified":"2025-07-04T18:59:11","modified_gmt":"2025-07-04T18:59:11","slug":"le-premier-jour-du-reste-de-leur-vie","status":"publish","type":"post","link":"https:\/\/www.europesays.com\/fr\/226314\/","title":{"rendered":"le premier jour du reste de leur vie"},"content":{"rendered":"<p>Quand bien m\u00eame la plateforme num\u00e9rique Cyclades assure aussi la promulgation des r\u00e9sultats en temps r\u00e9el, les \u00e9l\u00e8ves de terminale tiennent, encore \u00e0 retrouver leur nom sur papier. <\/p>\n<p>La force du rite prenait forme au travers d\u2019attroupements devant les grilles des lyc\u00e9es de Nancy autour de midi, une demi-heure avant que ne s\u2019affichent les r\u00e9sultats d\u2019admission. \u00ab \u00c0 l\u2019ancienne. C\u2019est surtout l\u2019occasion de vivre l\u2019instant ensemble, c\u2019est notre dernier passage au lyc\u00e9e \u00bb affirme Vojin, avec l\u2019espoir de d\u00e9crocher une mention.<\/p>\n<p>Il quitte la place Dombasle pour rejoindre, en face, <a href=\"https:\/\/www.estrepublicain.fr\/culture-loisirs\/2024\/03\/24\/savez-vous-sur-quoi-est-bati-le-lycee-poincare\" target=\"_blank\" rel=\"noopener\">le lyc\u00e9e Henri-Poincar\u00e9<\/a>. Signe que l\u2019instant est connu de tous, le conducteur de la ligne 11, l\u00e2che un sourire complice au passage du cort\u00e8ge sur le passage pi\u00e9ton. \u00ab Mes parents stressent plus que moi \u00bb l\u00e2che Lilou, intim\u00e9e de leur offrir, par t\u00e9l\u00e9phone, la primeur des r\u00e9sultats. St\u00e9phane et Sylvie ont souhait\u00e9 \u00eatre&#8230;<\/p>\n","protected":false},"excerpt":{"rendered":"Quand bien m\u00eame la plateforme num\u00e9rique Cyclades assure aussi la promulgation des r\u00e9sultats en temps r\u00e9el, les \u00e9l\u00e8ves&hellip;\n","protected":false},"author":2,"featured_media":226315,"comment_status":"","ping_status":"","sticky":false,"template":"","format":"standard","meta":{"footnotes":""},"categories":[9635],"tags":[1111,11,3599,1707,1704,1706,1705,1057,4854,1777,674,1011,27,775,3457,1702,1703,12,25],"class_list":{"0":"post-226314","1":"post","2":"type-post","3":"status-publish","4":"format-standard","5":"has-post-thumbnail","7":"category-nancy","8":"tag-actu","9":"tag-actualites","10":"tag-college-lycee","11":"tag-edition-luneville","12":"tag-edition-nancy-et-agglomeration","13":"tag-edition-pont-a-mousson","14":"tag-edition-toul","15":"tag-education","16":"tag-enseignement-superieur","17":"tag-eu","18":"tag-europe","19":"tag-fr","20":"tag-france","21":"tag-grand-est","22":"tag-meurthe-et-moselle","23":"tag-nancy","24":"tag-nancy-ville-54b","25":"tag-news","26":"tag-republique-francaise"},"share_on_mastodon":{"url":"https:\/\/pubeurope.com\/@fr\/114796505574584719","error":""},"_links":{"self":[{"href":"https:\/\/www.europesays.com\/fr\/wp-json\/wp\/v2\/posts\/226314","targetHints":{"allow":["GET"]}}],"collection":[{"href":"https:\/\/www.europesays.com\/fr\/wp-json\/wp\/v2\/posts"}],"about":[{"href":"https:\/\/www.europesays.com\/fr\/wp-json\/wp\/v2\/types\/post"}],"author":[{"embeddable":true,"href":"https:\/\/www.europesays.com\/fr\/wp-json\/wp\/v2\/users\/2"}],"replies":[{"embeddable":true,"href":"https:\/\/www.europesays.com\/fr\/wp-json\/wp\/v2\/comments?post=226314"}],"version-history":[{"count":0,"href":"https:\/\/www.europesays.com\/fr\/wp-json\/wp\/v2\/posts\/226314\/revisions"}],"wp:featuredmedia":[{"embeddable":true,"href":"https:\/\/www.europesays.com\/fr\/wp-json\/wp\/v2\/media\/226315"}],"wp:attachment":[{"href":"https:\/\/www.europesays.com\/fr\/wp-json\/wp\/v2\/media?parent=226314"}],"wp:term":[{"taxonomy":"category","embeddable":true,"href":"https:\/\/www.europesays.com\/fr\/wp-json\/wp\/v2\/categories?post=226314"},{"taxonomy":"post_tag","embeddable":true,"href":"https:\/\/www.europesays.com\/fr\/wp-json\/wp\/v2\/tags?post=226314"}],"curies":[{"name":"wp","href":"https:\/\/api.w.org\/{rel}","templated":true}]}}