{"id":226318,"date":"2025-07-04T19:01:10","date_gmt":"2025-07-04T19:01:10","guid":{"rendered":"https:\/\/www.europesays.com\/fr\/226318\/"},"modified":"2025-07-04T19:01:10","modified_gmt":"2025-07-04T19:01:10","slug":"cecile-bass-declaree-ineligible-par-le-tribunal-administratif-a-la-seyne","status":"publish","type":"post","link":"https:\/\/www.europesays.com\/fr\/226318\/","title":{"rendered":"C\u00e9cile Bass d\u00e9clar\u00e9e in\u00e9ligible par le tribunal administratif \u00e0 La Seyne"},"content":{"rendered":"<p>Apr\u00e8s la d\u00e9cision de la Ville, puis celle du juge des r\u00e9f\u00e9r\u00e9s, le tribunal administratif a, lui aussi, estim\u00e9 que la municipalit\u00e9 avait pris la bonne d\u00e9cision en consid\u00e9rant que C\u00e9cile Bass ne pouvait pas si\u00e9ger au conseil municipal en raison de sa situation statutaire.<\/p>\n<p>Motif: celle qui aurait d\u00fb remplacer num\u00e9riquement Nathalie Bicais, en tant que suivante de liste, a \u00e9t\u00e9 consid\u00e9r\u00e9e comme \u00e9tant toujours employ\u00e9e municipale (cantini\u00e8re) au moment de l\u2019\u00e9lection du nouveau maire, le 27 mai.<\/p>\n<p>Et ce, m\u00eame si elle avait d\u00e9missionn\u00e9 de ses fonctions huit jours plus t\u00f4t, le 19 mai.<\/p>\n<p>Contestant la premi\u00e8re d\u00e9cision rendue le 25 mai par le juge des r\u00e9f\u00e9r\u00e9s (saisi par C\u00e9cile Bass), Damien Guttierez et S\u00e9bastien Gioia, deux \u00e9lus d\u2019opposition proches de Jean-Pierre Colin, avaient d\u00e9pos\u00e9 un recours devant la justice administrative.<\/p>\n<p>Apr\u00e8s l\u2019audience tenue la semaine derni\u00e8re, le jugement est tomb\u00e9 jeudi soir.<\/p>\n<p>\u00ab\u00a0Toujours salari\u00e9e de la commune\u00a0\u00bb<\/p>\n<p>Dans ses conclusions, le tribunal rappelle que la loi stipule que \u00ab\u00a0les agents salari\u00e9s communaux ne peuvent \u00eatre \u00e9lus au conseil municipal de la commune qui les emploie\u00a0\u00bb.<\/p>\n<p>Il est rappel\u00e9 aussi que l\u2019agent qui pr\u00e9sente sa d\u00e9mission doit \u00ab\u00a0respecter un pr\u00e9avis de deux mois quand son anciennet\u00e9 de service est \u00e9gale ou sup\u00e9rieure \u00e0 deux ans\u00a0\u00bb. <\/p>\n<p>Or la commune avait refus\u00e9 de dispenser C\u00e9cile Bass du respect de son pr\u00e9avis, consid\u00e9rant qu\u2019elle restait employ\u00e9e de la commune jusqu\u2019au terme de celui-ci (le 19 juillet).<\/p>\n<p>Et m\u00eame si Mme Bass n\u2019a pas repris son poste apr\u00e8s avoir envoy\u00e9 sa d\u00e9mission, renon\u00e7ant \u00e0 faire son pr\u00e9avis (et cessant donc d\u2019\u00eatre r\u00e9mun\u00e9r\u00e9e \u00e0 partir du 20 mai), le tribunal estime que cela \u00ab\u00a0n\u2019est pas de nature \u00e0 permettre de la regarder comme n\u2019ayant plus \u00e9t\u00e9 employ\u00e9e par la mairie\u00a0\u00bb huit jours plus tard, lors de l\u2019\u00e9lection du maire.<\/p>\n<p>En cons\u00e9quence: \u00ab\u00a0Au 27 mai, date \u00e0 laquelle la composition du conseil municipal a \u00e9t\u00e9 \u00e9tablie, Mme Bass \u00e9tait toujours agente salari\u00e9e de la commune, et donc in\u00e9ligible en qualit\u00e9 de conseill\u00e8re municipale.\u00a0\u00bb<\/p>\n<p>Vers un pourvoi en cassation<\/p>\n<p>A la lecture du jugement, C\u00e9cile Bass fait part de son \u00ab\u00a0incompr\u00e9hension totale\u00a0\u00bb: \u00ab\u00a0J\u2019ai fait toutes les d\u00e9marches n\u00e9cessaires pour \u00eatre \u00e9ligible apr\u00e8s que la Ville m\u2019a contact\u00e9e pour me demander si j\u2019acceptais d\u2019int\u00e9grer le conseil municipal en tant que suivante sur la liste. J\u2019avais accept\u00e9 et j\u2019avais de suite d\u00e9missionn\u00e9 de mon poste. Mais dans la foul\u00e9e, poursuit-elle, la Ville m\u2019a fait savoir que ma situation \u00e9tait incompatible pour si\u00e9ger. Pourtant, j\u2019ai agi en conformit\u00e9, et si on ne m\u2019avait rien demand\u00e9, j\u2019exercerais toujours l\u2019emploi contractuel que j\u2019occupais depuis 2017.\u00a0\u00bb<\/p>\n<p>M\u00eame tonalit\u00e9 pour le requ\u00e9rant Damien Guttierez: \u00ab\u00a0Madame Bass, qui avait d\u00e9missionn\u00e9 pour pouvoir si\u00e9ger et n&rsquo;a plus per\u00e7u un seul euro de salaire apr\u00e8s sa d\u00e9mission, a \u00e9t\u00e9 quand m\u00eame consid\u00e9r\u00e9e comme in\u00e9ligible alors qu&rsquo;elle s&rsquo;appr\u00eatait \u00e0 voter pour un candidat (Jean-Pierre Colin, Ndlr) non choisi par l&rsquo;ancienne maire. On a vu l&rsquo;int\u00e9r\u00eat de l&rsquo;\u00e9carter pour le r\u00e9sultat que l&rsquo;on conna\u00eet. Cette question m\u00e9rite d&rsquo;\u00eatre r\u00e9examin\u00e9e tranquillement. C\u2019est la raison pour laquelle je vais former un pourvoi en cassation devant le Conseil d\u2019Etat\u00a0\u00bb.<\/p>\n","protected":false},"excerpt":{"rendered":"Apr\u00e8s la d\u00e9cision de la Ville, puis celle du juge des r\u00e9f\u00e9r\u00e9s, le tribunal administratif a, lui aussi,&hellip;\n","protected":false},"author":2,"featured_media":226319,"comment_status":"","ping_status":"","sticky":false,"template":"","format":"standard","meta":{"footnotes":""},"categories":[9619],"tags":[1111,11,1777,674,1011,27,12,882,25,2310,3366],"class_list":{"0":"post-226318","1":"post","2":"type-post","3":"status-publish","4":"format-standard","5":"has-post-thumbnail","7":"category-toulon","8":"tag-actu","9":"tag-actualites","10":"tag-eu","11":"tag-europe","12":"tag-fr","13":"tag-france","14":"tag-news","15":"tag-provence-alpes-cote-dazur","16":"tag-republique-francaise","17":"tag-toulon","18":"tag-vie-locale"},"share_on_mastodon":{"url":"https:\/\/pubeurope.com\/@fr\/114796513425858957","error":""},"_links":{"self":[{"href":"https:\/\/www.europesays.com\/fr\/wp-json\/wp\/v2\/posts\/226318","targetHints":{"allow":["GET"]}}],"collection":[{"href":"https:\/\/www.europesays.com\/fr\/wp-json\/wp\/v2\/posts"}],"about":[{"href":"https:\/\/www.europesays.com\/fr\/wp-json\/wp\/v2\/types\/post"}],"author":[{"embeddable":true,"href":"https:\/\/www.europesays.com\/fr\/wp-json\/wp\/v2\/users\/2"}],"replies":[{"embeddable":true,"href":"https:\/\/www.europesays.com\/fr\/wp-json\/wp\/v2\/comments?post=226318"}],"version-history":[{"count":0,"href":"https:\/\/www.europesays.com\/fr\/wp-json\/wp\/v2\/posts\/226318\/revisions"}],"wp:featuredmedia":[{"embeddable":true,"href":"https:\/\/www.europesays.com\/fr\/wp-json\/wp\/v2\/media\/226319"}],"wp:attachment":[{"href":"https:\/\/www.europesays.com\/fr\/wp-json\/wp\/v2\/media?parent=226318"}],"wp:term":[{"taxonomy":"category","embeddable":true,"href":"https:\/\/www.europesays.com\/fr\/wp-json\/wp\/v2\/categories?post=226318"},{"taxonomy":"post_tag","embeddable":true,"href":"https:\/\/www.europesays.com\/fr\/wp-json\/wp\/v2\/tags?post=226318"}],"curies":[{"name":"wp","href":"https:\/\/api.w.org\/{rel}","templated":true}]}}