{"id":226320,"date":"2025-07-04T19:02:12","date_gmt":"2025-07-04T19:02:12","guid":{"rendered":"https:\/\/www.europesays.com\/fr\/226320\/"},"modified":"2025-07-04T19:02:12","modified_gmt":"2025-07-04T19:02:12","slug":"basket-bensley-joseph-la-bonne-pioche-dhyeres-toulon","status":"publish","type":"post","link":"https:\/\/www.europesays.com\/fr\/226320\/","title":{"rendered":"Basket: Bensley Joseph, la bonne pioche d\u2019Hy\u00e8res-Toulon?"},"content":{"rendered":"<p>Hy\u00e8res-Toulon a annonc\u00e9 ce vendredi avoir recrut\u00e9 Bensley Joseph. Ce combo guard (poste 1-2) de 23 ans (1,83m) a un vrai potentiel, puisqu\u2019il sort d\u2019un cursus universitaire plus que prometteur aux \u00c9tats-Unis.<\/p>\n<p>Il a d\u2019abord pass\u00e9 trois saisons aux Miami Hurricanes, avec qui il a atteint le final four de la NCAA en 2023, inscrivant huit points lors d\u2019une demi-finale perdue contre l\u2019universit\u00e9 du Connecticut.<\/p>\n<p>En 2024-2025, ce porteur de balle \u00e9voluait avec les Providence Friars, dont il \u00e9tait le joueur phare: il tournait \u00e0 13,6 points, 4,1 rebonds et 3,2 passes de moyenne (pour 13,3 d\u2019\u00e9valuation).<\/p>\n<p>Cinqui\u00e8me et derni\u00e8re recrue<\/p>\n<p>Il vient donc au HTV pour lancer sa carri\u00e8re professionnelle en Europe. \u00ab\u00a0C\u2019est un dossier qui a pris trois mois\u00a0\u00bb, souffle le manager g\u00e9n\u00e9ral, William Dumas, ravi de cette trouvaille.<\/p>\n<p>Pr\u00e9sent\u00e9 comme un meneur complet, fiable \u00e0 3-points, capable d\u2019attaquer le panier et d\u00e9fenseur reconnu, Bensley Joseph sera toutefois utilis\u00e9 en priorit\u00e9 comme poste 2 au HTV.<\/p>\n<p>N\u00e9 \u00e0 Miami, il a grandi \u00e0 Boston, dans l\u2019\u00c9tat am\u00e9ricain du Massachusetts. Mais de par les origines de sa m\u00e8re, il poss\u00e8de un passeport ha\u00eftien, ce qui en fait un joueur \u00ab\u00a0Cotonou\u00a0\u00bb.<\/p>\n<p>Joseph est la cinqui\u00e8me et derni\u00e8re recrue de l\u2019intersaison apr\u00e8s Ikenna Ndugba, Jito Kok, Elwin Ndjock et Victor Diallo.<\/p>\n","protected":false},"excerpt":{"rendered":"Hy\u00e8res-Toulon a annonc\u00e9 ce vendredi avoir recrut\u00e9 Bensley Joseph. Ce combo guard (poste 1-2) de 23 ans (1,83m)&hellip;\n","protected":false},"author":2,"featured_media":226321,"comment_status":"","ping_status":"","sticky":false,"template":"","format":"standard","meta":{"footnotes":""},"categories":[9619],"tags":[1111,11,1465,1777,674,1011,27,12,882,25,60,2310],"class_list":{"0":"post-226320","1":"post","2":"type-post","3":"status-publish","4":"format-standard","5":"has-post-thumbnail","7":"category-toulon","8":"tag-actu","9":"tag-actualites","10":"tag-basket","11":"tag-eu","12":"tag-europe","13":"tag-fr","14":"tag-france","15":"tag-news","16":"tag-provence-alpes-cote-dazur","17":"tag-republique-francaise","18":"tag-sports","19":"tag-toulon"},"share_on_mastodon":{"url":"https:\/\/pubeurope.com\/@fr\/114796517324514731","error":""},"_links":{"self":[{"href":"https:\/\/www.europesays.com\/fr\/wp-json\/wp\/v2\/posts\/226320","targetHints":{"allow":["GET"]}}],"collection":[{"href":"https:\/\/www.europesays.com\/fr\/wp-json\/wp\/v2\/posts"}],"about":[{"href":"https:\/\/www.europesays.com\/fr\/wp-json\/wp\/v2\/types\/post"}],"author":[{"embeddable":true,"href":"https:\/\/www.europesays.com\/fr\/wp-json\/wp\/v2\/users\/2"}],"replies":[{"embeddable":true,"href":"https:\/\/www.europesays.com\/fr\/wp-json\/wp\/v2\/comments?post=226320"}],"version-history":[{"count":0,"href":"https:\/\/www.europesays.com\/fr\/wp-json\/wp\/v2\/posts\/226320\/revisions"}],"wp:featuredmedia":[{"embeddable":true,"href":"https:\/\/www.europesays.com\/fr\/wp-json\/wp\/v2\/media\/226321"}],"wp:attachment":[{"href":"https:\/\/www.europesays.com\/fr\/wp-json\/wp\/v2\/media?parent=226320"}],"wp:term":[{"taxonomy":"category","embeddable":true,"href":"https:\/\/www.europesays.com\/fr\/wp-json\/wp\/v2\/categories?post=226320"},{"taxonomy":"post_tag","embeddable":true,"href":"https:\/\/www.europesays.com\/fr\/wp-json\/wp\/v2\/tags?post=226320"}],"curies":[{"name":"wp","href":"https:\/\/api.w.org\/{rel}","templated":true}]}}